{"id":76701,"date":"2025-09-24T12:45:14","date_gmt":"2025-09-24T15:45:14","guid":{"rendered":"https:\/\/www.crossprensa.com.ar\/news\/?p=76701"},"modified":"2025-09-24T14:55:32","modified_gmt":"2025-09-24T17:55:32","slug":"mundial-de-supercross-confirmado-en-argentina-video","status":"publish","type":"post","link":"https:\/\/www.crossprensa.com.ar\/news\/mundial-de-supercross-confirmado-en-argentina-video\/wsx\/","title":{"rendered":"MUNDIAL DE SUPERCROSS: CONFIRMADO EN ARGENTINA!"},"content":{"rendered":"<p>La espera termin\u00f3 por fin, y tal como les hab\u00edamos <strong><a href=\"https:\/\/www.crossprensa.com.ar\/news\/confirmado-campeonato-mundial-de-supercross-en-argentina-2025\/wsx\/\">anticipado el 4 de Diciembre del a\u00f1o pasado<\/a><\/strong>, los mejores del WSX estar\u00e1n por primera vez en Argentina. Ser\u00e1n 5 pa\u00edses en 5 continentes los que van a recibir este espect\u00e1culo grandioso, y tenemos el enorme privilegio de que Argentina y Buenos Aires, hayan sido elegidos.<\/p>\n<p>De paso, se acuerdan cuando les dije si se imaginaban a Roczan en Bs. As. con el obelisco de fondo? Bueno, es para que recuerden DONDE LO VIERON PRIMERO&#8230;.<\/p>\n<p><!--more--><\/p>\n<p>Para esta carrera, la organizaci\u00f3n tiene previsto y ya proyectada la construcci\u00f3n de un estadio dentro del predio del Aut\u00f3dromo de la ciudad de Bs. As. llamado Oscar y Alfredo G\u00e1lvez, que tendr\u00e1 una capacidad de +13.000 personas. Y sinceramente creo que les va a quedar chico&#8230;<\/p>\n<p><img fetchpriority=\"high\" decoding=\"async\" class=\"alignnone size-full wp-image-75909\" src=\"https:\/\/www.crossprensa.com.ar\/news\/wp-content\/uploads\/2025\/04\/wwracing.gif\" alt=\"\" width=\"1200\" height=\"100\" \/><\/p>\n<p>Y las entradas a la venta salen en pocos d\u00edas m\u00e1s, y lo estaremos informando como corresponde, as\u00ed que CALMEN LA ANSIEDAD POR FAVOR!<\/p>\n<p>&nbsp;<\/p>\n<p>&nbsp;<\/p>\n<p><a href=\"https:\/\/motos.honda.com.ar\/\"><img decoding=\"async\" class=\"alignnone wp-image-76574 size-full\" src=\"https:\/\/www.crossprensa.com.ar\/news\/wp-content\/uploads\/2025\/05\/1200x100px.gif\" alt=\"\" width=\"1200\" height=\"100\" \/><\/a><\/p>\n<p><a href=\"https:\/\/www.instagram.com\/cassano.automobili\/\"><img decoding=\"async\" class=\"alignnone wp-image-76510 size-full\" src=\"https:\/\/www.crossprensa.com.ar\/news\/wp-content\/uploads\/2025\/05\/cassano.jpg\" alt=\"\" width=\"2104\" height=\"227\" \/><\/a><\/p>\n<p><img loading=\"lazy\" decoding=\"async\" class=\"alignnone size-full wp-image-76702\" src=\"https:\/\/www.crossprensa.com.ar\/news\/wp-content\/uploads\/2025\/06\/c0712ee8-fb2e-46ed-8e9d-bd3d86b6dbbe.gif\" alt=\"\" width=\"1200\" height=\"1499\" \/><\/p>\n<p><a href=\"https:\/\/www.instagram.com\/foxracingargentina\/\"><img loading=\"lazy\" decoding=\"async\" class=\"alignnone wp-image-76513 size-full\" src=\"https:\/\/www.crossprensa.com.ar\/news\/wp-content\/uploads\/2025\/05\/fox-scaled.jpg\" alt=\"\" width=\"2560\" height=\"234\" \/><\/a><\/p>\n<p><a href=\"https:\/\/www.instagram.com\/kawasaki.argentina\/\"><img loading=\"lazy\" decoding=\"async\" class=\"alignnone wp-image-76526 size-full\" src=\"https:\/\/www.crossprensa.com.ar\/news\/wp-content\/uploads\/2025\/05\/Banner-Kawasaki-Klx450-1200x100px-1.gif\" alt=\"\" width=\"1200\" height=\"100\" \/><\/a><\/p>\n<p><a href=\"https:\/\/www.instagram.com\/ktmargentina\/\"><img loading=\"lazy\" decoding=\"async\" class=\"alignnone wp-image-76520 size-full\" src=\"https:\/\/www.crossprensa.com.ar\/news\/wp-content\/uploads\/2025\/05\/ktm-1.jpg\" alt=\"\" width=\"1598\" height=\"174\" \/><\/a><\/p>\n<p><iframe title=\"2025 World Supercross Championship Calendar | 5 Rounds. 5 Continents. 1 Champion\" width=\"640\" height=\"360\" src=\"https:\/\/www.youtube.com\/embed\/VIfcQHEJTt8?feature=oembed\" frameborder=\"0\" allow=\"accelerometer; autoplay; clipboard-write; encrypted-media; gyroscope; picture-in-picture; web-share\" referrerpolicy=\"strict-origin-when-cross-origin\" allowfullscreen><\/iframe><\/p>\n","protected":false},"excerpt":{"rendered":"<p>La espera termin\u00f3 por fin, y tal como les hab\u00edamos anticipado el 4 de Diciembre&#8230;<\/p>\n","protected":false},"author":2,"featured_media":76705,"comment_status":"open","ping_status":"closed","sticky":false,"template":"","format":"standard","meta":{"om_disable_all_campaigns":false,"_monsterinsights_skip_tracking":false,"_monsterinsights_sitenote_active":false,"_monsterinsights_sitenote_note":"","_monsterinsights_sitenote_category":0,"_uf_show_specific_survey":0,"_uf_disable_surveys":false,"footnotes":""},"categories":[118],"tags":[],"class_list":["post-76701","post","type-post","status-publish","format-standard","has-post-thumbnail","hentry","category-wsx"],"aioseo_notices":[],"_links":{"self":[{"href":"https:\/\/www.crossprensa.com.ar\/news\/wp-json\/wp\/v2\/posts\/76701","targetHints":{"allow":["GET"]}}],"collection":[{"href":"https:\/\/www.crossprensa.com.ar\/news\/wp-json\/wp\/v2\/posts"}],"about":[{"href":"https:\/\/www.crossprensa.com.ar\/news\/wp-json\/wp\/v2\/types\/post"}],"author":[{"embeddable":true,"href":"https:\/\/www.crossprensa.com.ar\/news\/wp-json\/wp\/v2\/users\/2"}],"replies":[{"embeddable":true,"href":"https:\/\/www.crossprensa.com.ar\/news\/wp-json\/wp\/v2\/comments?post=76701"}],"version-history":[{"count":8,"href":"https:\/\/www.crossprensa.com.ar\/news\/wp-json\/wp\/v2\/posts\/76701\/revisions"}],"predecessor-version":[{"id":78017,"href":"https:\/\/www.crossprensa.com.ar\/news\/wp-json\/wp\/v2\/posts\/76701\/revisions\/78017"}],"wp:featuredmedia":[{"embeddable":true,"href":"https:\/\/www.crossprensa.com.ar\/news\/wp-json\/wp\/v2\/media\/76705"}],"wp:attachment":[{"href":"https:\/\/www.crossprensa.com.ar\/news\/wp-json\/wp\/v2\/media?parent=76701"}],"wp:term":[{"taxonomy":"category","embeddable":true,"href":"https:\/\/www.crossprensa.com.ar\/news\/wp-json\/wp\/v2\/categories?post=76701"},{"taxonomy":"post_tag","embeddable":true,"href":"https:\/\/www.crossprensa.com.ar\/news\/wp-json\/wp\/v2\/tags?post=76701"}],"curies":[{"name":"wp","href":"https:\/\/api.w.org\/{rel}","templated":true}]}}