{"id":76474,"date":"2025-05-21T09:33:41","date_gmt":"2025-05-21T12:33:41","guid":{"rendered":"https:\/\/www.crossprensa.com.ar\/news\/?p=76474"},"modified":"2025-05-21T09:34:02","modified_gmt":"2025-05-21T12:34:02","slug":"mica-gallardo-3ra-en-panama-y-viaja-a-costa-rica","status":"publish","type":"post","link":"https:\/\/www.crossprensa.com.ar\/news\/mica-gallardo-3ra-en-panama-y-viaja-a-costa-rica\/crossprensa\/","title":{"rendered":"MICA GALLARDO: 3ra. en Panam\u00e1, y viaja a Costa Rica!"},"content":{"rendered":"<p>La piloto mendocina est\u00e1 imparable&#8230; Viaj\u00f3 invitada a Panam\u00e1 donde estuvo corriendo en el campeonato nacional de ese hermoso pa\u00eds, y ah\u00ed mismo sali\u00f3 la invitaci\u00f3n para estar participando en Costa Rica en un gran campeonato tambi\u00e9n!<\/p>\n<p><!--more--><\/p>\n<p>La carrera fue en la Pista Kobra Track &#8211; Calzada Larga, Chilibre y Micaela estuvo corriendo en la MX2 B, logrando subirse al podio! En la foto, la piloto junto a nuestro amigo Oriel Peregrina que fue el art\u00edfice de la invitaci\u00f3n junto al anfitri\u00f3n Daniel Brostella y a la Uni\u00f3n Paname\u00f1a de Motociclismo, a los que desde Crossprensa tambi\u00e9n agradecemos mucho por la oportunidad de que nuestras pilotos puedan salir a mostrar su velocidad fuera de Argentina!<\/p>\n<p><img fetchpriority=\"high\" decoding=\"async\" class=\"alignnone size-full wp-image-76476\" src=\"https:\/\/www.crossprensa.com.ar\/news\/wp-content\/uploads\/2025\/05\/WhatsApp-Image-2025-05-19-at-19.05.27.jpeg\" alt=\"\" width=\"1200\" height=\"1600\" srcset=\"https:\/\/www.crossprensa.com.ar\/news\/wp-content\/uploads\/2025\/05\/WhatsApp-Image-2025-05-19-at-19.05.27.jpeg 1200w, https:\/\/www.crossprensa.com.ar\/news\/wp-content\/uploads\/2025\/05\/WhatsApp-Image-2025-05-19-at-19.05.27-225x300.jpeg 225w, https:\/\/www.crossprensa.com.ar\/news\/wp-content\/uploads\/2025\/05\/WhatsApp-Image-2025-05-19-at-19.05.27-300x400.jpeg 300w, https:\/\/www.crossprensa.com.ar\/news\/wp-content\/uploads\/2025\/05\/WhatsApp-Image-2025-05-19-at-19.05.27-768x1024.jpeg 768w, https:\/\/www.crossprensa.com.ar\/news\/wp-content\/uploads\/2025\/05\/WhatsApp-Image-2025-05-19-at-19.05.27-1152x1536.jpeg 1152w, https:\/\/www.crossprensa.com.ar\/news\/wp-content\/uploads\/2025\/05\/WhatsApp-Image-2025-05-19-at-19.05.27-1024x1365.jpeg 1024w\" sizes=\"(max-width: 1200px) 100vw, 1200px\" \/><\/p>\n","protected":false},"excerpt":{"rendered":"<p>La piloto mendocina est\u00e1 imparable&#8230; Viaj\u00f3 invitada a Panam\u00e1 donde estuvo corriendo en el campeonato&#8230;<\/p>\n","protected":false},"author":2,"featured_media":76475,"comment_status":"closed","ping_status":"closed","sticky":false,"template":"","format":"standard","meta":{"om_disable_all_campaigns":false,"_monsterinsights_skip_tracking":false,"_monsterinsights_sitenote_active":false,"_monsterinsights_sitenote_note":"","_monsterinsights_sitenote_category":0,"_uf_show_specific_survey":0,"_uf_disable_surveys":false,"footnotes":""},"categories":[37],"tags":[],"class_list":["post-76474","post","type-post","status-publish","format-standard","has-post-thumbnail","hentry","category-crossprensa"],"aioseo_notices":[],"_links":{"self":[{"href":"https:\/\/www.crossprensa.com.ar\/news\/wp-json\/wp\/v2\/posts\/76474","targetHints":{"allow":["GET"]}}],"collection":[{"href":"https:\/\/www.crossprensa.com.ar\/news\/wp-json\/wp\/v2\/posts"}],"about":[{"href":"https:\/\/www.crossprensa.com.ar\/news\/wp-json\/wp\/v2\/types\/post"}],"author":[{"embeddable":true,"href":"https:\/\/www.crossprensa.com.ar\/news\/wp-json\/wp\/v2\/users\/2"}],"replies":[{"embeddable":true,"href":"https:\/\/www.crossprensa.com.ar\/news\/wp-json\/wp\/v2\/comments?post=76474"}],"version-history":[{"count":1,"href":"https:\/\/www.crossprensa.com.ar\/news\/wp-json\/wp\/v2\/posts\/76474\/revisions"}],"predecessor-version":[{"id":76477,"href":"https:\/\/www.crossprensa.com.ar\/news\/wp-json\/wp\/v2\/posts\/76474\/revisions\/76477"}],"wp:featuredmedia":[{"embeddable":true,"href":"https:\/\/www.crossprensa.com.ar\/news\/wp-json\/wp\/v2\/media\/76475"}],"wp:attachment":[{"href":"https:\/\/www.crossprensa.com.ar\/news\/wp-json\/wp\/v2\/media?parent=76474"}],"wp:term":[{"taxonomy":"category","embeddable":true,"href":"https:\/\/www.crossprensa.com.ar\/news\/wp-json\/wp\/v2\/categories?post=76474"},{"taxonomy":"post_tag","embeddable":true,"href":"https:\/\/www.crossprensa.com.ar\/news\/wp-json\/wp\/v2\/tags?post=76474"}],"curies":[{"name":"wp","href":"https:\/\/api.w.org\/{rel}","templated":true}]}}