{"id":76421,"date":"2025-05-16T05:16:57","date_gmt":"2025-05-16T08:16:57","guid":{"rendered":"https:\/\/www.crossprensa.com.ar\/news\/?p=76421"},"modified":"2025-05-16T05:19:58","modified_gmt":"2025-05-16T08:19:58","slug":"mxgp-kawasaki-y-febvre-van-por-un-nuevo-titulo","status":"publish","type":"post","link":"https:\/\/www.crossprensa.com.ar\/news\/mxgp-kawasaki-y-febvre-van-por-un-nuevo-titulo\/mxgp\/","title":{"rendered":"MXGP: Kawasaki y Febvr\u00e9 van por un nuevo t\u00edtulo!"},"content":{"rendered":"<p>Para el piloto ser\u00eda su segunda corona en el Mundial de Motocross, pero Kawasaki viene de una larga sequ\u00eda de victorias de campeonatos&#8230; Y puede ser \u00e9ste el a\u00f1o que la historia cambie de color!<\/p>\n<p><!--more--><\/p>\n<p><img fetchpriority=\"high\" decoding=\"async\" class=\"alignnone size-full wp-image-74520\" src=\"https:\/\/www.crossprensa.com.ar\/news\/wp-content\/uploads\/2025\/01\/Banner-Kawa-Triumph-Kayo-930x100-2.gif\" alt=\"\" width=\"930\" height=\"100\" \/><\/p>\n<p>Por el lado del piloto, corre en el Campeonato Mundial de Motocross en la categor\u00eda MXGP. Antes de dar el salto al mundial Febvre ya hab\u00eda destacado en las categor\u00edas infantiles, en 2007 gan\u00f3 el campeonato franc\u00e9s de Supermoto en la categor\u00eda de 125cc, en 2011 se proclam\u00f3 campe\u00f3n de Europa de motocross en la categor\u00eda de 250cc. Desde 2012 hasta 2014 compiti\u00f3 en la categor\u00eda de MX2 consiguiendo el \u00faltimo a\u00f1o la tercera posici\u00f3n en el campeonato de pilotos como mejor resultado.<\/p>\n<p>En 2015 da el salto a MXGP consiguiendo ese a\u00f1o el t\u00edtulo como novato con el equipo Yamaha siendo el primer piloto franc\u00e9s ganador de la categor\u00eda reina, hasta 2019 llev\u00f3 el dorsal 461, en 2020 ficha por Kawasaki con la marca nipona ha conseguido 2 subcampeonatos en 2021 y 2023 actualmente porta el dorsal 3, con la placa roja por liderar el campeonato.<\/p>\n<p>Con el equipo de Francia ha ganado las ediciones (2015, 2016, 2017 y 2023) del Motocross de las naciones.<\/p>\n<p><img decoding=\"async\" class=\"alignnone size-full wp-image-74397\" src=\"https:\/\/www.crossprensa.com.ar\/news\/wp-content\/uploads\/2025\/01\/Banner-Kawasaki-Klx450-1200x100px-1.gif\" alt=\"\" width=\"1200\" height=\"100\" \/><\/p>\n<p>Por el lado de Kawasaki, si bien interviene en el Mundial de Motocross oficialmente desde 1975, <span data-huuid=\"17686104407241990970\">La historia de Kawasaki en el motocross\u00a0<\/span>comienza en la d\u00e9cada de 1960, con la introducci\u00f3n de la primera moto en 1961 y la <span data-huuid=\"17686104407241990535\">primera moto de carreras de Kawasaki, la B8M, que debut\u00f3 en 1963 y demostr\u00f3 su capacidad competitiva al ganar esa primera carrera de motocross.<span class=\"pjBG2e\" data-cid=\"2cf895c1-cdd1-49e4-af95-88436c37aee6\"><span class=\"UV3uM\">\u00a0 La\u00a0<\/span><\/span><\/span>posterior formaci\u00f3n de Kawasaki Motorcycle Co., Ltd. en 1963, hizo que se estancara el desarrollo, hasta que e<span data-huuid=\"17686104407241990970\">n los a\u00f1os 70, la marca comenz\u00f3 a destacarse en el mundo del motocross con modelos como la KX125 y la KX250, que se convirtieron en s\u00edmbolos de triunfo y pasi\u00f3n en la disciplina.\u00a0<\/span><span data-huuid=\"17686104407241992591\">Desde entonces, Kawasaki ha mantenido una fuerte presencia en el motocross, con una l\u00ednea de motos KX que ha evolucionado y se ha adaptado a las necesidades de los pilotos profesionales y aficionados.<span class=\"pjBG2e\" data-cid=\"30430754-12b5-4610-8a6c-28dc1fe630c3\"><span class=\"UV3uM\">\u00a0<\/span><\/span><\/span><\/p>\n<p>Estos son los campeonatos mundiales ganados:<\/p>\n<p>1995 Everts &#8211; 250<\/p>\n<p>1996\u00a0 Tortelli &#8211; 125<\/p>\n<p>1998 &#8211; Tortelli &#8211; 250<\/p>\n<p>2002 &#8211; Maschio &#8211; 125<\/p>\n<p>2006 &#8211; Pourcel &#8211; MX2<\/p>\n<p>Katherine Prumm &#8211; WMX<\/p>\n<p>2007 &#8211; \u00a0Katherine Prumm &#8211; WMX<\/p>\n<p>2008 &#8211; Livia Lancelot &#8211; WMX<\/p>\n<p>2016 &#8211; 2008 &#8211; Livia Lancelot &#8211; WMX<\/p>\n<p>Ser\u00e1 2025 el a\u00f1o de la vuelta de la moto VERDE LIMA a lo m\u00e1s alto del podio a fin de a\u00f1o?<\/p>\n<p>&nbsp;<\/p>\n","protected":false},"excerpt":{"rendered":"<p>Para el piloto ser\u00eda su segunda corona en el Mundial de Motocross, pero Kawasaki viene&#8230;<\/p>\n","protected":false},"author":2,"featured_media":76422,"comment_status":"open","ping_status":"closed","sticky":false,"template":"","format":"standard","meta":{"om_disable_all_campaigns":false,"_monsterinsights_skip_tracking":false,"_monsterinsights_sitenote_active":false,"_monsterinsights_sitenote_note":"","_monsterinsights_sitenote_category":0,"_uf_show_specific_survey":0,"_uf_disable_surveys":false,"footnotes":""},"categories":[24],"tags":[],"class_list":["post-76421","post","type-post","status-publish","format-standard","has-post-thumbnail","hentry","category-mxgp"],"aioseo_notices":[],"_links":{"self":[{"href":"https:\/\/www.crossprensa.com.ar\/news\/wp-json\/wp\/v2\/posts\/76421","targetHints":{"allow":["GET"]}}],"collection":[{"href":"https:\/\/www.crossprensa.com.ar\/news\/wp-json\/wp\/v2\/posts"}],"about":[{"href":"https:\/\/www.crossprensa.com.ar\/news\/wp-json\/wp\/v2\/types\/post"}],"author":[{"embeddable":true,"href":"https:\/\/www.crossprensa.com.ar\/news\/wp-json\/wp\/v2\/users\/2"}],"replies":[{"embeddable":true,"href":"https:\/\/www.crossprensa.com.ar\/news\/wp-json\/wp\/v2\/comments?post=76421"}],"version-history":[{"count":1,"href":"https:\/\/www.crossprensa.com.ar\/news\/wp-json\/wp\/v2\/posts\/76421\/revisions"}],"predecessor-version":[{"id":76423,"href":"https:\/\/www.crossprensa.com.ar\/news\/wp-json\/wp\/v2\/posts\/76421\/revisions\/76423"}],"wp:featuredmedia":[{"embeddable":true,"href":"https:\/\/www.crossprensa.com.ar\/news\/wp-json\/wp\/v2\/media\/76422"}],"wp:attachment":[{"href":"https:\/\/www.crossprensa.com.ar\/news\/wp-json\/wp\/v2\/media?parent=76421"}],"wp:term":[{"taxonomy":"category","embeddable":true,"href":"https:\/\/www.crossprensa.com.ar\/news\/wp-json\/wp\/v2\/categories?post=76421"},{"taxonomy":"post_tag","embeddable":true,"href":"https:\/\/www.crossprensa.com.ar\/news\/wp-json\/wp\/v2\/tags?post=76421"}],"curies":[{"name":"wp","href":"https:\/\/api.w.org\/{rel}","templated":true}]}}