{"id":76387,"date":"2025-05-13T16:08:56","date_gmt":"2025-05-13T19:08:56","guid":{"rendered":"https:\/\/www.crossprensa.com.ar\/news\/?p=76387"},"modified":"2025-05-13T16:12:39","modified_gmt":"2025-05-13T19:12:39","slug":"mxsf-pilar-aguarda-por-una-espectacular-carrera","status":"publish","type":"post","link":"https:\/\/www.crossprensa.com.ar\/news\/mxsf-pilar-aguarda-por-una-espectacular-carrera\/mx-santafesino\/","title":{"rendered":"MXSF: PILAR AGUARDA POR UNA ESPECTACULAR CARRERA!"},"content":{"rendered":"<p>El Campeonato Santafesino de Motocross, va por la 3ra. fecha del a\u00f1o en la bonita localidad santafesina de Pilar, donde el Club de Caza y Pezca con sus hermosas y c\u00f3modas instalaciones tendr\u00e1 el privilegio de recibir much\u00edsimos pilotos con una organizaci\u00f3n previa impecable para dejar la pista como est\u00e1: UN LUJO.<\/p>\n<p>Aqu\u00ed todos los horarios para el fin de semana!<\/p>\n<p><!--more--><\/p>\n<p>Y las mejores fotos, como siempre las tendr\u00e1s con un click ac\u00e1 abajo!<\/p>\n<p><a href=\"https:\/\/wa.link\/y0bv4a\"><img fetchpriority=\"high\" decoding=\"async\" class=\"alignnone wp-image-73934 size-full\" src=\"https:\/\/www.crossprensa.com.ar\/news\/wp-content\/uploads\/2024\/12\/fermin1.jpeg\" alt=\"\" width=\"1283\" height=\"109\" \/><\/a><\/p>\n<p><img decoding=\"async\" class=\"alignnone size-full wp-image-76389\" src=\"https:\/\/www.crossprensa.com.ar\/news\/wp-content\/uploads\/2025\/05\/1.jpg\" alt=\"\" width=\"1080\" height=\"1080\" \/><\/p>\n<p><a href=\"https:\/\/www.instagram.com\/marengomotos\/\"><img decoding=\"async\" class=\"alignnone wp-image-75467 size-full\" src=\"https:\/\/www.crossprensa.com.ar\/news\/wp-content\/uploads\/2025\/03\/marengo-1.gif\" alt=\"\" width=\"1200\" height=\"100\" \/><\/a><\/p>\n<p><img loading=\"lazy\" decoding=\"async\" class=\"alignnone size-full wp-image-76395\" src=\"https:\/\/www.crossprensa.com.ar\/news\/wp-content\/uploads\/2025\/05\/WhatsApp-Image-2025-05-03-at-07.44.29.jpeg\" alt=\"\" width=\"1600\" height=\"900\" srcset=\"https:\/\/www.crossprensa.com.ar\/news\/wp-content\/uploads\/2025\/05\/WhatsApp-Image-2025-05-03-at-07.44.29.jpeg 1600w, https:\/\/www.crossprensa.com.ar\/news\/wp-content\/uploads\/2025\/05\/WhatsApp-Image-2025-05-03-at-07.44.29-300x169.jpeg 300w, https:\/\/www.crossprensa.com.ar\/news\/wp-content\/uploads\/2025\/05\/WhatsApp-Image-2025-05-03-at-07.44.29-620x349.jpeg 620w, https:\/\/www.crossprensa.com.ar\/news\/wp-content\/uploads\/2025\/05\/WhatsApp-Image-2025-05-03-at-07.44.29-768x432.jpeg 768w, https:\/\/www.crossprensa.com.ar\/news\/wp-content\/uploads\/2025\/05\/WhatsApp-Image-2025-05-03-at-07.44.29-1536x864.jpeg 1536w, https:\/\/www.crossprensa.com.ar\/news\/wp-content\/uploads\/2025\/05\/WhatsApp-Image-2025-05-03-at-07.44.29-1024x576.jpeg 1024w\" sizes=\"(max-width: 1600px) 100vw, 1600px\" \/><\/p>\n<p><img loading=\"lazy\" decoding=\"async\" class=\"alignnone size-full wp-image-76390\" src=\"https:\/\/www.crossprensa.com.ar\/news\/wp-content\/uploads\/2025\/05\/2.jpg\" alt=\"\" width=\"1080\" height=\"1080\" \/><\/p>\n","protected":false},"excerpt":{"rendered":"<p>El Campeonato Santafesino de Motocross, va por la 3ra. fecha del a\u00f1o en la bonita&#8230;<\/p>\n","protected":false},"author":2,"featured_media":76391,"comment_status":"closed","ping_status":"closed","sticky":false,"template":"","format":"standard","meta":{"om_disable_all_campaigns":false,"_monsterinsights_skip_tracking":false,"_monsterinsights_sitenote_active":false,"_monsterinsights_sitenote_note":"","_monsterinsights_sitenote_category":0,"_uf_show_specific_survey":0,"_uf_disable_surveys":false,"footnotes":""},"categories":[43],"tags":[],"class_list":["post-76387","post","type-post","status-publish","format-standard","has-post-thumbnail","hentry","category-mx-santafesino"],"aioseo_notices":[],"_links":{"self":[{"href":"https:\/\/www.crossprensa.com.ar\/news\/wp-json\/wp\/v2\/posts\/76387","targetHints":{"allow":["GET"]}}],"collection":[{"href":"https:\/\/www.crossprensa.com.ar\/news\/wp-json\/wp\/v2\/posts"}],"about":[{"href":"https:\/\/www.crossprensa.com.ar\/news\/wp-json\/wp\/v2\/types\/post"}],"author":[{"embeddable":true,"href":"https:\/\/www.crossprensa.com.ar\/news\/wp-json\/wp\/v2\/users\/2"}],"replies":[{"embeddable":true,"href":"https:\/\/www.crossprensa.com.ar\/news\/wp-json\/wp\/v2\/comments?post=76387"}],"version-history":[{"count":4,"href":"https:\/\/www.crossprensa.com.ar\/news\/wp-json\/wp\/v2\/posts\/76387\/revisions"}],"predecessor-version":[{"id":76396,"href":"https:\/\/www.crossprensa.com.ar\/news\/wp-json\/wp\/v2\/posts\/76387\/revisions\/76396"}],"wp:featuredmedia":[{"embeddable":true,"href":"https:\/\/www.crossprensa.com.ar\/news\/wp-json\/wp\/v2\/media\/76391"}],"wp:attachment":[{"href":"https:\/\/www.crossprensa.com.ar\/news\/wp-json\/wp\/v2\/media?parent=76387"}],"wp:term":[{"taxonomy":"category","embeddable":true,"href":"https:\/\/www.crossprensa.com.ar\/news\/wp-json\/wp\/v2\/categories?post=76387"},{"taxonomy":"post_tag","embeddable":true,"href":"https:\/\/www.crossprensa.com.ar\/news\/wp-json\/wp\/v2\/tags?post=76387"}],"curies":[{"name":"wp","href":"https:\/\/api.w.org\/{rel}","templated":true}]}}