{"id":76183,"date":"2025-04-28T11:20:34","date_gmt":"2025-04-28T14:20:34","guid":{"rendered":"https:\/\/www.crossprensa.com.ar\/news\/?p=76183"},"modified":"2025-04-28T11:27:53","modified_gmt":"2025-04-28T14:27:53","slug":"mx-santafesino-domingo-de-pascual","status":"publish","type":"post","link":"https:\/\/www.crossprensa.com.ar\/news\/mx-santafesino-domingo-de-pascual\/mx-santafesino\/","title":{"rendered":"MX SANTAFESINO: DOMINGO DE PASCUAL!"},"content":{"rendered":"<p>Que hermoso fin de semana se vivi\u00f3 en la 2da. fecha del MX Santafesino en Suardi, donde nos encontramos con muchas sorpresas en un predio impecable, con una gran organizaci\u00f3n y 110 motos que largaron y dieron un espect\u00e1culo grandioso. La presencia de varios pilotos de nivel nacional, le dio un plus de atractivo para un p\u00fablico que nunca dej\u00f3 de aplaudir cada categor\u00eda que sal\u00eda a la pista. FELICITACIONES SUARDI MX PARK y vamos por otra, y por m\u00e1s!<\/p>\n<p><!--more--><\/p>\n<p><img fetchpriority=\"high\" decoding=\"async\" class=\"alignnone size-full wp-image-75467\" src=\"https:\/\/www.crossprensa.com.ar\/news\/wp-content\/uploads\/2025\/03\/marengo-1.gif\" alt=\"\" width=\"1200\" height=\"100\" \/><\/p>\n<p>Particularmente, vivimos mucha buena onda fuera y dentro de la pista, los boxes, la gente&#8230; Desde el ingreso hasta establecernos en un palco de transmisi\u00f3n que nos permiti\u00f3 trabajar m\u00e1s que c\u00f3modos.<\/p>\n<p>El t\u00edtulo es porque Jerem\u00edas Pascual visit\u00f3 el campeonato y se llev\u00f3 la victoria en la categor\u00eda mayor, pero lamentamos much\u00edsimo la deserci\u00f3n por una lesi\u00f3n de Conrado Walzynski que en la primera manga hab\u00eda largado 9 y lleg\u00f3 2do! una remontada impresionante!!! Nos hubiese gustado ver que pasar\u00eda en la segunda carrera&#8230;<\/p>\n<p>Tambi\u00e9n agradecer a un ex piloto como Hugo Boscarol, hoy intendente de la ciudad y de los que de verdad ENTIENDE que significa correr en moto luego de haber logrado 3 campeonatos del CAM, por todo esto el apoyo municipal fue una pata important\u00edsima para tener una carrera como la que se logr\u00f3.<\/p>\n<p><img decoding=\"async\" class=\"alignnone size-full wp-image-76199\" src=\"https:\/\/www.crossprensa.com.ar\/news\/wp-content\/uploads\/2025\/04\/FG0_5978-scaled.jpg\" alt=\"\" width=\"2560\" height=\"1707\" \/><\/p>\n<p>Los tiempos online, le dieron a la categor\u00eda por fin un abastecimiento de informaci\u00f3n que estuvo siempre disponible evitando ese ir y venir a la zona de fiscalizaci\u00f3n para saber de vueltas, clasificaciones y puntos. Excelente tambi\u00e9n el sonido con el que pudimos relatar la carrera, el predio limpio con los pastos reci\u00e9n cortados, nada fuera de lugar, cestos de basura en todos lados, los ba\u00f1os impecables en todo momento y la gente de Marengo Motos que demostr\u00f3 que adem\u00e1s de abastecer de toda la l\u00ednea de motos Honda a la regi\u00f3n, pudo tambi\u00e9n impulsar este trabajo del Suardi Mx Park.<\/p>\n<p><img decoding=\"async\" class=\"alignnone size-full wp-image-76200\" src=\"https:\/\/www.crossprensa.com.ar\/news\/wp-content\/uploads\/2025\/04\/FG0_5848-scaled.jpg\" alt=\"\" width=\"2560\" height=\"1707\" srcset=\"https:\/\/www.crossprensa.com.ar\/news\/wp-content\/uploads\/2025\/04\/FG0_5848-scaled.jpg 2560w, https:\/\/www.crossprensa.com.ar\/news\/wp-content\/uploads\/2025\/04\/FG0_5848-300x200.jpg 300w, https:\/\/www.crossprensa.com.ar\/news\/wp-content\/uploads\/2025\/04\/FG0_5848-600x400.jpg 600w, https:\/\/www.crossprensa.com.ar\/news\/wp-content\/uploads\/2025\/04\/FG0_5848-768x512.jpg 768w, https:\/\/www.crossprensa.com.ar\/news\/wp-content\/uploads\/2025\/04\/FG0_5848-1536x1024.jpg 1536w, https:\/\/www.crossprensa.com.ar\/news\/wp-content\/uploads\/2025\/04\/FG0_5848-2048x1365.jpg 2048w, https:\/\/www.crossprensa.com.ar\/news\/wp-content\/uploads\/2025\/04\/FG0_5848-1024x683.jpg 1024w\" sizes=\"(max-width: 2560px) 100vw, 2560px\" \/><\/p>\n<p>Aqu\u00ed los resultados de esta exitosa fecha coronada con mucho p\u00fablico, algunas de las mejores fotos de <strong><a href=\"https:\/\/www.instagram.com\/phfg58\/?hl=en\">@phfg58<\/a><\/strong> y en breve tendr\u00e1n un res\u00famen del desarrollo de la carrera, y ya se espera por la 3ra. fecha del campeonato los d\u00edas 17 y 18 de Mayo en PILAR, pcia. de Santa Fe donde los podios tambi\u00e9n estar\u00e1n endulzados por <strong><a href=\"https:\/\/www.instagram.com\/oblitaoficial\/?hl=en\">OBLITA<\/a><\/strong>!<\/p>\n<p><a href=\"https:\/\/www.instagram.com\/oblitaoficial\/?hl=en\"><img loading=\"lazy\" decoding=\"async\" class=\"alignnone wp-image-71450 size-full\" src=\"https:\/\/www.crossprensa.com.ar\/news\/wp-content\/uploads\/2024\/07\/Oblita.gif\" alt=\"\" width=\"1200\" height=\"100\" \/><\/a><\/p>\n<p><strong>Mini MX<\/strong><\/p>\n<p>1- Stefano Cabrol Favaro<\/p>\n<p>2- Valentino Bogue<\/p>\n<p>3- Lucas Zatti<\/p>\n<p>4- Fiorella Catalano<\/p>\n<p>5- Isabella Mandrile<\/p>\n<p>6- Vito Bassino<\/p>\n<p><img loading=\"lazy\" decoding=\"async\" class=\"alignnone size-full wp-image-76185\" src=\"https:\/\/www.crossprensa.com.ar\/news\/wp-content\/uploads\/2025\/04\/PODIO-50cc-scaled.jpg\" alt=\"\" width=\"2560\" height=\"1707\" \/><\/p>\n<p><strong>65cc.<\/strong><\/p>\n<p>1-Nasser Grin\u00f3vero<\/p>\n<p>2- Le\u00f3n Todoni<\/p>\n<p>3- Felipe Cartasegna<\/p>\n<p>4- Tom\u00e1s Wasinger Butto<\/p>\n<p>5- Valentino Bogue<\/p>\n<p>6- Augusto Khun<\/p>\n<p>7- Ger\u00f3nimo Pighin<\/p>\n<p>8- Angelina Catalano<\/p>\n<p><img loading=\"lazy\" decoding=\"async\" class=\"alignnone size-full wp-image-76186\" src=\"https:\/\/www.crossprensa.com.ar\/news\/wp-content\/uploads\/2025\/04\/PODIO-65cc-scaled.jpg\" alt=\"\" width=\"2560\" height=\"1707\" \/><\/p>\n<p><strong>85cc.<\/strong><\/p>\n<p>1- Francesco Cabrol Favaro<\/p>\n<p>2- Yoselin Altamirano<\/p>\n<p>3- Nasser Grin\u00f3vero<\/p>\n<p>4- Ger\u00f3nimo Pighin<\/p>\n<p>5- Santino Cavallo<\/p>\n<p>&nbsp;<\/p>\n<p><img loading=\"lazy\" decoding=\"async\" class=\"alignnone size-full wp-image-76188\" src=\"https:\/\/www.crossprensa.com.ar\/news\/wp-content\/uploads\/2025\/04\/PODIO-85cc-scaled.jpg\" alt=\"\" width=\"2560\" height=\"1706\" \/><\/p>\n<p><strong>NACIONAL<\/strong><\/p>\n<p>1- Joaqu\u00edn Fern\u00e1ndez<\/p>\n<p>2- Joaqu\u00edn Demarchi<\/p>\n<p>3- Jos\u00e9 Aguilar<\/p>\n<p>4- Agust\u00edn Bolatti<\/p>\n<p><img loading=\"lazy\" decoding=\"async\" class=\"alignnone size-full wp-image-76187\" src=\"https:\/\/www.crossprensa.com.ar\/news\/wp-content\/uploads\/2025\/04\/PODIO-NACIONAL-scaled.jpg\" alt=\"\" width=\"2560\" height=\"1707\" \/><\/p>\n<p><strong>PRINCIPIANTES<\/strong><\/p>\n<p>1- Mateo Williner<\/p>\n<p>2- Juan I. Costamagna<\/p>\n<p>3- Ezequiel Picotto<\/p>\n<p>4- Gaspar Cossai<\/p>\n<p>5- Santino Enricci<\/p>\n<p>6- Marcos Gianotto<\/p>\n<p>7- Emanuel Cejas<\/p>\n<p>8- Joaqu\u00edn Olocco<\/p>\n<p>9- Iv\u00e1n Bonnet<\/p>\n<p>10- Ignacio Tessio<\/p>\n<p>11- Mart\u00edn Gallo<\/p>\n<p>12- Juan Cruz Italiano<\/p>\n<p>13- Waldemar Khun<\/p>\n<p>14- Mat\u00edas Ercoli<\/p>\n<p>15- Augusto Khun<\/p>\n<p>16- Lucas Luraschi<\/p>\n<p><img loading=\"lazy\" decoding=\"async\" class=\"alignnone size-full wp-image-76189\" src=\"https:\/\/www.crossprensa.com.ar\/news\/wp-content\/uploads\/2025\/04\/PODIO-PRINCIPIANTES-scaled.jpg\" alt=\"\" width=\"2560\" height=\"1707\" \/><\/p>\n<p><strong>DAMAS<\/strong><\/p>\n<p>1- Yoselin Altamirano<\/p>\n<p>2- Yanina Camusso<\/p>\n<p>3- Angelina Catalano<\/p>\n<p>4- Daiana Sacks<\/p>\n<p>5- Florencia Carballeiras<\/p>\n<p><img loading=\"lazy\" decoding=\"async\" class=\"alignnone size-full wp-image-76190\" src=\"https:\/\/www.crossprensa.com.ar\/news\/wp-content\/uploads\/2025\/04\/PODIOS-DAMAS-scaled.jpg\" alt=\"\" width=\"2560\" height=\"1707\" \/><\/p>\n<p><strong>PROMOCIONAL<\/strong><\/p>\n<p>1- Vicente Uberti<\/p>\n<p>2- Juli\u00e1n Serguey<\/p>\n<p>3- Gustavo Fenoglio<\/p>\n<p>4- Fabi\u00e1n Morbidoni<\/p>\n<p>5- Valent\u00edn Dominguez<\/p>\n<p>6- Augusto Saletti<\/p>\n<p>7- Est\u00e9ban Palmucci<\/p>\n<p>8- Mauricio Fern\u00e1ndez<\/p>\n<p>9- Felipe Fern\u00e1ndez<\/p>\n<p>10- Carlos Alos<\/p>\n<p>11- Joaqu\u00edn Fern\u00e1ndez<\/p>\n<p>12- Juan Bruzzechesse<\/p>\n<p>13- Benjam\u00edn Molina<\/p>\n<p>14- Juan I. Costamagna<\/p>\n<p><a href=\"https:\/\/www.instagram.com\/wwracingmx\/?hl=en\"><img loading=\"lazy\" decoding=\"async\" class=\"alignnone wp-image-75909 size-full\" src=\"https:\/\/www.crossprensa.com.ar\/news\/wp-content\/uploads\/2025\/04\/wwracing.gif\" alt=\"\" width=\"1200\" height=\"100\" \/><\/a><\/p>\n<p><img loading=\"lazy\" decoding=\"async\" class=\"alignnone size-full wp-image-76191\" src=\"https:\/\/www.crossprensa.com.ar\/news\/wp-content\/uploads\/2025\/04\/PODIO-PROMOCIONAL-scaled.jpg\" alt=\"\" width=\"2560\" height=\"1707\" \/><\/p>\n<p><strong>MX3 A<\/strong><\/p>\n<p>1- Alejandro L\u00f3pez<\/p>\n<p>2- Diego Caglieris<\/p>\n<p>3- Hern\u00e1n Dreiling<\/p>\n<p>4- Luciano Aguilar<\/p>\n<p><img loading=\"lazy\" decoding=\"async\" class=\"alignnone size-full wp-image-76192\" src=\"https:\/\/www.crossprensa.com.ar\/news\/wp-content\/uploads\/2025\/04\/PODIO-MX3-A-scaled.jpg\" alt=\"\" width=\"2560\" height=\"1707\" \/><\/p>\n<p><strong>MX3 B<\/strong><\/p>\n<p>1- Pablo P\u00e9rez<\/p>\n<p>2- Est\u00e9ban Palmucci<\/p>\n<p>3- Hern\u00e1n Villacreces<\/p>\n<p><img loading=\"lazy\" decoding=\"async\" class=\"alignnone size-full wp-image-76193\" src=\"https:\/\/www.crossprensa.com.ar\/news\/wp-content\/uploads\/2025\/04\/PODIO-MX3-B-scaled.jpg\" alt=\"\" width=\"2560\" height=\"1707\" \/><\/p>\n<p><strong>MX3 C<\/strong><\/p>\n<p>1- Gustavo Colombero<\/p>\n<p>2- Germ\u00e1n Manera<\/p>\n<p>3- Gabriel Baima<\/p>\n<p>4- Dar\u00edo Capovila<\/p>\n<p>5- Adri\u00e1n Peralta<\/p>\n<p>6- Gerardo Felipe<\/p>\n<p>7- Cristian Modenessi<\/p>\n<p>8- Diego Merlo<\/p>\n<p>9- Andr\u00e9s Bassino<\/p>\n<p>10- Ricardo Mangini<\/p>\n<p><img loading=\"lazy\" decoding=\"async\" class=\"alignnone size-full wp-image-76194\" src=\"https:\/\/www.crossprensa.com.ar\/news\/wp-content\/uploads\/2025\/04\/PODIO-MX3-C-scaled.jpg\" alt=\"\" width=\"2560\" height=\"1707\" \/><\/p>\n<p><strong>MX3 D<\/strong><\/p>\n<p>1- Gustavo Rivero<\/p>\n<p>2- Jos\u00e9 Aguilar<\/p>\n<p><img loading=\"lazy\" decoding=\"async\" class=\"alignnone size-full wp-image-76195\" src=\"https:\/\/www.crossprensa.com.ar\/news\/wp-content\/uploads\/2025\/04\/PODIO-MX3-D-scaled.jpg\" alt=\"\" width=\"2560\" height=\"1707\" \/><\/p>\n<p><strong>JUNIOR<\/strong><\/p>\n<p>1- Sebasti\u00e1n Varengo<\/p>\n<p>2- Julian Serguey<\/p>\n<p>3- Vicente Uberti<\/p>\n<p>4- Fabi\u00e1n Morbidoni<\/p>\n<p>5- Mauricio Fern\u00e1ndez<\/p>\n<p>6- Benjam\u00edn Molina<\/p>\n<p>7- Mat\u00edas Ercoli<\/p>\n<p>8- Mateo Brizio<\/p>\n<p>9- Valent\u00edn Dom\u00ednguez<\/p>\n<p>10- Carlos Alos<\/p>\n<p>11- Lautaro Marengo<\/p>\n<p>12- Juan Bruzzechesse<\/p>\n<p>13- Felipe Fern\u00e1ndez<\/p>\n<p>14- Conrado Walzinsky<\/p>\n<p>15. Dar\u00edo Capovila<\/p>\n<p>16- Leandro Yakin<\/p>\n<p>17- Augusto Saletti<\/p>\n<p><img loading=\"lazy\" decoding=\"async\" class=\"alignnone size-full wp-image-76196\" src=\"https:\/\/www.crossprensa.com.ar\/news\/wp-content\/uploads\/2025\/04\/PODIO-JUNIOR-scaled.jpg\" alt=\"\" width=\"2560\" height=\"1707\" \/><\/p>\n<p><strong>MX2<\/strong><\/p>\n<p>1- Francisco Pasutti<\/p>\n<p>2- Santiago Costamagna<\/p>\n<p>3- Sebasti\u00e1n Varengo<\/p>\n<p>4- Leandro Yakin<\/p>\n<p>5- Diego Wagner<\/p>\n<p>6- Conrado Walzinsky<\/p>\n<p>7- Mateo Brizio<\/p>\n<p>8- Benjam\u00edn Molina<\/p>\n<p>9- Lautaro Marengo<\/p>\n<p><img loading=\"lazy\" decoding=\"async\" class=\"alignnone size-full wp-image-76197\" src=\"https:\/\/www.crossprensa.com.ar\/news\/wp-content\/uploads\/2025\/04\/PODIO-MX2-scaled.jpg\" alt=\"\" width=\"2560\" height=\"1707\" \/><\/p>\n<p><strong>MX1<\/strong><\/p>\n<p>1- Jerem\u00edas Pascual<\/p>\n<p>2- Felipe Favetto<\/p>\n<p>3- Pablo P\u00e9rez<\/p>\n<p>4- Fernando Merlo<\/p>\n<p>5- Tito Goddio<\/p>\n<p>6- Hern\u00e1n Villacreses<\/p>\n<p>7- Alejandro L\u00f3pez<\/p>\n<p><img loading=\"lazy\" decoding=\"async\" class=\"alignnone size-full wp-image-76198\" src=\"https:\/\/www.crossprensa.com.ar\/news\/wp-content\/uploads\/2025\/04\/PODIO-MX1-scaled.jpg\" alt=\"\" width=\"2560\" height=\"1707\" \/><\/p>\n","protected":false},"excerpt":{"rendered":"<p>Que hermoso fin de semana se vivi\u00f3 en la 2da. fecha del MX Santafesino en&#8230;<\/p>\n","protected":false},"author":2,"featured_media":76184,"comment_status":"closed","ping_status":"closed","sticky":false,"template":"","format":"standard","meta":{"om_disable_all_campaigns":false,"_monsterinsights_skip_tracking":false,"_monsterinsights_sitenote_active":false,"_monsterinsights_sitenote_note":"","_monsterinsights_sitenote_category":0,"_uf_show_specific_survey":0,"_uf_disable_surveys":false,"footnotes":""},"categories":[43],"tags":[],"class_list":["post-76183","post","type-post","status-publish","format-standard","has-post-thumbnail","hentry","category-mx-santafesino"],"aioseo_notices":[],"_links":{"self":[{"href":"https:\/\/www.crossprensa.com.ar\/news\/wp-json\/wp\/v2\/posts\/76183","targetHints":{"allow":["GET"]}}],"collection":[{"href":"https:\/\/www.crossprensa.com.ar\/news\/wp-json\/wp\/v2\/posts"}],"about":[{"href":"https:\/\/www.crossprensa.com.ar\/news\/wp-json\/wp\/v2\/types\/post"}],"author":[{"embeddable":true,"href":"https:\/\/www.crossprensa.com.ar\/news\/wp-json\/wp\/v2\/users\/2"}],"replies":[{"embeddable":true,"href":"https:\/\/www.crossprensa.com.ar\/news\/wp-json\/wp\/v2\/comments?post=76183"}],"version-history":[{"count":4,"href":"https:\/\/www.crossprensa.com.ar\/news\/wp-json\/wp\/v2\/posts\/76183\/revisions"}],"predecessor-version":[{"id":76204,"href":"https:\/\/www.crossprensa.com.ar\/news\/wp-json\/wp\/v2\/posts\/76183\/revisions\/76204"}],"wp:featuredmedia":[{"embeddable":true,"href":"https:\/\/www.crossprensa.com.ar\/news\/wp-json\/wp\/v2\/media\/76184"}],"wp:attachment":[{"href":"https:\/\/www.crossprensa.com.ar\/news\/wp-json\/wp\/v2\/media?parent=76183"}],"wp:term":[{"taxonomy":"category","embeddable":true,"href":"https:\/\/www.crossprensa.com.ar\/news\/wp-json\/wp\/v2\/categories?post=76183"},{"taxonomy":"post_tag","embeddable":true,"href":"https:\/\/www.crossprensa.com.ar\/news\/wp-json\/wp\/v2\/tags?post=76183"}],"curies":[{"name":"wp","href":"https:\/\/api.w.org\/{rel}","templated":true}]}}