{"id":75881,"date":"2025-04-04T16:23:42","date_gmt":"2025-04-04T19:23:42","guid":{"rendered":"https:\/\/www.crossprensa.com.ar\/news\/?p=75881"},"modified":"2025-04-04T16:23:55","modified_gmt":"2025-04-04T19:23:55","slug":"ama-sx-horarios-del-sabado","status":"publish","type":"post","link":"https:\/\/www.crossprensa.com.ar\/news\/ama-sx-horarios-del-sabado\/ama-motocross\/","title":{"rendered":"AMA SX &#8211; HORARIOS DEL S\u00c1BADO"},"content":{"rendered":"<p>Carrera 12 de este campeonato de eliminaci\u00f3n&#8230; Se confirm\u00f3 que Jason Anderson deja de correr por el resto de la temporada de SX. Y en esta fecha, ya los puntos pueden (o no) marcar la diferencia con los candidatos a ser campeones, pero nada est\u00e1 dicho!!!<\/p>\n<p>Aqu\u00ed, los horarios para este S\u00e1bado en la tarde\/noche Argentina.<\/p>\n<p><!--more--><\/p>\n<p><img fetchpriority=\"high\" decoding=\"async\" class=\"alignnone size-full wp-image-75628\" src=\"https:\/\/www.crossprensa.com.ar\/news\/wp-content\/uploads\/2025\/03\/marelli1.gif\" alt=\"\" width=\"1200\" height=\"100\" \/><\/p>\n<p>4:20pm \u2013250 Grupo C Clasificaci\u00f3n.<br \/>\n4:35pm \u2013250 Grupo B Clasificaci\u00f3n.<br \/>\n4:50pm \u2013250 Grupo A Clasificaci\u00f3n.<br \/>\n5:05pm \u2013450 Grupo A Clasificaci\u00f3n.<br \/>\n5:20pm \u2013450 Grupo B Clasificaci\u00f3n.<br \/>\n5:35pm \u2013450 Grupo C Clasificaci\u00f3n.<\/p>\n<p>7:30pm \u2013 7:06pm Opening Ceremonies<br \/>\n8:06pm \u2013 250 Heat #1 \u2013 6 Min+ 1 lap \u2013 20 riders (1 \u2013 9 to Main)<br \/>\n8:20pm \u2013 250 Heat #2 \u2013 6 Min+ 1 lap \u2013 20 riders (1 \u2013 9 to Main)<br \/>\n8:34pm \u2013 450 Heat #1 \u2013 6 Min+ 1 lap \u2013 20 riders (1 \u2013 9 to Main)<br \/>\n8:48pm \u2013 450 Heat #2 \u2013 + 1 lap \u2013 20 riders (1 \u2013 9 to Main)<\/p>\n<p>8:21pm \u2013 250 Last Chance Qualifier \u2013 5 Minutes\/Plus 1 lap \u2013 22 riders (1 \u2013 4 to Main)<br \/>\n8:32pm \u2013 450 Last Chance Qualifier \u2013 5 Minutes\/Plus 1 lap \u2013 22 riders (1 \u2013 4 to Main)<\/p>\n<p><strong>9<\/strong><strong>:57pm \u2013 250 FINAL \u2013 15 Min+ 1 lap \u2013 22 riders<\/strong><\/p>\n<p><strong>10<\/strong><strong>:29pm \u2013<\/strong> <strong>450 FINAL \u2013 20 Min+ 1 lap \u2013 22 riders<\/strong><\/p>\n<p>&nbsp;<\/p>\n","protected":false},"excerpt":{"rendered":"<p>Carrera 12 de este campeonato de eliminaci\u00f3n&#8230; Se confirm\u00f3 que Jason Anderson deja de correr&#8230;<\/p>\n","protected":false},"author":2,"featured_media":75415,"comment_status":"closed","ping_status":"closed","sticky":false,"template":"","format":"standard","meta":{"om_disable_all_campaigns":false,"_monsterinsights_skip_tracking":false,"_monsterinsights_sitenote_active":false,"_monsterinsights_sitenote_note":"","_monsterinsights_sitenote_category":0,"_uf_show_specific_survey":0,"_uf_disable_surveys":false,"footnotes":""},"categories":[25,30],"tags":[],"class_list":["post-75881","post","type-post","status-publish","format-standard","has-post-thumbnail","hentry","category-ama-motocross","category-ama-supercross"],"aioseo_notices":[],"_links":{"self":[{"href":"https:\/\/www.crossprensa.com.ar\/news\/wp-json\/wp\/v2\/posts\/75881","targetHints":{"allow":["GET"]}}],"collection":[{"href":"https:\/\/www.crossprensa.com.ar\/news\/wp-json\/wp\/v2\/posts"}],"about":[{"href":"https:\/\/www.crossprensa.com.ar\/news\/wp-json\/wp\/v2\/types\/post"}],"author":[{"embeddable":true,"href":"https:\/\/www.crossprensa.com.ar\/news\/wp-json\/wp\/v2\/users\/2"}],"replies":[{"embeddable":true,"href":"https:\/\/www.crossprensa.com.ar\/news\/wp-json\/wp\/v2\/comments?post=75881"}],"version-history":[{"count":2,"href":"https:\/\/www.crossprensa.com.ar\/news\/wp-json\/wp\/v2\/posts\/75881\/revisions"}],"predecessor-version":[{"id":75894,"href":"https:\/\/www.crossprensa.com.ar\/news\/wp-json\/wp\/v2\/posts\/75881\/revisions\/75894"}],"wp:featuredmedia":[{"embeddable":true,"href":"https:\/\/www.crossprensa.com.ar\/news\/wp-json\/wp\/v2\/media\/75415"}],"wp:attachment":[{"href":"https:\/\/www.crossprensa.com.ar\/news\/wp-json\/wp\/v2\/media?parent=75881"}],"wp:term":[{"taxonomy":"category","embeddable":true,"href":"https:\/\/www.crossprensa.com.ar\/news\/wp-json\/wp\/v2\/categories?post=75881"},{"taxonomy":"post_tag","embeddable":true,"href":"https:\/\/www.crossprensa.com.ar\/news\/wp-json\/wp\/v2\/tags?post=75881"}],"curies":[{"name":"wp","href":"https:\/\/api.w.org\/{rel}","templated":true}]}}