{"id":75834,"date":"2025-04-03T09:42:16","date_gmt":"2025-04-03T12:42:16","guid":{"rendered":"https:\/\/www.crossprensa.com.ar\/news\/?p=75834"},"modified":"2025-04-03T09:42:16","modified_gmt":"2025-04-03T12:42:16","slug":"debuta-el-indio-pereyra-en-el-mx-argentino","status":"publish","type":"post","link":"https:\/\/www.crossprensa.com.ar\/news\/debuta-el-indio-pereyra-en-el-mx-argentino\/mx-argentino\/","title":{"rendered":"DEBUTA EL INDIO PEREYRA EN EL MX ARGENTINO!"},"content":{"rendered":"<p>Sinceramente me emocion\u00f3 el mensaje de Fernando, el pap\u00e1 del Indio. Un chico humilde, de una familia humilde y apasionada por este bendito deporte, a los que conocimos personalmente en 2023 en Bariloche cuando le prestaron una KX a Sumy para darse unas vueltas en La Cascada (Que de paso tiene su fecha por el MX del Sur de la Rep\u00fablica los d\u00edas 26 y 27 de Abril). El Indio tiene una historia de mucho sacrificio mezclado con emociones&#8230; Se lo contamos.<\/p>\n<p><!--more--><\/p>\n<p>La relaci\u00f3n con ellos era la de muchos con Crossprensa. Nos segu\u00edan, nos le\u00edan, comentaban&#8230; y no mucho m\u00e1s. Hasta que los conocimos, como con muchos, y esa amistad se hace mas de mirarse a los ojos y la mano extendida para saludar.<\/p>\n<p><a href=\"https:\/\/www.instagram.com\/_sportadventure\/?hl=en\"><img fetchpriority=\"high\" decoding=\"async\" class=\"alignnone wp-image-73936 size-full\" src=\"https:\/\/www.crossprensa.com.ar\/news\/wp-content\/uploads\/2024\/12\/gasgassportadventure.jpeg\" alt=\"\" width=\"1283\" height=\"109\" \/><\/a><\/p>\n<p>Un d\u00eda, nos cuenta Fernando que el Indio hab\u00eda juntado moneda por moneda para comprar un canasto de embrague roto de su KX, lo compra y lo estafan. Le mandan una caja con ladrillos en lugar del repuesto&#8230;.<\/p>\n<p>&nbsp;<\/p>\n<blockquote class=\"instagram-media\" style=\"background: #FFF; border: 0; border-radius: 3px; box-shadow: 0 0 1px 0 rgba(0,0,0,0.5),0 1px 10px 0 rgba(0,0,0,0.15); margin: 1px; max-width: 540px; min-width: 326px; padding: 0; width: calc(100% - 2px);\" data-instgrm-captioned=\"\" data-instgrm-permalink=\"https:\/\/www.instagram.com\/tv\/Ctco37dsXYT\/?utm_source=ig_embed&amp;utm_campaign=loading\" data-instgrm-version=\"14\">\n<div style=\"padding: 16px;\">\n<p>&nbsp;<\/p>\n<div style=\"display: flex; flex-direction: row; align-items: center;\">\n<div style=\"background-color: #f4f4f4; border-radius: 50%; flex-grow: 0; height: 40px; margin-right: 14px; width: 40px;\"><\/div>\n<div style=\"display: flex; flex-direction: column; flex-grow: 1; justify-content: center;\">\n<div style=\"background-color: #f4f4f4; border-radius: 4px; flex-grow: 0; height: 14px; margin-bottom: 6px; width: 100px;\"><\/div>\n<div style=\"background-color: #f4f4f4; border-radius: 4px; flex-grow: 0; height: 14px; width: 60px;\"><\/div>\n<\/div>\n<\/div>\n<div style=\"padding: 19% 0;\"><\/div>\n<div style=\"display: block; height: 50px; margin: 0 auto 12px; width: 50px;\"><\/div>\n<div style=\"padding-top: 8px;\">\n<div style=\"color: #3897f0; font-family: Arial,sans-serif; font-size: 14px; font-style: normal; font-weight: 550; line-height: 18px;\">Ver esta publicaci\u00f3n en Instagram<\/div>\n<\/div>\n<div style=\"padding: 12.5% 0;\"><\/div>\n<div style=\"display: flex; flex-direction: row; margin-bottom: 14px; align-items: center;\">\n<div>\n<div style=\"background-color: #f4f4f4; border-radius: 50%; height: 12.5px; width: 12.5px; transform: translateX(0px) translateY(7px);\"><\/div>\n<div style=\"background-color: #f4f4f4; height: 12.5px; transform: rotate(-45deg) translateX(3px) translateY(1px); width: 12.5px; flex-grow: 0; margin-right: 14px; margin-left: 2px;\"><\/div>\n<div style=\"background-color: #f4f4f4; border-radius: 50%; height: 12.5px; width: 12.5px; transform: translateX(9px) translateY(-18px);\"><\/div>\n<\/div>\n<div style=\"margin-left: 8px;\">\n<div style=\"background-color: #f4f4f4; border-radius: 50%; flex-grow: 0; height: 20px; width: 20px;\"><\/div>\n<div style=\"width: 0; height: 0; border-top: 2px solid transparent; border-left: 6px solid #f4f4f4; border-bottom: 2px solid transparent; transform: translateX(16px) translateY(-4px) rotate(30deg);\"><\/div>\n<\/div>\n<div style=\"margin-left: auto;\">\n<div style=\"width: 0px; border-top: 8px solid #F4F4F4; border-right: 8px solid transparent; transform: translateY(16px);\"><\/div>\n<div style=\"background-color: #f4f4f4; flex-grow: 0; height: 12px; width: 16px; transform: translateY(-4px);\"><\/div>\n<div style=\"width: 0; height: 0; border-top: 8px solid #F4F4F4; border-left: 8px solid transparent; transform: translateY(-4px) translateX(8px);\"><\/div>\n<\/div>\n<\/div>\n<div style=\"display: flex; flex-direction: column; flex-grow: 1; justify-content: center; margin-bottom: 24px;\">\n<div style=\"background-color: #f4f4f4; border-radius: 4px; flex-grow: 0; height: 14px; margin-bottom: 6px; width: 224px;\"><\/div>\n<div style=\"background-color: #f4f4f4; border-radius: 4px; flex-grow: 0; height: 14px; width: 144px;\"><\/div>\n<\/div>\n<p>&nbsp;<\/p>\n<p style=\"color: #c9c8cd; font-family: Arial,sans-serif; font-size: 14px; line-height: 17px; margin-bottom: 0; margin-top: 8px; overflow: hidden; padding: 8px 0 7px; text-align: center; text-overflow: ellipsis; white-space: nowrap;\"><a style=\"color: #c9c8cd; font-family: Arial,sans-serif; font-size: 14px; font-style: normal; font-weight: normal; line-height: 17px; text-decoration: none;\" href=\"https:\/\/www.instagram.com\/tv\/Ctco37dsXYT\/?utm_source=ig_embed&amp;utm_campaign=loading\" target=\"_blank\" rel=\"noopener\">Una publicaci\u00f3n compartida de Crossprensa Argentina (@crossprensa.argentina)<\/a><\/p>\n<\/div>\n<\/blockquote>\n<p><script async src=\"\/\/www.instagram.com\/embed.js\"><\/script><\/p>\n<p>Hicimos una campa\u00f1a, la gente sac\u00f3 lo mejor de s\u00ed COMO SIEMPRE que lo pedimos, y el Indio pudo comprar de nuevo su canasto para poder seguir corriendo. Despu\u00e9s de eso, a las dos semanas aproximadamente fallece su mam\u00e1 Celestina en un accidente automovil\u00edstico. Ella era una dulzura de persona.<\/p>\n<p>Y si, la vida no le fue f\u00e1cil pero todo tiene una vuelta y una recompensa que se entiende con el paso del tiempo.<\/p>\n<p><img decoding=\"async\" class=\"alignnone size-full wp-image-75836\" src=\"https:\/\/www.crossprensa.com.ar\/news\/wp-content\/uploads\/2025\/04\/WhatsApp-Image-2025-04-03-at-08.51.43.jpeg\" alt=\"\" width=\"1200\" height=\"1600\" srcset=\"https:\/\/www.crossprensa.com.ar\/news\/wp-content\/uploads\/2025\/04\/WhatsApp-Image-2025-04-03-at-08.51.43.jpeg 1200w, https:\/\/www.crossprensa.com.ar\/news\/wp-content\/uploads\/2025\/04\/WhatsApp-Image-2025-04-03-at-08.51.43-225x300.jpeg 225w, https:\/\/www.crossprensa.com.ar\/news\/wp-content\/uploads\/2025\/04\/WhatsApp-Image-2025-04-03-at-08.51.43-300x400.jpeg 300w, https:\/\/www.crossprensa.com.ar\/news\/wp-content\/uploads\/2025\/04\/WhatsApp-Image-2025-04-03-at-08.51.43-768x1024.jpeg 768w, https:\/\/www.crossprensa.com.ar\/news\/wp-content\/uploads\/2025\/04\/WhatsApp-Image-2025-04-03-at-08.51.43-1152x1536.jpeg 1152w, https:\/\/www.crossprensa.com.ar\/news\/wp-content\/uploads\/2025\/04\/WhatsApp-Image-2025-04-03-at-08.51.43-1024x1365.jpeg 1024w\" sizes=\"(max-width: 1200px) 100vw, 1200px\" \/><\/p>\n<p>Hoy Indio querido, me lleg\u00f3 este mensaje de tu pap\u00e1 sobre que vas a debutar en el Argentino para cumplir otro sue\u00f1o m\u00e1s! Y como siempre (Como con todos los que podemos) te vamos a apoyar para verte con una enorme sonrisa abrazado a tu viejo cuando termine la carrera y con la mirada al cielo para dedic\u00e1rselo a tu mam\u00e1.<\/p>\n<p>Fernando, MIL GRACIAS por este mensaje amigo, y el finde nos tomamos unos mates charlando.\u00e7<\/p>\n<p>Se los transcribo tal cual nos lleg\u00f3 a whatsapp:<\/p>\n<p><em><strong>&#8220;Hola nestor soy fernando el pap\u00e1 de indio. Nada para contarte que este a\u00f1o vamos hacer el nacional. Indio esta muy feliz y gracias al motocroos a vos y a summaya venimos pasando todas las nubes grises. As\u00ed que nada palabras de agradecimiento por que si no hubiese sido por ustedes hoy estar\u00edamos afuera de este deporte. Contarte la alegr\u00eda y agradecerles por estar. Abrazo saludos y ya estaremos charlando con mate por medio. Saludos a summaya y que gracias a esa moto que ella manejo hoy indio tiene su debut en un nacional.&#8221;<\/strong><\/em><\/p>\n<p>Simplemente vamos a terminar la nota con una frase que dijimos hace mucho y la repetimos siempre: La pasi\u00f3n por el motocross se lleva en el alma, y como el alma misma no tiene explicaci\u00f3n&#8230;<\/p>\n<p>Gracias a toda la familia Pereyra por su pasi\u00f3n!<\/p>\n","protected":false},"excerpt":{"rendered":"<p>Sinceramente me emocion\u00f3 el mensaje de Fernando, el pap\u00e1 del Indio. Un chico humilde, de&#8230;<\/p>\n","protected":false},"author":2,"featured_media":75835,"comment_status":"closed","ping_status":"closed","sticky":false,"template":"","format":"standard","meta":{"om_disable_all_campaigns":false,"_monsterinsights_skip_tracking":false,"_monsterinsights_sitenote_active":false,"_monsterinsights_sitenote_note":"","_monsterinsights_sitenote_category":0,"_uf_show_specific_survey":0,"_uf_disable_surveys":false,"footnotes":""},"categories":[27],"tags":[],"class_list":["post-75834","post","type-post","status-publish","format-standard","has-post-thumbnail","hentry","category-mx-argentino"],"aioseo_notices":[],"_links":{"self":[{"href":"https:\/\/www.crossprensa.com.ar\/news\/wp-json\/wp\/v2\/posts\/75834","targetHints":{"allow":["GET"]}}],"collection":[{"href":"https:\/\/www.crossprensa.com.ar\/news\/wp-json\/wp\/v2\/posts"}],"about":[{"href":"https:\/\/www.crossprensa.com.ar\/news\/wp-json\/wp\/v2\/types\/post"}],"author":[{"embeddable":true,"href":"https:\/\/www.crossprensa.com.ar\/news\/wp-json\/wp\/v2\/users\/2"}],"replies":[{"embeddable":true,"href":"https:\/\/www.crossprensa.com.ar\/news\/wp-json\/wp\/v2\/comments?post=75834"}],"version-history":[{"count":1,"href":"https:\/\/www.crossprensa.com.ar\/news\/wp-json\/wp\/v2\/posts\/75834\/revisions"}],"predecessor-version":[{"id":75837,"href":"https:\/\/www.crossprensa.com.ar\/news\/wp-json\/wp\/v2\/posts\/75834\/revisions\/75837"}],"wp:featuredmedia":[{"embeddable":true,"href":"https:\/\/www.crossprensa.com.ar\/news\/wp-json\/wp\/v2\/media\/75835"}],"wp:attachment":[{"href":"https:\/\/www.crossprensa.com.ar\/news\/wp-json\/wp\/v2\/media?parent=75834"}],"wp:term":[{"taxonomy":"category","embeddable":true,"href":"https:\/\/www.crossprensa.com.ar\/news\/wp-json\/wp\/v2\/categories?post=75834"},{"taxonomy":"post_tag","embeddable":true,"href":"https:\/\/www.crossprensa.com.ar\/news\/wp-json\/wp\/v2\/tags?post=75834"}],"curies":[{"name":"wp","href":"https:\/\/api.w.org\/{rel}","templated":true}]}}