{"id":75812,"date":"2025-04-01T11:48:02","date_gmt":"2025-04-01T14:48:02","guid":{"rendered":"https:\/\/www.crossprensa.com.ar\/news\/?p=75812"},"modified":"2025-04-01T11:55:54","modified_gmt":"2025-04-01T14:55:54","slug":"hoy-operan-a-ismael-iraola","status":"publish","type":"post","link":"https:\/\/www.crossprensa.com.ar\/news\/hoy-operan-a-ismael-iraola\/crossprensa\/","title":{"rendered":"HOY OPERAN A ISMAEL IRAOLA"},"content":{"rendered":"<p>Luego del accidente que nos mantuvo a todos muy preocupados, la evoluci\u00f3n que tuvo en sus funciones f\u00edsicas y neurol\u00f3gicas, permiten que se pueda realizar la primera intervenci\u00f3n quir\u00fargia en el piloto venadense.<\/p>\n<p><!--more--><\/p>\n<p>Ayer, este es un res\u00famen de partes m\u00e9dicos que nos hicieron llegar:<\/p>\n<p>Ismael sigue evolucionando bien, pas\u00f3 estos \u00faltimos d\u00edas sin fiebre ni convulsiones. los m\u00e9dicos lo ven mejor. Siguen sin intentar despertarlo. Su estado sigue siendo cr\u00edtico controlado. si todo sigue igual sin complicaciones el martes a la ma\u00f1ana lo estar\u00edan operando de la fractura de mand\u00edbula.<\/p>\n<p>Lunes: Isma viene muy bien, estable. Los m\u00e9dicos lo ven evolucionando bien. Ma\u00f1ana (Por hoy Martes 4) a las 10hs aproximadamente es la operaci\u00f3n. No lo despertar\u00e1n hasta el mi\u00e9rcoles que empezar\u00e1n con las ventanas neurologicas de nuevo. La operaci\u00f3n es para reparar las fracturas, principalmente la mand\u00edbula. Sigamos rezando desde el coraz\u00f3n por Isma y por los m\u00e9dicos que lo operar\u00e1n.<\/p>\n<p>Desde Crossprensa, queremos desear todo lo mejor para Isma, y obviamente su familia que nunca se movi\u00f3 de su lado.<\/p>\n<p>Foto de portada: Ferm\u00edn Guti\u00e9rrez \/ <strong><a href=\"https:\/\/www.instagram.com\/phfg58\/?hl=en\">@phfg58<\/a><\/strong><\/p>\n","protected":false},"excerpt":{"rendered":"<p>Luego del accidente que nos mantuvo a todos muy preocupados, la evoluci\u00f3n que tuvo en&#8230;<\/p>\n","protected":false},"author":2,"featured_media":75815,"comment_status":"closed","ping_status":"closed","sticky":false,"template":"","format":"standard","meta":{"om_disable_all_campaigns":false,"_monsterinsights_skip_tracking":false,"_monsterinsights_sitenote_active":false,"_monsterinsights_sitenote_note":"","_monsterinsights_sitenote_category":0,"_uf_show_specific_survey":0,"_uf_disable_surveys":false,"footnotes":""},"categories":[37],"tags":[],"class_list":["post-75812","post","type-post","status-publish","format-standard","has-post-thumbnail","hentry","category-crossprensa"],"aioseo_notices":[],"_links":{"self":[{"href":"https:\/\/www.crossprensa.com.ar\/news\/wp-json\/wp\/v2\/posts\/75812","targetHints":{"allow":["GET"]}}],"collection":[{"href":"https:\/\/www.crossprensa.com.ar\/news\/wp-json\/wp\/v2\/posts"}],"about":[{"href":"https:\/\/www.crossprensa.com.ar\/news\/wp-json\/wp\/v2\/types\/post"}],"author":[{"embeddable":true,"href":"https:\/\/www.crossprensa.com.ar\/news\/wp-json\/wp\/v2\/users\/2"}],"replies":[{"embeddable":true,"href":"https:\/\/www.crossprensa.com.ar\/news\/wp-json\/wp\/v2\/comments?post=75812"}],"version-history":[{"count":1,"href":"https:\/\/www.crossprensa.com.ar\/news\/wp-json\/wp\/v2\/posts\/75812\/revisions"}],"predecessor-version":[{"id":75814,"href":"https:\/\/www.crossprensa.com.ar\/news\/wp-json\/wp\/v2\/posts\/75812\/revisions\/75814"}],"wp:featuredmedia":[{"embeddable":true,"href":"https:\/\/www.crossprensa.com.ar\/news\/wp-json\/wp\/v2\/media\/75815"}],"wp:attachment":[{"href":"https:\/\/www.crossprensa.com.ar\/news\/wp-json\/wp\/v2\/media?parent=75812"}],"wp:term":[{"taxonomy":"category","embeddable":true,"href":"https:\/\/www.crossprensa.com.ar\/news\/wp-json\/wp\/v2\/categories?post=75812"},{"taxonomy":"post_tag","embeddable":true,"href":"https:\/\/www.crossprensa.com.ar\/news\/wp-json\/wp\/v2\/tags?post=75812"}],"curies":[{"name":"wp","href":"https:\/\/api.w.org\/{rel}","templated":true}]}}