{"id":75719,"date":"2025-03-26T05:04:46","date_gmt":"2025-03-26T08:04:46","guid":{"rendered":"https:\/\/www.crossprensa.com.ar\/news\/?p=75719"},"modified":"2025-03-26T10:22:37","modified_gmt":"2025-03-26T13:22:37","slug":"mijael-urfalian-se-recupera-bien","status":"publish","type":"post","link":"https:\/\/www.crossprensa.com.ar\/news\/mijael-urfalian-se-recupera-bien\/mx-cordobes\/","title":{"rendered":"MIJAEL URFALIAN se recupera bien."},"content":{"rendered":"<p>El piloto de la categor\u00eda 85 que sufri\u00f3 un fuerte golpe el Domingo en C\u00f3rdoba, preocup\u00f3 mucho por el estado de inconsciencia pero fue r\u00e1pidamente trasladado.<\/p>\n<p><!--more--><\/p>\n<p>Estuvo internado en terapia para estudios primero y por precauci\u00f3n luego pero mejor\u00f3 r\u00e1pidamente por lo que se lo traslad\u00f3 ayer a una habitaci\u00f3n com\u00fan para seguir con su recuperaci\u00f3n. Agradecemos much\u00edsimo la informaci\u00f3n a su pap\u00e1 Miguel, que siempre est\u00e1 pegado a Crossprensa. Y por su lado, agradecer a todos los que se comunicaron preocupados por el golpe.<\/p>\n<p><img fetchpriority=\"high\" decoding=\"async\" class=\"alignnone size-full wp-image-75722\" src=\"https:\/\/www.crossprensa.com.ar\/news\/wp-content\/uploads\/2025\/03\/WhatsApp-Image-2025-03-25-at-12.40.52.jpeg\" alt=\"\" width=\"900\" height=\"1600\" srcset=\"https:\/\/www.crossprensa.com.ar\/news\/wp-content\/uploads\/2025\/03\/WhatsApp-Image-2025-03-25-at-12.40.52.jpeg 900w, https:\/\/www.crossprensa.com.ar\/news\/wp-content\/uploads\/2025\/03\/WhatsApp-Image-2025-03-25-at-12.40.52-169x300.jpeg 169w, https:\/\/www.crossprensa.com.ar\/news\/wp-content\/uploads\/2025\/03\/WhatsApp-Image-2025-03-25-at-12.40.52-225x400.jpeg 225w, https:\/\/www.crossprensa.com.ar\/news\/wp-content\/uploads\/2025\/03\/WhatsApp-Image-2025-03-25-at-12.40.52-768x1365.jpeg 768w, https:\/\/www.crossprensa.com.ar\/news\/wp-content\/uploads\/2025\/03\/WhatsApp-Image-2025-03-25-at-12.40.52-864x1536.jpeg 864w\" sizes=\"(max-width: 900px) 100vw, 900px\" \/><\/p>\n","protected":false},"excerpt":{"rendered":"<p>El piloto de la categor\u00eda 85 que sufri\u00f3 un fuerte golpe el Domingo en C\u00f3rdoba,&#8230;<\/p>\n","protected":false},"author":2,"featured_media":75721,"comment_status":"closed","ping_status":"closed","sticky":false,"template":"","format":"standard","meta":{"om_disable_all_campaigns":false,"_monsterinsights_skip_tracking":false,"_monsterinsights_sitenote_active":false,"_monsterinsights_sitenote_note":"","_monsterinsights_sitenote_category":0,"_uf_show_specific_survey":0,"_uf_disable_surveys":false,"footnotes":""},"categories":[41],"tags":[],"class_list":["post-75719","post","type-post","status-publish","format-standard","has-post-thumbnail","hentry","category-mx-cordobes"],"aioseo_notices":[],"_links":{"self":[{"href":"https:\/\/www.crossprensa.com.ar\/news\/wp-json\/wp\/v2\/posts\/75719","targetHints":{"allow":["GET"]}}],"collection":[{"href":"https:\/\/www.crossprensa.com.ar\/news\/wp-json\/wp\/v2\/posts"}],"about":[{"href":"https:\/\/www.crossprensa.com.ar\/news\/wp-json\/wp\/v2\/types\/post"}],"author":[{"embeddable":true,"href":"https:\/\/www.crossprensa.com.ar\/news\/wp-json\/wp\/v2\/users\/2"}],"replies":[{"embeddable":true,"href":"https:\/\/www.crossprensa.com.ar\/news\/wp-json\/wp\/v2\/comments?post=75719"}],"version-history":[{"count":1,"href":"https:\/\/www.crossprensa.com.ar\/news\/wp-json\/wp\/v2\/posts\/75719\/revisions"}],"predecessor-version":[{"id":75723,"href":"https:\/\/www.crossprensa.com.ar\/news\/wp-json\/wp\/v2\/posts\/75719\/revisions\/75723"}],"wp:featuredmedia":[{"embeddable":true,"href":"https:\/\/www.crossprensa.com.ar\/news\/wp-json\/wp\/v2\/media\/75721"}],"wp:attachment":[{"href":"https:\/\/www.crossprensa.com.ar\/news\/wp-json\/wp\/v2\/media?parent=75719"}],"wp:term":[{"taxonomy":"category","embeddable":true,"href":"https:\/\/www.crossprensa.com.ar\/news\/wp-json\/wp\/v2\/categories?post=75719"},{"taxonomy":"post_tag","embeddable":true,"href":"https:\/\/www.crossprensa.com.ar\/news\/wp-json\/wp\/v2\/tags?post=75719"}],"curies":[{"name":"wp","href":"https:\/\/api.w.org\/{rel}","templated":true}]}}