{"id":75661,"date":"2025-03-24T19:35:17","date_gmt":"2025-03-24T22:35:17","guid":{"rendered":"https:\/\/www.crossprensa.com.ar\/news\/?p=75661"},"modified":"2025-03-25T10:14:42","modified_gmt":"2025-03-25T13:14:42","slug":"maxime-renaux-operado","status":"publish","type":"post","link":"https:\/\/www.crossprensa.com.ar\/news\/maxime-renaux-operado\/mxgp\/","title":{"rendered":"MAXIME RENAUX OPERADO."},"content":{"rendered":"<p>Maxime Renaux, del Monster Energy Yamaha Factory MXGP , ha confirmado que actualmente se est\u00e1 recuperando de una fractura en la mano derecha que sufri\u00f3 durante una sesi\u00f3n de entrenamiento antes de la segunda carrera del Campeonato Mundial de Motocross FIM en C\u00f3zar, Espa\u00f1a.<\/p>\n<p><!--more--><\/p>\n<p>Renaux comenz\u00f3 su campa\u00f1a por el t\u00edtulo de MXGP 2025 con una impresionante victoria en la primera fecha del Campeonato Mundial de Motocross FIM en C\u00f3rdoba, Argentina. Sin embargo, durante la semana previa a la segunda carrera en C\u00f3zar, sufri\u00f3 un incidente en un entrenamiento que le provoc\u00f3 la fractura de dos metacarpianos de la mano derecha. La lesi\u00f3n requiri\u00f3 atenci\u00f3n m\u00e9dica inmediata, y Renaux se someti\u00f3 con \u00e9xito a una cirug\u00eda para colocarle una placa en los huesos en B\u00e9lgica.<\/p>\n<p>Tras recibir la autorizaci\u00f3n m\u00e9dica, que confirm\u00f3 que era seguro competir sin riesgo de sufrir m\u00e1s da\u00f1os, Renaux decidi\u00f3 competir en Cozar y en el Gran Premio de su pa\u00eds, Saint Jean d&#8217;Angely, Francia. Si bien sus resultados en estas dos carreras podr\u00edan no reflejar su verdadero potencial, dadas las circunstancias, su rendimiento ha sido notable. El franc\u00e9s de 24 a\u00f1os logr\u00f3 sumar 64 valiosos puntos y actualmente ocupa el tercer lugar en la clasificaci\u00f3n del Campeonato MXGP.<\/p>\n<p>Renaux inicia ahora un per\u00edodo de recuperaci\u00f3n de dos semanas antes del MXGP de Cerde\u00f1a, programado para el 5 y 6 de abril en Riola Sardo, Cerde\u00f1a. Su equipo m\u00e9dico prev\u00e9 una mejora significativa durante este per\u00edodo y seguir\u00e1 trabajando estrechamente con \u00e9l para asegurar que recupere su plena forma lo antes posible.<\/p>\n<p><strong><em>Maxime Renaux,<\/em><\/strong><br \/>\n<strong><em>piloto de Monster Energy Yamaha Factory MXGP<\/em><\/strong><\/p>\n<p>&#8220;Me romp\u00ed dos metacarpianos entrenando el martes antes de la carrera en Espa\u00f1a. Me operaron y, desde entonces, he pasado por mucho. Luch\u00e9 con todas mis fuerzas para seguir en el campeonato, y eso es lo que conseguimos. Mis resultados est\u00e1n lejos de mi m\u00e1ximo potencial, pero dada la situaci\u00f3n, sigue siendo un milagro que haya podido estar en el partidor. Ya van tres carreras, con 17 m\u00e1s por delante. Ojal\u00e1 hubiera podido rendir mejor y haber alcanzado mi m\u00e1ximo potencial, pero estaba limitado. Ahora tengo dos semanas m\u00e1s de recuperaci\u00f3n, lo que deber\u00eda ser suficiente para estar casi al 100% para la carrera en Cerde\u00f1a.&#8221;<\/p>\n","protected":false},"excerpt":{"rendered":"<p>Maxime Renaux, del Monster Energy Yamaha Factory MXGP , ha confirmado que actualmente se est\u00e1&#8230;<\/p>\n","protected":false},"author":2,"featured_media":75662,"comment_status":"closed","ping_status":"closed","sticky":false,"template":"","format":"standard","meta":{"om_disable_all_campaigns":false,"_monsterinsights_skip_tracking":false,"_monsterinsights_sitenote_active":false,"_monsterinsights_sitenote_note":"","_monsterinsights_sitenote_category":0,"_uf_show_specific_survey":0,"_uf_disable_surveys":false,"footnotes":""},"categories":[24],"tags":[],"class_list":["post-75661","post","type-post","status-publish","format-standard","has-post-thumbnail","hentry","category-mxgp"],"aioseo_notices":[],"_links":{"self":[{"href":"https:\/\/www.crossprensa.com.ar\/news\/wp-json\/wp\/v2\/posts\/75661","targetHints":{"allow":["GET"]}}],"collection":[{"href":"https:\/\/www.crossprensa.com.ar\/news\/wp-json\/wp\/v2\/posts"}],"about":[{"href":"https:\/\/www.crossprensa.com.ar\/news\/wp-json\/wp\/v2\/types\/post"}],"author":[{"embeddable":true,"href":"https:\/\/www.crossprensa.com.ar\/news\/wp-json\/wp\/v2\/users\/2"}],"replies":[{"embeddable":true,"href":"https:\/\/www.crossprensa.com.ar\/news\/wp-json\/wp\/v2\/comments?post=75661"}],"version-history":[{"count":1,"href":"https:\/\/www.crossprensa.com.ar\/news\/wp-json\/wp\/v2\/posts\/75661\/revisions"}],"predecessor-version":[{"id":75663,"href":"https:\/\/www.crossprensa.com.ar\/news\/wp-json\/wp\/v2\/posts\/75661\/revisions\/75663"}],"wp:featuredmedia":[{"embeddable":true,"href":"https:\/\/www.crossprensa.com.ar\/news\/wp-json\/wp\/v2\/media\/75662"}],"wp:attachment":[{"href":"https:\/\/www.crossprensa.com.ar\/news\/wp-json\/wp\/v2\/media?parent=75661"}],"wp:term":[{"taxonomy":"category","embeddable":true,"href":"https:\/\/www.crossprensa.com.ar\/news\/wp-json\/wp\/v2\/categories?post=75661"},{"taxonomy":"post_tag","embeddable":true,"href":"https:\/\/www.crossprensa.com.ar\/news\/wp-json\/wp\/v2\/tags?post=75661"}],"curies":[{"name":"wp","href":"https:\/\/api.w.org\/{rel}","templated":true}]}}