{"id":75531,"date":"2025-03-17T16:10:44","date_gmt":"2025-03-17T19:10:44","guid":{"rendered":"https:\/\/www.crossprensa.com.ar\/news\/?p=75531"},"modified":"2025-03-17T16:11:18","modified_gmt":"2025-03-17T19:11:18","slug":"un-domingo-diferente","status":"publish","type":"post","link":"https:\/\/www.crossprensa.com.ar\/news\/un-domingo-diferente\/crossprensa\/","title":{"rendered":"UN DOMINGO DIFERENTE&#8230;"},"content":{"rendered":"<p>Un d\u00eda muy diferente, muy lindo, muy emotivo.<\/p>\n<p>La municipalidad de la ciudad de Recreo (que seguir\u00e1 siendo &#8220;MI PUEBLO&#8221; siempre), encabezada por Omar Colombo y a trav\u00e9s de varios integrantes de su gabinete, tuvieron la enorme deferencia de invitar a Crossprensa y a qui\u00e9n firma esta nota, para ser parte de un homenaje al caballero del camino Eusebio Marcilla, piloto de TC que tuviera un accidente que lo inmortaliz\u00f3 precisamente en el cruce de las rutas nacional 11 y provincial 70 que hoy lleva su nombre.<\/p>\n<p><!--more--><\/p>\n<p>La cupecita Chevrolet 1940 que es una r\u00e9plica de la que manejaba Marcilla cuando tuvo el accidente en Recreo. Para hacer este auto se usaron partes originales del auto que dejaron esta belleza en estado original, de puro TC de ruta.<\/p>\n<p><img fetchpriority=\"high\" decoding=\"async\" class=\"alignnone size-full wp-image-75533\" src=\"https:\/\/www.crossprensa.com.ar\/news\/wp-content\/uploads\/2025\/03\/WhatsApp-Image-2025-03-16-at-20.36.09.jpeg\" alt=\"\" width=\"1280\" height=\"853\" srcset=\"https:\/\/www.crossprensa.com.ar\/news\/wp-content\/uploads\/2025\/03\/WhatsApp-Image-2025-03-16-at-20.36.09.jpeg 1280w, https:\/\/www.crossprensa.com.ar\/news\/wp-content\/uploads\/2025\/03\/WhatsApp-Image-2025-03-16-at-20.36.09-300x200.jpeg 300w, https:\/\/www.crossprensa.com.ar\/news\/wp-content\/uploads\/2025\/03\/WhatsApp-Image-2025-03-16-at-20.36.09-600x400.jpeg 600w, https:\/\/www.crossprensa.com.ar\/news\/wp-content\/uploads\/2025\/03\/WhatsApp-Image-2025-03-16-at-20.36.09-768x512.jpeg 768w, https:\/\/www.crossprensa.com.ar\/news\/wp-content\/uploads\/2025\/03\/WhatsApp-Image-2025-03-16-at-20.36.09-1024x682.jpeg 1024w\" sizes=\"(max-width: 1280px) 100vw, 1280px\" \/><\/p>\n<p><img decoding=\"async\" class=\"alignnone size-full wp-image-74397\" src=\"https:\/\/www.crossprensa.com.ar\/news\/wp-content\/uploads\/2025\/01\/Banner-Kawasaki-Klx450-1200x100px-1.gif\" alt=\"\" width=\"1200\" height=\"100\" \/><\/p>\n<p>Adem\u00e1s, se sumaron muchos autos de la zona y de otras provincias para este homenaje que se est\u00e1 transformando en un cl\u00e1sico de cada Marzo en Recreo.<\/p>\n<p><img decoding=\"async\" class=\"alignnone size-full wp-image-75534\" src=\"https:\/\/www.crossprensa.com.ar\/news\/wp-content\/uploads\/2025\/03\/WhatsApp-Image-2025-03-16-at-20.36.17-1.jpeg\" alt=\"\" width=\"1280\" height=\"853\" srcset=\"https:\/\/www.crossprensa.com.ar\/news\/wp-content\/uploads\/2025\/03\/WhatsApp-Image-2025-03-16-at-20.36.17-1.jpeg 1280w, https:\/\/www.crossprensa.com.ar\/news\/wp-content\/uploads\/2025\/03\/WhatsApp-Image-2025-03-16-at-20.36.17-1-300x200.jpeg 300w, https:\/\/www.crossprensa.com.ar\/news\/wp-content\/uploads\/2025\/03\/WhatsApp-Image-2025-03-16-at-20.36.17-1-600x400.jpeg 600w, https:\/\/www.crossprensa.com.ar\/news\/wp-content\/uploads\/2025\/03\/WhatsApp-Image-2025-03-16-at-20.36.17-1-768x512.jpeg 768w, https:\/\/www.crossprensa.com.ar\/news\/wp-content\/uploads\/2025\/03\/WhatsApp-Image-2025-03-16-at-20.36.17-1-1024x682.jpeg 1024w\" sizes=\"(max-width: 1280px) 100vw, 1280px\" \/> <img loading=\"lazy\" decoding=\"async\" class=\"alignnone size-full wp-image-75535\" src=\"https:\/\/www.crossprensa.com.ar\/news\/wp-content\/uploads\/2025\/03\/WhatsApp-Image-2025-03-16-at-20.36.03-2.jpeg\" alt=\"\" width=\"1280\" height=\"853\" srcset=\"https:\/\/www.crossprensa.com.ar\/news\/wp-content\/uploads\/2025\/03\/WhatsApp-Image-2025-03-16-at-20.36.03-2.jpeg 1280w, https:\/\/www.crossprensa.com.ar\/news\/wp-content\/uploads\/2025\/03\/WhatsApp-Image-2025-03-16-at-20.36.03-2-300x200.jpeg 300w, https:\/\/www.crossprensa.com.ar\/news\/wp-content\/uploads\/2025\/03\/WhatsApp-Image-2025-03-16-at-20.36.03-2-600x400.jpeg 600w, https:\/\/www.crossprensa.com.ar\/news\/wp-content\/uploads\/2025\/03\/WhatsApp-Image-2025-03-16-at-20.36.03-2-768x512.jpeg 768w, https:\/\/www.crossprensa.com.ar\/news\/wp-content\/uploads\/2025\/03\/WhatsApp-Image-2025-03-16-at-20.36.03-2-1024x682.jpeg 1024w\" sizes=\"(max-width: 1280px) 100vw, 1280px\" \/><\/p>\n<p><img loading=\"lazy\" decoding=\"async\" class=\"alignnone size-full wp-image-74647\" src=\"https:\/\/www.crossprensa.com.ar\/news\/wp-content\/uploads\/2025\/01\/Banner-Triumph-Tiger900-1200x100px.gif\" alt=\"\" width=\"1200\" height=\"100\" \/><\/p>\n<p><img loading=\"lazy\" decoding=\"async\" class=\"alignnone size-full wp-image-75536\" src=\"https:\/\/www.crossprensa.com.ar\/news\/wp-content\/uploads\/2025\/03\/WhatsApp-Image-2025-03-16-at-20.36.06.jpeg\" alt=\"\" width=\"1280\" height=\"853\" srcset=\"https:\/\/www.crossprensa.com.ar\/news\/wp-content\/uploads\/2025\/03\/WhatsApp-Image-2025-03-16-at-20.36.06.jpeg 1280w, https:\/\/www.crossprensa.com.ar\/news\/wp-content\/uploads\/2025\/03\/WhatsApp-Image-2025-03-16-at-20.36.06-300x200.jpeg 300w, https:\/\/www.crossprensa.com.ar\/news\/wp-content\/uploads\/2025\/03\/WhatsApp-Image-2025-03-16-at-20.36.06-600x400.jpeg 600w, https:\/\/www.crossprensa.com.ar\/news\/wp-content\/uploads\/2025\/03\/WhatsApp-Image-2025-03-16-at-20.36.06-768x512.jpeg 768w, https:\/\/www.crossprensa.com.ar\/news\/wp-content\/uploads\/2025\/03\/WhatsApp-Image-2025-03-16-at-20.36.06-1024x682.jpeg 1024w\" sizes=\"(max-width: 1280px) 100vw, 1280px\" \/> <img loading=\"lazy\" decoding=\"async\" class=\"alignnone size-full wp-image-75537\" src=\"https:\/\/www.crossprensa.com.ar\/news\/wp-content\/uploads\/2025\/03\/WhatsApp-Image-2025-03-16-at-20.36.16-2.jpeg\" alt=\"\" width=\"1280\" height=\"853\" srcset=\"https:\/\/www.crossprensa.com.ar\/news\/wp-content\/uploads\/2025\/03\/WhatsApp-Image-2025-03-16-at-20.36.16-2.jpeg 1280w, https:\/\/www.crossprensa.com.ar\/news\/wp-content\/uploads\/2025\/03\/WhatsApp-Image-2025-03-16-at-20.36.16-2-300x200.jpeg 300w, https:\/\/www.crossprensa.com.ar\/news\/wp-content\/uploads\/2025\/03\/WhatsApp-Image-2025-03-16-at-20.36.16-2-600x400.jpeg 600w, https:\/\/www.crossprensa.com.ar\/news\/wp-content\/uploads\/2025\/03\/WhatsApp-Image-2025-03-16-at-20.36.16-2-768x512.jpeg 768w, https:\/\/www.crossprensa.com.ar\/news\/wp-content\/uploads\/2025\/03\/WhatsApp-Image-2025-03-16-at-20.36.16-2-1024x682.jpeg 1024w\" sizes=\"(max-width: 1280px) 100vw, 1280px\" \/><\/p>\n<p><img loading=\"lazy\" decoding=\"async\" class=\"alignnone size-full wp-image-73938\" src=\"https:\/\/www.crossprensa.com.ar\/news\/wp-content\/uploads\/2024\/12\/husqvarnasportadventure.jpeg\" alt=\"\" width=\"1283\" height=\"109\" \/><\/p>\n<p>La rivalidad Ford \/ Chevrolet se hizo presente a puro acelerador cuando pusieron los autos en marcha y fue una sinfon\u00eda de 6 y 8 cilindros en la plaza de Recreo. Les rompimos la siesta!<\/p>\n<p><img loading=\"lazy\" decoding=\"async\" class=\"alignnone size-full wp-image-75538\" src=\"https:\/\/www.crossprensa.com.ar\/news\/wp-content\/uploads\/2025\/03\/WhatsApp-Image-2025-03-16-at-20.36.16.jpeg\" alt=\"\" width=\"1280\" height=\"853\" srcset=\"https:\/\/www.crossprensa.com.ar\/news\/wp-content\/uploads\/2025\/03\/WhatsApp-Image-2025-03-16-at-20.36.16.jpeg 1280w, https:\/\/www.crossprensa.com.ar\/news\/wp-content\/uploads\/2025\/03\/WhatsApp-Image-2025-03-16-at-20.36.16-300x200.jpeg 300w, https:\/\/www.crossprensa.com.ar\/news\/wp-content\/uploads\/2025\/03\/WhatsApp-Image-2025-03-16-at-20.36.16-600x400.jpeg 600w, https:\/\/www.crossprensa.com.ar\/news\/wp-content\/uploads\/2025\/03\/WhatsApp-Image-2025-03-16-at-20.36.16-768x512.jpeg 768w, https:\/\/www.crossprensa.com.ar\/news\/wp-content\/uploads\/2025\/03\/WhatsApp-Image-2025-03-16-at-20.36.16-1024x682.jpeg 1024w\" sizes=\"(max-width: 1280px) 100vw, 1280px\" \/> <img loading=\"lazy\" decoding=\"async\" class=\"alignnone size-full wp-image-75539\" src=\"https:\/\/www.crossprensa.com.ar\/news\/wp-content\/uploads\/2025\/03\/WhatsApp-Image-2025-03-16-at-20.36.19-1.jpeg\" alt=\"\" width=\"1280\" height=\"853\" srcset=\"https:\/\/www.crossprensa.com.ar\/news\/wp-content\/uploads\/2025\/03\/WhatsApp-Image-2025-03-16-at-20.36.19-1.jpeg 1280w, https:\/\/www.crossprensa.com.ar\/news\/wp-content\/uploads\/2025\/03\/WhatsApp-Image-2025-03-16-at-20.36.19-1-300x200.jpeg 300w, https:\/\/www.crossprensa.com.ar\/news\/wp-content\/uploads\/2025\/03\/WhatsApp-Image-2025-03-16-at-20.36.19-1-600x400.jpeg 600w, https:\/\/www.crossprensa.com.ar\/news\/wp-content\/uploads\/2025\/03\/WhatsApp-Image-2025-03-16-at-20.36.19-1-768x512.jpeg 768w, https:\/\/www.crossprensa.com.ar\/news\/wp-content\/uploads\/2025\/03\/WhatsApp-Image-2025-03-16-at-20.36.19-1-1024x682.jpeg 1024w\" sizes=\"(max-width: 1280px) 100vw, 1280px\" \/><\/p>\n<p>De izquierda a derecha: Norma Antoniazzi, Omar Colombo (Intendente), Eduardo Dovis y Javier Donetti,<\/p>\n<p><img loading=\"lazy\" decoding=\"async\" class=\"alignnone size-full wp-image-75540\" src=\"https:\/\/www.crossprensa.com.ar\/news\/wp-content\/uploads\/2025\/03\/WhatsApp-Image-2025-03-16-at-20.36.20.jpeg\" alt=\"\" width=\"1280\" height=\"853\" srcset=\"https:\/\/www.crossprensa.com.ar\/news\/wp-content\/uploads\/2025\/03\/WhatsApp-Image-2025-03-16-at-20.36.20.jpeg 1280w, https:\/\/www.crossprensa.com.ar\/news\/wp-content\/uploads\/2025\/03\/WhatsApp-Image-2025-03-16-at-20.36.20-300x200.jpeg 300w, https:\/\/www.crossprensa.com.ar\/news\/wp-content\/uploads\/2025\/03\/WhatsApp-Image-2025-03-16-at-20.36.20-600x400.jpeg 600w, https:\/\/www.crossprensa.com.ar\/news\/wp-content\/uploads\/2025\/03\/WhatsApp-Image-2025-03-16-at-20.36.20-768x512.jpeg 768w, https:\/\/www.crossprensa.com.ar\/news\/wp-content\/uploads\/2025\/03\/WhatsApp-Image-2025-03-16-at-20.36.20-1024x682.jpeg 1024w\" sizes=\"(max-width: 1280px) 100vw, 1280px\" \/> <img loading=\"lazy\" decoding=\"async\" class=\"alignnone size-full wp-image-75541\" src=\"https:\/\/www.crossprensa.com.ar\/news\/wp-content\/uploads\/2025\/03\/WhatsApp-Image-2025-03-16-at-20.36.24-1.jpeg\" alt=\"\" width=\"1280\" height=\"853\" srcset=\"https:\/\/www.crossprensa.com.ar\/news\/wp-content\/uploads\/2025\/03\/WhatsApp-Image-2025-03-16-at-20.36.24-1.jpeg 1280w, https:\/\/www.crossprensa.com.ar\/news\/wp-content\/uploads\/2025\/03\/WhatsApp-Image-2025-03-16-at-20.36.24-1-300x200.jpeg 300w, https:\/\/www.crossprensa.com.ar\/news\/wp-content\/uploads\/2025\/03\/WhatsApp-Image-2025-03-16-at-20.36.24-1-600x400.jpeg 600w, https:\/\/www.crossprensa.com.ar\/news\/wp-content\/uploads\/2025\/03\/WhatsApp-Image-2025-03-16-at-20.36.24-1-768x512.jpeg 768w, https:\/\/www.crossprensa.com.ar\/news\/wp-content\/uploads\/2025\/03\/WhatsApp-Image-2025-03-16-at-20.36.24-1-1024x682.jpeg 1024w\" sizes=\"(max-width: 1280px) 100vw, 1280px\" \/><\/p>\n<p><img loading=\"lazy\" decoding=\"async\" class=\"alignnone size-full wp-image-74861\" src=\"https:\/\/www.crossprensa.com.ar\/news\/wp-content\/uploads\/2025\/01\/sospro.gif\" alt=\"\" width=\"1200\" height=\"100\" \/><\/p>\n<p>Un auto hist\u00f3rico de Recreo: Lancia Beta 1980, que fue propiedad de Albino Cordani y hoy est\u00e1 en manos de sus hijos Enzo (A la derecha, con el micr\u00f3fono) y Mario.<\/p>\n<p><img loading=\"lazy\" decoding=\"async\" class=\"alignnone size-full wp-image-75542\" src=\"https:\/\/www.crossprensa.com.ar\/news\/wp-content\/uploads\/2025\/03\/WhatsApp-Image-2025-03-16-at-20.36.22.jpeg\" alt=\"\" width=\"1280\" height=\"853\" srcset=\"https:\/\/www.crossprensa.com.ar\/news\/wp-content\/uploads\/2025\/03\/WhatsApp-Image-2025-03-16-at-20.36.22.jpeg 1280w, https:\/\/www.crossprensa.com.ar\/news\/wp-content\/uploads\/2025\/03\/WhatsApp-Image-2025-03-16-at-20.36.22-300x200.jpeg 300w, https:\/\/www.crossprensa.com.ar\/news\/wp-content\/uploads\/2025\/03\/WhatsApp-Image-2025-03-16-at-20.36.22-600x400.jpeg 600w, https:\/\/www.crossprensa.com.ar\/news\/wp-content\/uploads\/2025\/03\/WhatsApp-Image-2025-03-16-at-20.36.22-768x512.jpeg 768w, https:\/\/www.crossprensa.com.ar\/news\/wp-content\/uploads\/2025\/03\/WhatsApp-Image-2025-03-16-at-20.36.22-1024x682.jpeg 1024w\" sizes=\"(max-width: 1280px) 100vw, 1280px\" \/> <img loading=\"lazy\" decoding=\"async\" class=\"alignnone size-full wp-image-75543\" src=\"https:\/\/www.crossprensa.com.ar\/news\/wp-content\/uploads\/2025\/03\/WhatsApp-Image-2025-03-16-at-20.36.09-1.jpeg\" alt=\"\" width=\"1280\" height=\"853\" srcset=\"https:\/\/www.crossprensa.com.ar\/news\/wp-content\/uploads\/2025\/03\/WhatsApp-Image-2025-03-16-at-20.36.09-1.jpeg 1280w, https:\/\/www.crossprensa.com.ar\/news\/wp-content\/uploads\/2025\/03\/WhatsApp-Image-2025-03-16-at-20.36.09-1-300x200.jpeg 300w, https:\/\/www.crossprensa.com.ar\/news\/wp-content\/uploads\/2025\/03\/WhatsApp-Image-2025-03-16-at-20.36.09-1-600x400.jpeg 600w, https:\/\/www.crossprensa.com.ar\/news\/wp-content\/uploads\/2025\/03\/WhatsApp-Image-2025-03-16-at-20.36.09-1-768x512.jpeg 768w, https:\/\/www.crossprensa.com.ar\/news\/wp-content\/uploads\/2025\/03\/WhatsApp-Image-2025-03-16-at-20.36.09-1-1024x682.jpeg 1024w\" sizes=\"(max-width: 1280px) 100vw, 1280px\" \/><\/p>\n<p>Y si, la llevamos. Una moto que volvi\u00f3 loco a todo el mundo en 1980 en Recreo&#8230; (Locos: Arrancando a cualquier hora, probando en los terraplenes de la v\u00eda, a fondo frente a la iglesia en plena misa, etc&#8230; Pas\u00f3 mucho tiempo! ya prescribi\u00f3 todo!).<\/p>\n<p><img loading=\"lazy\" decoding=\"async\" class=\"alignnone size-full wp-image-75544\" src=\"https:\/\/www.crossprensa.com.ar\/news\/wp-content\/uploads\/2025\/03\/WhatsApp-Image-2025-03-16-at-20.36.13-1.jpeg\" alt=\"\" width=\"1280\" height=\"853\" srcset=\"https:\/\/www.crossprensa.com.ar\/news\/wp-content\/uploads\/2025\/03\/WhatsApp-Image-2025-03-16-at-20.36.13-1.jpeg 1280w, https:\/\/www.crossprensa.com.ar\/news\/wp-content\/uploads\/2025\/03\/WhatsApp-Image-2025-03-16-at-20.36.13-1-300x200.jpeg 300w, https:\/\/www.crossprensa.com.ar\/news\/wp-content\/uploads\/2025\/03\/WhatsApp-Image-2025-03-16-at-20.36.13-1-600x400.jpeg 600w, https:\/\/www.crossprensa.com.ar\/news\/wp-content\/uploads\/2025\/03\/WhatsApp-Image-2025-03-16-at-20.36.13-1-768x512.jpeg 768w, https:\/\/www.crossprensa.com.ar\/news\/wp-content\/uploads\/2025\/03\/WhatsApp-Image-2025-03-16-at-20.36.13-1-1024x682.jpeg 1024w\" sizes=\"(max-width: 1280px) 100vw, 1280px\" \/><\/p>\n<p>Gracias Recreo por recibirnos, y en la pr\u00f3xima seguramente volver\u00e1n a tener el \u00e9xito que se merecen por todo lo que trabajaron y adem\u00e1s por mostrarle a la gente que los fierros tambi\u00e9n son parte de MI PUEBLO!<\/p>\n<p>N\u00e9stor &#8220;Pampero&#8221; Guti\u00e9rrez<\/p>\n<p>Director de Crossprensa.<\/p>\n","protected":false},"excerpt":{"rendered":"<p>Un d\u00eda muy diferente, muy lindo, muy emotivo. La municipalidad de la ciudad de Recreo&#8230;<\/p>\n","protected":false},"author":2,"featured_media":75532,"comment_status":"closed","ping_status":"closed","sticky":false,"template":"","format":"standard","meta":{"om_disable_all_campaigns":false,"_monsterinsights_skip_tracking":false,"_monsterinsights_sitenote_active":false,"_monsterinsights_sitenote_note":"","_monsterinsights_sitenote_category":0,"_uf_show_specific_survey":0,"_uf_disable_surveys":false,"footnotes":""},"categories":[37],"tags":[],"class_list":["post-75531","post","type-post","status-publish","format-standard","has-post-thumbnail","hentry","category-crossprensa"],"aioseo_notices":[],"_links":{"self":[{"href":"https:\/\/www.crossprensa.com.ar\/news\/wp-json\/wp\/v2\/posts\/75531","targetHints":{"allow":["GET"]}}],"collection":[{"href":"https:\/\/www.crossprensa.com.ar\/news\/wp-json\/wp\/v2\/posts"}],"about":[{"href":"https:\/\/www.crossprensa.com.ar\/news\/wp-json\/wp\/v2\/types\/post"}],"author":[{"embeddable":true,"href":"https:\/\/www.crossprensa.com.ar\/news\/wp-json\/wp\/v2\/users\/2"}],"replies":[{"embeddable":true,"href":"https:\/\/www.crossprensa.com.ar\/news\/wp-json\/wp\/v2\/comments?post=75531"}],"version-history":[{"count":1,"href":"https:\/\/www.crossprensa.com.ar\/news\/wp-json\/wp\/v2\/posts\/75531\/revisions"}],"predecessor-version":[{"id":75545,"href":"https:\/\/www.crossprensa.com.ar\/news\/wp-json\/wp\/v2\/posts\/75531\/revisions\/75545"}],"wp:featuredmedia":[{"embeddable":true,"href":"https:\/\/www.crossprensa.com.ar\/news\/wp-json\/wp\/v2\/media\/75532"}],"wp:attachment":[{"href":"https:\/\/www.crossprensa.com.ar\/news\/wp-json\/wp\/v2\/media?parent=75531"}],"wp:term":[{"taxonomy":"category","embeddable":true,"href":"https:\/\/www.crossprensa.com.ar\/news\/wp-json\/wp\/v2\/categories?post=75531"},{"taxonomy":"post_tag","embeddable":true,"href":"https:\/\/www.crossprensa.com.ar\/news\/wp-json\/wp\/v2\/tags?post=75531"}],"curies":[{"name":"wp","href":"https:\/\/api.w.org\/{rel}","templated":true}]}}