{"id":75519,"date":"2025-03-17T09:01:20","date_gmt":"2025-03-17T12:01:20","guid":{"rendered":"https:\/\/www.crossprensa.com.ar\/news\/?p=75519"},"modified":"2025-03-17T09:01:59","modified_gmt":"2025-03-17T12:01:59","slug":"mxgp-espana-una-carrera-muy-complicada","status":"publish","type":"post","link":"https:\/\/www.crossprensa.com.ar\/news\/mxgp-espana-una-carrera-muy-complicada\/mxgp\/","title":{"rendered":"MXGP ESPA\u00d1A: Una carrera muy complicada."},"content":{"rendered":"<p><strong data-olk-copy-source=\"MessageBody\">El Circuito Moto Ranch <\/strong><strong>de C\u00f3zar, en el sur de Espa\u00f1a, tuvo que lidiar una vez m\u00e1s con condiciones meteorol\u00f3gicas adversas durante toda la acci\u00f3n del domingo, lo que convirti\u00f3 al MXGP de Castilla La Mancha en una segunda fecha del Campeonato del Mundo de Motocross FIM 2025 enormemente desafiante para todos los pilotos y equipos, y muy contrastante con Argentina.<\/strong><\/p>\n<p><!--more--><\/p>\n<p data-olk-copy-source=\"MessageBody\">Con el sol y la lluvia crearon condiciones dif\u00edciles de todo tipo, fue un d\u00eda para que prevalecieran los pilotos duros y t\u00e9cnicos, y esto se demostr\u00f3 en los resultados de ambas categor\u00edas.<\/p>\n<p data-olk-copy-source=\"MessageBody\">Lo contrastante fue que hab\u00eda muy poco p\u00fablico, en una pista que tuvo varios inconvenientes que se hicieron p\u00fablicos, y adem\u00e1s tuvo muchas cr\u00edticas el a\u00f1o pasado. Un punto como ejemplo, fue ver el piso de la sala de prensa inundado, y adem\u00e1s que nunca hubo internet para la prensa.<\/p>\n<p>Yendo a lo deportivo, la leyenda eslovena\u00a0<strong>Tim Gajser,\u00a0<\/strong>que corre como siempre para\u00a0<strong>Honda HRC\u00a0<\/strong>en MXGP, complet\u00f3 un fin de semana perfecto para conseguir la victoria n\u00famero 50 de su carrera deportiva en Gran Premio e igualar al gran\u00a0<strong>Joel Robert\u00a0<\/strong>en la quinta posici\u00f3n en la lista de victorias de todos los tiempos.\u00a0 La gran consistencia de los compa\u00f1eros de equipo de\u00a0<strong>Fantic Factory Racing\u00a0<\/strong>,\u00a0<strong>Glenn Coldenhoff\u00a0<\/strong>y\u00a0<strong>Andrea Bonacorsi,\u00a0<\/strong>dio como resultado el primer doble podio para la marca italiana.<\/p>\n<p>La clase MX2 vio una emotiva victoria para el maestro del barro, el nuevo piloto de <strong>Nestaan Husqvarna Factory Racing<\/strong><strong>, Liam Everts,\u00a0<\/strong>quien consigui\u00f3 una segunda posici\u00f3n en la primera carrera con una contundente victoria de 81 segundos sobre su compa\u00f1ero <strong>de equipo Kay de Wolf.\u00a0\u00a0<\/strong>El actual campe\u00f3n estaba feliz de recuperar la placa roja que perdi\u00f3 durante la noche con un decidido segundo lugar en la general, pero la cara m\u00e1s alegre en el podio fue\u00a0<strong>Ferruccio Zanchi, <\/strong>despu\u00e9s de obtener la primera victoria y el primer podio de su carrera!<\/p>\n<p>Fue un d\u00eda dif\u00edcil para los titulares de la placa roja,\u00a0<strong>Maxime Renaux\u00a0<\/strong>y\u00a0<strong>Sacha Coenen<\/strong>, que cambiar\u00e1n a las placas normales para la pr\u00f3xima carrera, pero tienen tiempo para recuperarse, ya que el Campeonato del Mundo de Motocross FIM 2025 a\u00fan est\u00e1 en pa\u00f1ales.<\/p>\n<p align=\"center\"><img decoding=\"async\" src=\"https:\/\/www.mxgp.com\/sites\/default\/files\/images\/Images%20for%20PR\/MXGP_RGB.jpg\" alt=\"\" data-imagetype=\"External\" \/><\/p>\n<p align=\"center\"><strong><u><img decoding=\"async\" src=\"https:\/\/www.mxgp.com\/sites\/default\/files\/images\/Images%20for%20PR\/Red%20line.jpg\" alt=\"\" data-imagetype=\"External\" \/><\/u><\/strong><\/p>\n<p>&nbsp;<\/p>\n<p aria-hidden=\"true\"><strong>MXGP &#8211; Grand Prix carrera 1 &#8211; Top 10: <\/strong>1. Tim Gajser (SLO, Honda), 36:14.337; 2. Ruben Fernandez (ESP, Honda), +0:43.251; 3. Calvin Vlaanderen (NED, Yamaha), +0:50.468; 4. Glenn Coldenhoff (NED, Fantic), +0:57.904; 5. Kevin Horgmo (NOR, Honda), +1:08.538; 6. Isak Gifting (SWE, Yamaha), +2:06.024; 7. Romain Febvre (FRA, Kawasaki), +2:22.196; 8. Andrea Bonacorsi (ITA, Fantic), +2:30.187; 9. Lucas Coenen (BEL, KTM), +2:44.364; 10. Maxime Renaux (FRA, Yamaha), +3:20.030<\/p>\n<p aria-hidden=\"true\"><strong>MXGP &#8211; Grand Prix carrera 2 &#8211; Top 10: <\/strong>1. Tim Gajser (SLO, Honda), 36:55.702; 2. Andrea Bonacorsi (ITA, Fantic), +0:38.960; 3. Glenn Coldenhoff (NED, Fantic), +0:52.639; 4. Brian Bogers (NED, Fantic), +1:21.737; 5. Romain Febvre (FRA, Kawasaki), +1:28.376; 6. Pauls Jonass (LAT, Kawasaki), +1:34.636; 7. Isak Gifting (SWE, Yamaha), +1:41.892; 8. Lucas Coenen (BEL, KTM), +1:44.327; 9. Mattia Guadagnini (ITA, Ducati), +1:49.660; 10. Kevin Horgmo (NOR, Honda), +2:00.998<\/p>\n<p><strong>MXGP General &#8211; Top 10: <\/strong>1. Tim Gajser (SLO, HON), 50 points; 2. Glenn Coldenhoff (NED, FAN), 38 p.; 3. Andrea Bonacorsi (ITA, FAN), 35 p.; 4. Ruben Fernandez (ESP, HON), 31 p.; 5. Romain Febvre (FRA, KAW), 30 p.; 6. Isak Gifting (SWE, YAM), 29 p.; 7. Brian Bogers (NED, FAN), 28 p.; 8. Kevin Horgmo (NOR, HON), 27 p.; 9. Lucas Coenen (BEL, KTM), 25 p.; 10. Maxime Renaux (FRA, YAM), 21 p.<\/p>\n<p><strong>MXGP &#8211; Campeonato: <\/strong>1. Tim Gajser (SLO, HON), 108 puntos; 2. Romain Febvre (FRA, KAW), 88 p.; 3. Maxime Renaux (FRA, YAM), 87 p.; 4. Glenn Coldenhoff (NED, FAN), 79 p.; 5. Lucas Coenen (BEL, KTM), 57 p.; 6. Andrea Bonacorsi (ITA, FAN), 56 p.; 7. Kevin Horgmo (NOR, HON), 55 p.; 8. Ruben Fernandez (ESP, HON), 53 p.; 9. Pauls Jonass (LAT, KAW), 53 p.; 10. Mattia Guadagnini (ITA, DUC), 52 p.<\/p>\n<p><strong>MXGP &#8211; Campeonato de fabricantes<\/strong>: 1. Honda, 108 points; 2. Yamaha, 100 p.; 3. Kawasaki, 94 p.; 4. Fantic, 82 p.; 5. Ducati, 62 p.; 6. KTM, 57 p.; 7. Beta, 25 p.; 8. Husqvarna, 12 p<\/p>\n<p align=\"center\"><strong><u><img decoding=\"async\" src=\"https:\/\/www.mxgp.com\/sites\/default\/files\/images\/Images%20for%20PR\/MX2_RGB.jpg\" alt=\"\" data-imagetype=\"External\" \/><br \/>\n<img decoding=\"async\" src=\"https:\/\/www.mxgp.com\/sites\/default\/files\/images\/Images%20for%20PR\/Red%20line.jpg\" alt=\"\" data-imagetype=\"External\" \/><\/u><\/strong><\/p>\n<p><img decoding=\"async\" src=\"https:\/\/www.mxgp.com\/sites\/default\/files\/images\/EVERTS-MOTOCROSS-GP-2-CAS-2025(1).jpg\" alt=\"\" data-imagetype=\"External\" \/><\/p>\n<p><strong>MX2 &#8211; Grand Prix Carrera 1 &#8211; Top 10 Classification: \u00a0<\/strong>1. Ferruccio Zanchi (ITA, Honda), 35:45.354; 2. Liam Everts (BEL, Husqvarna), +0:11.221; 3. Kay de Wolf (NED, Husqvarna), +1:15.427; 4. Thibault Benistant (FRA, Yamaha), +1:23.894; 5. Simon L\u00e4ngenfelder (GER, KTM), +1:43.025; 6. Cas Valk (NED, KTM), +2:01.868; 7. Quentin Marc Prugnieres (FRA, KTM), +2:44.091; 8. Julius Mikula (CZE, TM), +2:50.848; 9. Andrea Adamo (ITA, KTM), +3:02.405; 10. Camden Mc Lellan (RSA, Triumph), +3:40.014<\/p>\n<p><strong>MX2 &#8211; Grand Prix Carrera 2 \u2013 Top 10 Classification: <\/strong>1. Liam Everts (BEL, Husqvarna), 37:08.994; 2. Kay de Wolf (NED, Husqvarna), +1:21.434; 3. Andrea Adamo (ITA, KTM), +1:23.293; 4. Simon L\u00e4ngenfelder (GER, KTM), +1:34.976; 5. Cas Valk (NED, KTM), +1:49.577; 6. Guillem Farres (ESP, Triumph), +1:59.379; 7. Quentin Marc Prugnieres (FRA, KTM), +2:26.476; 8. Julius Mikula (CZE, TM), +2:37.483; 9. Oriol Oliver (ESP, KTM), +2:42.144; 10. Ferruccio Zanchi (ITA, Honda), -1 lap(s);<\/p>\n<p><strong>MX2 General \u2013 Top 10 Classification:<\/strong>\u00a01. Liam Everts (BEL, HUS), 47 points; 2. Kay de Wolf (NED, HUS), 42 p.; 3. Ferruccio Zanchi (ITA, HON), 36 p.; 4. Simon L\u00e4ngenfelder (GER, KTM), 34 p.; 5. Andrea Adamo (ITA, KTM), 32 p.; 6. Cas Valk (NED, KTM), 31 p.; 7. Quentin Marc Prugnieres (FRA, KTM), 28 p.; 8. Thibault Benistant (FRA, YAM), 27 p.; 9. Julius Mikula (CZE, TM), 26 p.; 10. Guillem Farres (ESP, TRI), 20 p<\/p>\n<p><strong>MX2 &#8211; World Campeonato: <\/strong>1. Kay de Wolf (NED, HUS), 97 points; 2. Liam Everts (BEL, HUS), 91 p.; 3. Simon L\u00e4ngenfelder (GER, KTM), 78 p.; 4. Sacha Coenen (BEL, KTM), 71 p.; 5. Andrea Adamo (ITA, KTM), 71 p.; 6. Thibault Benistant (FRA, YAM), 63 p.; 7. Cas Valk (NED, KTM), 61 p.; 8. Ferruccio Zanchi (ITA, HON), 53 p.; 9. Guillem Farres (ESP, TRI), 46 p.; 10. Quentin Marc Prugnieres (FRA, KTM), 43 p.<\/p>\n<p><strong>MX2 &#8211; Campeonato fabricantes: <\/strong>1. Husqvarna, 108 points; 2. KTM, 102 p.; 3. Honda, 68 p.; 4. Yamaha, 67 p.; 5. Triumph, 56 p.; 6. TM, 36 p.; 7. Kawasaki, 25 p.<\/p>\n","protected":false},"excerpt":{"rendered":"<p>El Circuito Moto Ranch de C\u00f3zar, en el sur de Espa\u00f1a, tuvo que lidiar una&#8230;<\/p>\n","protected":false},"author":2,"featured_media":75520,"comment_status":"closed","ping_status":"closed","sticky":false,"template":"","format":"standard","meta":{"om_disable_all_campaigns":false,"_monsterinsights_skip_tracking":false,"_monsterinsights_sitenote_active":false,"_monsterinsights_sitenote_note":"","_monsterinsights_sitenote_category":0,"_uf_show_specific_survey":0,"_uf_disable_surveys":false,"footnotes":""},"categories":[24],"tags":[],"class_list":["post-75519","post","type-post","status-publish","format-standard","has-post-thumbnail","hentry","category-mxgp"],"aioseo_notices":[],"_links":{"self":[{"href":"https:\/\/www.crossprensa.com.ar\/news\/wp-json\/wp\/v2\/posts\/75519","targetHints":{"allow":["GET"]}}],"collection":[{"href":"https:\/\/www.crossprensa.com.ar\/news\/wp-json\/wp\/v2\/posts"}],"about":[{"href":"https:\/\/www.crossprensa.com.ar\/news\/wp-json\/wp\/v2\/types\/post"}],"author":[{"embeddable":true,"href":"https:\/\/www.crossprensa.com.ar\/news\/wp-json\/wp\/v2\/users\/2"}],"replies":[{"embeddable":true,"href":"https:\/\/www.crossprensa.com.ar\/news\/wp-json\/wp\/v2\/comments?post=75519"}],"version-history":[{"count":2,"href":"https:\/\/www.crossprensa.com.ar\/news\/wp-json\/wp\/v2\/posts\/75519\/revisions"}],"predecessor-version":[{"id":75522,"href":"https:\/\/www.crossprensa.com.ar\/news\/wp-json\/wp\/v2\/posts\/75519\/revisions\/75522"}],"wp:featuredmedia":[{"embeddable":true,"href":"https:\/\/www.crossprensa.com.ar\/news\/wp-json\/wp\/v2\/media\/75520"}],"wp:attachment":[{"href":"https:\/\/www.crossprensa.com.ar\/news\/wp-json\/wp\/v2\/media?parent=75519"}],"wp:term":[{"taxonomy":"category","embeddable":true,"href":"https:\/\/www.crossprensa.com.ar\/news\/wp-json\/wp\/v2\/categories?post=75519"},{"taxonomy":"post_tag","embeddable":true,"href":"https:\/\/www.crossprensa.com.ar\/news\/wp-json\/wp\/v2\/tags?post=75519"}],"curies":[{"name":"wp","href":"https:\/\/api.w.org\/{rel}","templated":true}]}}