{"id":75476,"date":"2025-03-13T17:53:56","date_gmt":"2025-03-13T20:53:56","guid":{"rendered":"https:\/\/www.crossprensa.com.ar\/news\/?p=75476"},"modified":"2025-03-13T20:07:13","modified_gmt":"2025-03-13T23:07:13","slug":"mx-cordobes-en-infinito-una-semana-y-el-mx-explota-en-la-capital-cordobesa-horarios","status":"publish","type":"post","link":"https:\/\/www.crossprensa.com.ar\/news\/mx-cordobes-en-infinito-una-semana-y-el-mx-explota-en-la-capital-cordobesa-horarios\/mx-cordobes\/","title":{"rendered":"MX CORDOB\u00c9S EN INFINITO: Una semana y el mx explota en la capital cordobesa! HORARIOS"},"content":{"rendered":"<p>Con la pista ya modificada y adecuada al MXCordob\u00e9s (Saltos un poco m\u00e1s bajos, rampas mas suaves), se espera con mucha ansiedad que todos los pilotos de todo el pa\u00eds, se hagan presentes en la primera fecha de este campeonato que tiene el nombre de EL MAS GRANDE y no en sentido figurado o como marketing&#8230; Ya lo saben. Y se espera que en esta carrera se rompa otro r\u00e9cord.<\/p>\n<p>Se pasar\u00e1n los 325 inscriptos de aquella carrera en R\u00edo III 2021? Veremos 22 y 23 de Marzo.<\/p>\n<p>Tenemos la sensaci\u00f3n que SI, porque por primera vez en much\u00edsimos a\u00f1os, se va a poder correr en un circuito mundialista solo con pilotos argentinos. Esto no pasa desde Cosqu\u00edn 1995.<\/p>\n<p>Vamos?<\/p>\n<p><!--more--><\/p>\n<p><img fetchpriority=\"high\" decoding=\"async\" class=\"alignnone size-full wp-image-75483\" src=\"https:\/\/www.crossprensa.com.ar\/news\/wp-content\/uploads\/2025\/03\/CRONOGRAMA-MX-CORDOBES-2.png\" alt=\"\" width=\"1080\" height=\"1920\" srcset=\"https:\/\/www.crossprensa.com.ar\/news\/wp-content\/uploads\/2025\/03\/CRONOGRAMA-MX-CORDOBES-2.png 1080w, https:\/\/www.crossprensa.com.ar\/news\/wp-content\/uploads\/2025\/03\/CRONOGRAMA-MX-CORDOBES-2-169x300.png 169w, https:\/\/www.crossprensa.com.ar\/news\/wp-content\/uploads\/2025\/03\/CRONOGRAMA-MX-CORDOBES-2-225x400.png 225w, https:\/\/www.crossprensa.com.ar\/news\/wp-content\/uploads\/2025\/03\/CRONOGRAMA-MX-CORDOBES-2-768x1365.png 768w, https:\/\/www.crossprensa.com.ar\/news\/wp-content\/uploads\/2025\/03\/CRONOGRAMA-MX-CORDOBES-2-864x1536.png 864w, https:\/\/www.crossprensa.com.ar\/news\/wp-content\/uploads\/2025\/03\/CRONOGRAMA-MX-CORDOBES-2-1024x1820.png 1024w\" sizes=\"(max-width: 1080px) 100vw, 1080px\" \/><\/p>\n","protected":false},"excerpt":{"rendered":"<p>Con la pista ya modificada y adecuada al MXCordob\u00e9s (Saltos un poco m\u00e1s bajos, rampas&#8230;<\/p>\n","protected":false},"author":2,"featured_media":74827,"comment_status":"closed","ping_status":"closed","sticky":false,"template":"","format":"standard","meta":{"om_disable_all_campaigns":false,"_monsterinsights_skip_tracking":false,"_uf_show_specific_survey":0,"_uf_disable_surveys":false,"footnotes":""},"categories":[41],"tags":[],"class_list":["post-75476","post","type-post","status-publish","format-standard","has-post-thumbnail","hentry","category-mx-cordobes"],"aioseo_notices":[],"_links":{"self":[{"href":"https:\/\/www.crossprensa.com.ar\/news\/wp-json\/wp\/v2\/posts\/75476","targetHints":{"allow":["GET"]}}],"collection":[{"href":"https:\/\/www.crossprensa.com.ar\/news\/wp-json\/wp\/v2\/posts"}],"about":[{"href":"https:\/\/www.crossprensa.com.ar\/news\/wp-json\/wp\/v2\/types\/post"}],"author":[{"embeddable":true,"href":"https:\/\/www.crossprensa.com.ar\/news\/wp-json\/wp\/v2\/users\/2"}],"replies":[{"embeddable":true,"href":"https:\/\/www.crossprensa.com.ar\/news\/wp-json\/wp\/v2\/comments?post=75476"}],"version-history":[{"count":2,"href":"https:\/\/www.crossprensa.com.ar\/news\/wp-json\/wp\/v2\/posts\/75476\/revisions"}],"predecessor-version":[{"id":75484,"href":"https:\/\/www.crossprensa.com.ar\/news\/wp-json\/wp\/v2\/posts\/75476\/revisions\/75484"}],"wp:featuredmedia":[{"embeddable":true,"href":"https:\/\/www.crossprensa.com.ar\/news\/wp-json\/wp\/v2\/media\/74827"}],"wp:attachment":[{"href":"https:\/\/www.crossprensa.com.ar\/news\/wp-json\/wp\/v2\/media?parent=75476"}],"wp:term":[{"taxonomy":"category","embeddable":true,"href":"https:\/\/www.crossprensa.com.ar\/news\/wp-json\/wp\/v2\/categories?post=75476"},{"taxonomy":"post_tag","embeddable":true,"href":"https:\/\/www.crossprensa.com.ar\/news\/wp-json\/wp\/v2\/tags?post=75476"}],"curies":[{"name":"wp","href":"https:\/\/api.w.org\/{rel}","templated":true}]}}