{"id":75471,"date":"2025-03-13T16:55:28","date_gmt":"2025-03-13T19:55:28","guid":{"rendered":"https:\/\/www.crossprensa.com.ar\/news\/?p=75471"},"modified":"2025-03-13T16:55:28","modified_gmt":"2025-03-13T19:55:28","slug":"mxgp-cozar-con-lluvias","status":"publish","type":"post","link":"https:\/\/www.crossprensa.com.ar\/news\/mxgp-cozar-con-lluvias\/sin-categoria\/","title":{"rendered":"MXGP: Cozar con lluvias&#8230;"},"content":{"rendered":"<p>Y fueron intensas adem\u00e1s de fuertes. Se espera una carrera con lluvia y las condiciones se est\u00e1n poniendo complicadas. Ya desde hace meses no hay buenos comentarios sobre esta carrera, pero InFront sin dudas la sacar\u00e1 adelante en tierra espa\u00f1ola, aunque no ser\u00e1 nada f\u00e1cil!<\/p>\n<p><!--more--><\/p>\n<div style=\"width: 480px;\" class=\"wp-video\"><!--[if lt IE 9]><script>document.createElement('video');<\/script><![endif]-->\n<video class=\"wp-video-shortcode\" id=\"video-75471-1\" width=\"480\" height=\"848\" preload=\"metadata\" controls=\"controls\"><source type=\"video\/mp4\" src=\"https:\/\/www.crossprensa.com.ar\/news\/wp-content\/uploads\/2025\/03\/WhatsApp-Video-2025-03-13-at-13.51.40.mp4?_=1\" \/><a href=\"https:\/\/www.crossprensa.com.ar\/news\/wp-content\/uploads\/2025\/03\/WhatsApp-Video-2025-03-13-at-13.51.40.mp4\">https:\/\/www.crossprensa.com.ar\/news\/wp-content\/uploads\/2025\/03\/WhatsApp-Video-2025-03-13-at-13.51.40.mp4<\/a><\/video><\/div>\n<div style=\"width: 368px;\" class=\"wp-video\"><video class=\"wp-video-shortcode\" id=\"video-75471-2\" width=\"368\" height=\"640\" preload=\"metadata\" controls=\"controls\"><source type=\"video\/mp4\" src=\"https:\/\/www.crossprensa.com.ar\/news\/wp-content\/uploads\/2025\/03\/WhatsApp-Video-2025-03-13-at-16.48.57.mp4?_=2\" \/><a href=\"https:\/\/www.crossprensa.com.ar\/news\/wp-content\/uploads\/2025\/03\/WhatsApp-Video-2025-03-13-at-16.48.57.mp4\">https:\/\/www.crossprensa.com.ar\/news\/wp-content\/uploads\/2025\/03\/WhatsApp-Video-2025-03-13-at-16.48.57.mp4<\/a><\/video><\/div>\n","protected":false},"excerpt":{"rendered":"<p>Y fueron intensas adem\u00e1s de fuertes. Se espera una carrera con lluvia y las condiciones&#8230;<\/p>\n","protected":false},"author":2,"featured_media":75472,"comment_status":"closed","ping_status":"closed","sticky":false,"template":"","format":"standard","meta":{"om_disable_all_campaigns":false,"_monsterinsights_skip_tracking":false,"_monsterinsights_sitenote_active":false,"_monsterinsights_sitenote_note":"","_monsterinsights_sitenote_category":0,"_uf_show_specific_survey":0,"_uf_disable_surveys":false,"footnotes":""},"categories":[1],"tags":[],"class_list":["post-75471","post","type-post","status-publish","format-standard","has-post-thumbnail","hentry","category-sin-categoria"],"aioseo_notices":[],"_links":{"self":[{"href":"https:\/\/www.crossprensa.com.ar\/news\/wp-json\/wp\/v2\/posts\/75471","targetHints":{"allow":["GET"]}}],"collection":[{"href":"https:\/\/www.crossprensa.com.ar\/news\/wp-json\/wp\/v2\/posts"}],"about":[{"href":"https:\/\/www.crossprensa.com.ar\/news\/wp-json\/wp\/v2\/types\/post"}],"author":[{"embeddable":true,"href":"https:\/\/www.crossprensa.com.ar\/news\/wp-json\/wp\/v2\/users\/2"}],"replies":[{"embeddable":true,"href":"https:\/\/www.crossprensa.com.ar\/news\/wp-json\/wp\/v2\/comments?post=75471"}],"version-history":[{"count":1,"href":"https:\/\/www.crossprensa.com.ar\/news\/wp-json\/wp\/v2\/posts\/75471\/revisions"}],"predecessor-version":[{"id":75475,"href":"https:\/\/www.crossprensa.com.ar\/news\/wp-json\/wp\/v2\/posts\/75471\/revisions\/75475"}],"wp:featuredmedia":[{"embeddable":true,"href":"https:\/\/www.crossprensa.com.ar\/news\/wp-json\/wp\/v2\/media\/75472"}],"wp:attachment":[{"href":"https:\/\/www.crossprensa.com.ar\/news\/wp-json\/wp\/v2\/media?parent=75471"}],"wp:term":[{"taxonomy":"category","embeddable":true,"href":"https:\/\/www.crossprensa.com.ar\/news\/wp-json\/wp\/v2\/categories?post=75471"},{"taxonomy":"post_tag","embeddable":true,"href":"https:\/\/www.crossprensa.com.ar\/news\/wp-json\/wp\/v2\/tags?post=75471"}],"curies":[{"name":"wp","href":"https:\/\/api.w.org\/{rel}","templated":true}]}}