{"id":7545,"date":"2014-12-31T09:44:58","date_gmt":"2014-12-31T12:44:58","guid":{"rendered":"http:\/\/www.crossprensa.com.ar\/news\/?p=7545"},"modified":"2014-12-31T10:01:29","modified_gmt":"2014-12-31T13:01:29","slug":"llegaste-31","status":"publish","type":"post","link":"https:\/\/www.crossprensa.com.ar\/news\/llegaste-31\/mx\/","title":{"rendered":"Llegaste 31."},"content":{"rendered":"<p style=\"text-align: justify;\">Un a\u00f1o mas&#8230; y van \u00a0muchos: El 26 de Febrero voy a cumplir 40 de mi primera carrera de Motocross.<\/p>\n<p style=\"text-align: justify;\">Decir que vivo mi pasi\u00f3n, es poco. Porque con la creaci\u00f3n de Crossprensa no solo la vivo, sino que la comparto y transmito. Y adem\u00e1s le ponemos pilas a un trabajo que intenta dar vuelta lo que ve\u00edamos como &#8220;las paginas&#8221; a un medio de informaci\u00f3n diaria, que lleva muchas, pero MUCHAS horas de trabajo y con el premio de saber que Uds. van a encontrar lo que buscan.<\/p>\n<p style=\"text-align: justify;\"><!--more--><\/p>\n<p style=\"text-align: justify;\">Decir gracias uno por uno, es imposible. Mas de dos millones y medios de ingresos a Crossprensa claramente explican el porqu\u00e9, y con un DOS MILLONES Y MEDIO DE VECES GRACIAS, tampoco alcanza.<\/p>\n<p style=\"text-align: justify;\">Muchas carreras, muchos pilotos, muchas alegr\u00edas y una gran tristeza: Haberte perdido Horacio Beltramino. Por eso la foto, porque vos sos el ejemplo de dejar todo en la pista. Y te fuiste haciendo lo que amabas.<\/p>\n<p style=\"text-align: justify;\"><a href=\"http:\/\/www.crossprensa.com.ar\/news\/wp-content\/uploads\/2014\/12\/zzzzzz2190_n.jpg\"><img fetchpriority=\"high\" decoding=\"async\" class=\"aligncenter size-large wp-image-7551\" src=\"http:\/\/www.crossprensa.com.ar\/news\/wp-content\/uploads\/2014\/12\/zzzzzz2190_n-596x400.jpg\" alt=\"zzzzzz2190_n\" width=\"596\" height=\"400\" \/><\/a><\/p>\n<p style=\"text-align: justify;\">Por lo dem\u00e1s, hemos tenido un a\u00f1o brillante de trabajo con UN traspi\u00e9 que no voy a volver a contar pero que marca y ense\u00f1a. Y Uds. siempre ah\u00ed, leyendo, apoyando o criticando. No importa, est\u00e1n ah\u00ed.<\/p>\n<p style=\"text-align: justify;\">2014 fue un a\u00f1o duro en todo sentido, pero no vamos a aflojar en el trabajo porque queremos seguir creciendo en NUESTRO a\u00f1o mundialista, y as\u00ed lo vamos a hacer.<\/p>\n<p style=\"text-align: justify;\">Mil gracias a todos, a mi familia que se banca horas y horas que no les dedico. A mis amigos, que no visito ni veo pero no olvido. A los pilotos, que por ellos hacemos todo para que tengan un mejor deporte. A las organizaciones que dentro y fuera de Argentina confiaron en nosotros. A Youthstream que un a\u00f1o mas vuelve a confiar en Crossprensa y la difusi\u00f3n del Mundial de Motocross. A RacerTv que desde USA nos vuelve a asociar en sus transmisiones. A Moto Verde que ya es parte nuestra o nosotros parte de ellos. Y a nuestros Sponsors que mes a mes aportan para que sus productos se vean en todos lados y adem\u00e1s para que Uds. est\u00e9n mas y mejor informados.<\/p>\n<p style=\"text-align: justify;\">Y a vos, que segu\u00eds so\u00f1ando con tu moto pero no lleg\u00e1s, no pierdas ni la esperanza ni la pasi\u00f3n porque eso va a mantener vivo al Motocross, los cuatris, el supermoto o lo que sea&#8230; todo se guarda en el alma y no le busquen explicaci\u00f3n ni las den. Todos aceptan que el alma existe pero nadie lo puede explicar, entonces para que explicar lo que sentimos con las motos?<\/p>\n<p style=\"text-align: justify;\">Y siempre me sale lo mismo: GRACIAS, GRACIAS, GRACIAS.<\/p>\n<p style=\"text-align: justify;\">Por un 2015 mejor, con mas carreras, con mejores dirigentes deportivos y pol\u00edticos que no piensen tanto con el bolsillo. Que piensen en la gente seriamente dejando de subsidiar la vagancia y el aplauso barato, que act\u00faen con seriedad porque para eso se los vota y tambi\u00e9n se los saca, ojo&#8230;<\/p>\n<p style=\"text-align: justify;\">Ac\u00e1 vamos a estar siempre. Como cada d\u00eda, sin importar fecha, hora o situaci\u00f3n: Crossprensa no se detiene.<\/p>\n<p style=\"text-align: justify;\">Abrazo enorme!<\/p>\n<p style=\"text-align: justify;\">Pampero.<\/p>\n","protected":false},"excerpt":{"rendered":"<p>Un a\u00f1o mas&#8230; y van \u00a0muchos: El 26 de Febrero voy a cumplir 40 de&#8230;<\/p>\n","protected":false},"author":2,"featured_media":0,"comment_status":"open","ping_status":"open","sticky":false,"template":"","format":"standard","meta":{"om_disable_all_campaigns":false,"_monsterinsights_skip_tracking":false,"_monsterinsights_sitenote_active":false,"_monsterinsights_sitenote_note":"","_monsterinsights_sitenote_category":0,"_uf_show_specific_survey":0,"_uf_disable_surveys":false,"footnotes":""},"categories":[16,11,17,13,7,10,15,18,8,12,14],"tags":[5],"class_list":["post-7545","post","type-post","status-publish","format-standard","hentry","category-crossprensa-radio","category-dakar","category-fmx","category-historia","category-mx","category-quads","category-rally","category-supermoto","category-sx","category-tecnica","category-vintage","tag-slice"],"aioseo_notices":[],"_links":{"self":[{"href":"https:\/\/www.crossprensa.com.ar\/news\/wp-json\/wp\/v2\/posts\/7545","targetHints":{"allow":["GET"]}}],"collection":[{"href":"https:\/\/www.crossprensa.com.ar\/news\/wp-json\/wp\/v2\/posts"}],"about":[{"href":"https:\/\/www.crossprensa.com.ar\/news\/wp-json\/wp\/v2\/types\/post"}],"author":[{"embeddable":true,"href":"https:\/\/www.crossprensa.com.ar\/news\/wp-json\/wp\/v2\/users\/2"}],"replies":[{"embeddable":true,"href":"https:\/\/www.crossprensa.com.ar\/news\/wp-json\/wp\/v2\/comments?post=7545"}],"version-history":[{"count":4,"href":"https:\/\/www.crossprensa.com.ar\/news\/wp-json\/wp\/v2\/posts\/7545\/revisions"}],"predecessor-version":[{"id":7552,"href":"https:\/\/www.crossprensa.com.ar\/news\/wp-json\/wp\/v2\/posts\/7545\/revisions\/7552"}],"wp:attachment":[{"href":"https:\/\/www.crossprensa.com.ar\/news\/wp-json\/wp\/v2\/media?parent=7545"}],"wp:term":[{"taxonomy":"category","embeddable":true,"href":"https:\/\/www.crossprensa.com.ar\/news\/wp-json\/wp\/v2\/categories?post=7545"},{"taxonomy":"post_tag","embeddable":true,"href":"https:\/\/www.crossprensa.com.ar\/news\/wp-json\/wp\/v2\/tags?post=7545"}],"curies":[{"name":"wp","href":"https:\/\/api.w.org\/{rel}","templated":true}]}}