{"id":7494,"date":"2014-12-27T16:16:14","date_gmt":"2014-12-27T19:16:14","guid":{"rendered":"http:\/\/www.crossprensa.com.ar\/news\/?p=7494"},"modified":"2014-12-27T16:16:14","modified_gmt":"2014-12-27T19:16:14","slug":"dakar-chau-moto-para-chaleco","status":"publish","type":"post","link":"https:\/\/www.crossprensa.com.ar\/news\/dakar-chau-moto-para-chaleco\/dakar\/","title":{"rendered":"Dakar: Chau moto para Chaleco."},"content":{"rendered":"<p>El piloto chileno, puntal de la especialidad en Chile anunci\u00f3 su retiro de las motos para pasar a competir con autos directamente en la edici\u00f3n del Dakar 2016.<\/p>\n<p><!--more--><\/p>\n<p>Balde de\u00a0agua fr\u00eda para los chilenos adem\u00e1s de para los aficionados a los raids ya que uno de los pilotos punteros de los \u00faltimos a\u00f1os deja definitivamente la disciplina de las dos ruedas y no lo veremos este a\u00f1o en la salida del <strong>Dakar 2015<\/strong>. <strong>Francisco &#8220;Chaleco&#8221; L\u00f3pez<\/strong> ha decidido poner fin a su carrera deportiva y a partir de ahora <strong>se pasar\u00e1 a las cuatro ruedas<\/strong>, con el objetivo de disputar el Dakar 2016 en la categor\u00eda de autos.<\/p>\n<p>Parece ser que <strong>el \u00faltimo accidente sufrido el a\u00f1o pasado<\/strong> en el Dakar 2014 ha sido el desencadenante. Y es que &#8220;Chaleco&#8221; ha sufrido accidentes muy fuertes a lo largo de su carrera. Incluso en el 2011 <a href=\"http:\/\/www.motorpasionmoto.com\/off-road\/ya-paso-la-etapa-de-recuperar-a-francisco-lopez-la-persona-ahora-toca-preocuparse-de-chaleco-lopez-el-piloto\">estuvo a punto de perder la vida en el Rally de T\u00fanez<\/a>. Es hora de pasar p\u00e1gina y arrancar una nueva etapa.<\/p>\n<blockquote><p><em><strong>El Dakar en motos para m\u00ed se termin\u00f3. No fue la manera en que yo quer\u00eda que la gente se enterara. Fue un error m\u00edo no comunicar p\u00fablicamente esa decisi\u00f3n antes.<\/strong><\/em><\/p><\/blockquote>\n<p>De momento, ya ha confirmado su participaci\u00f3n en la categor\u00eda de coches para el <strong>Rally Mobil<\/strong> del a\u00f1o que viene:<\/p>\n<blockquote><p><em><strong>Voy a ser parte del equipo de Carlos Mu\u00f1oz, en un auto de la N3. Es un paso muy importante para m\u00ed. No tenemos definida la marca del auto todav\u00eda, pero lo importante es que tengo a todos mis auspiciadores detr\u00e1s y que me apoyar\u00e1n para lo que pienso hacer en el futuro.<\/strong><\/em><\/p><\/blockquote>\n<p>Para esta edici\u00f3n del Dakar hemos perdido a dos grandes,<strong> Cyril Despres y Francisco &#8220;Chaleco&#8221; L\u00f3pez<\/strong>. Veremos qui\u00e9nes cubren su sitio como favoritos a la victoria.<\/p>\n","protected":false},"excerpt":{"rendered":"<p>El piloto chileno, puntal de la especialidad en Chile anunci\u00f3 su retiro de las motos&#8230;<\/p>\n","protected":false},"author":2,"featured_media":0,"comment_status":"open","ping_status":"open","sticky":false,"template":"","format":"standard","meta":{"om_disable_all_campaigns":false,"_monsterinsights_skip_tracking":false,"_monsterinsights_sitenote_active":false,"_monsterinsights_sitenote_note":"","_monsterinsights_sitenote_category":0,"_uf_show_specific_survey":0,"_uf_disable_surveys":false,"footnotes":""},"categories":[11],"tags":[6],"class_list":["post-7494","post","type-post","status-publish","format-standard","hentry","category-dakar","tag-text"],"aioseo_notices":[],"_links":{"self":[{"href":"https:\/\/www.crossprensa.com.ar\/news\/wp-json\/wp\/v2\/posts\/7494","targetHints":{"allow":["GET"]}}],"collection":[{"href":"https:\/\/www.crossprensa.com.ar\/news\/wp-json\/wp\/v2\/posts"}],"about":[{"href":"https:\/\/www.crossprensa.com.ar\/news\/wp-json\/wp\/v2\/types\/post"}],"author":[{"embeddable":true,"href":"https:\/\/www.crossprensa.com.ar\/news\/wp-json\/wp\/v2\/users\/2"}],"replies":[{"embeddable":true,"href":"https:\/\/www.crossprensa.com.ar\/news\/wp-json\/wp\/v2\/comments?post=7494"}],"version-history":[{"count":1,"href":"https:\/\/www.crossprensa.com.ar\/news\/wp-json\/wp\/v2\/posts\/7494\/revisions"}],"predecessor-version":[{"id":7496,"href":"https:\/\/www.crossprensa.com.ar\/news\/wp-json\/wp\/v2\/posts\/7494\/revisions\/7496"}],"wp:attachment":[{"href":"https:\/\/www.crossprensa.com.ar\/news\/wp-json\/wp\/v2\/media?parent=7494"}],"wp:term":[{"taxonomy":"category","embeddable":true,"href":"https:\/\/www.crossprensa.com.ar\/news\/wp-json\/wp\/v2\/categories?post=7494"},{"taxonomy":"post_tag","embeddable":true,"href":"https:\/\/www.crossprensa.com.ar\/news\/wp-json\/wp\/v2\/tags?post=7494"}],"curies":[{"name":"wp","href":"https:\/\/api.w.org\/{rel}","templated":true}]}}