{"id":74925,"date":"2025-02-05T19:30:46","date_gmt":"2025-02-05T22:30:46","guid":{"rendered":"https:\/\/www.crossprensa.com.ar\/news\/?p=74925"},"modified":"2025-02-11T12:50:45","modified_gmt":"2025-02-11T15:50:45","slug":"mxgp-presentamos-el-primer-equipo-de-argentina","status":"publish","type":"post","link":"https:\/\/www.crossprensa.com.ar\/news\/mxgp-presentamos-el-primer-equipo-de-argentina\/mxgp\/","title":{"rendered":"MXGP &#8211; Presentamos el primer equipo de Argentina"},"content":{"rendered":"<p>Falta tan poco, y es tanta la expectativa que se ha creado que ya est\u00e1n los equipos y pilotos a full preparando sus motos, decoraciones, ropa, entrenamientos, y la log\u00edstica de LA CARRERA que Argentina entera espera.<\/p>\n<p>Hoy, les mostramos uno de los equipos mejor presentados del pa\u00eds: el CASTROL AXION energy MX, que con la gente de Radikal Racing lograron una estructura impecable, y tendr\u00e1n nada menos que tres pilotos!<\/p>\n<p><!--more--><\/p>\n<p><em><strong>Ya los segu\u00eds en Instagram? Hacelo&#8230; click abajo!<\/strong><\/em><\/p>\n<p><a href=\"https:\/\/www.instagram.com\/radikalracing\/?hl=en\"><img fetchpriority=\"high\" decoding=\"async\" class=\"alignnone wp-image-74858 size-full\" src=\"https:\/\/www.crossprensa.com.ar\/news\/wp-content\/uploads\/2025\/01\/radikalr.gif\" alt=\"\" width=\"1200\" height=\"100\" \/><\/a><\/p>\n<p>La vida de Radikal dentro del motocross, es precisamente UNA VIDA, porque hace much\u00edsimos a\u00f1os (casi 20) que son parte de la actividad. Este a\u00f1o, ser\u00e1n tres los pilotos que van a poner en pista para la fecha mundialista los d\u00edas 1 y 2 de Marzo en el Infinito Race Track en C\u00f3rdoba capital.<\/p>\n<p align=\"center\"><img decoding=\"async\" src=\"https:\/\/www.mxgp.com\/sites\/default\/files\/images\/Images%20for%20PR\/MX2_RGB.jpg\" alt=\"\" data-imagetype=\"External\" data-olk-copy-source=\"MessageBody\" \/><br \/>\n<img decoding=\"async\" src=\"https:\/\/www.mxgp.com\/sites\/default\/files\/images\/Images%20for%20PR\/Red%20line.jpg\" alt=\"\" data-imagetype=\"External\" \/><\/p>\n<p style=\"text-align: center;\"><strong>Juan Ignacio Salgado<\/strong><\/p>\n<p>Naci\u00f3 el 1 de Marzo de 2002 en Alta Gracia, pcia. de C\u00f3rdoba. Actualmente vive en Anisacate en la misma provincia. Estar\u00e1 corriendo con una Husqvarna FC250, y lo har\u00e1 con el n\u00famero 191.<\/p>\n<p><img decoding=\"async\" class=\"alignnone size-full wp-image-74927\" src=\"https:\/\/www.crossprensa.com.ar\/news\/wp-content\/uploads\/2025\/02\/D85_8232-1-scaled.jpg\" alt=\"\" width=\"2560\" height=\"1707\" srcset=\"https:\/\/www.crossprensa.com.ar\/news\/wp-content\/uploads\/2025\/02\/D85_8232-1-scaled.jpg 2560w, https:\/\/www.crossprensa.com.ar\/news\/wp-content\/uploads\/2025\/02\/D85_8232-1-300x200.jpg 300w, https:\/\/www.crossprensa.com.ar\/news\/wp-content\/uploads\/2025\/02\/D85_8232-1-600x400.jpg 600w, https:\/\/www.crossprensa.com.ar\/news\/wp-content\/uploads\/2025\/02\/D85_8232-1-768x512.jpg 768w, https:\/\/www.crossprensa.com.ar\/news\/wp-content\/uploads\/2025\/02\/D85_8232-1-1536x1024.jpg 1536w, https:\/\/www.crossprensa.com.ar\/news\/wp-content\/uploads\/2025\/02\/D85_8232-1-2048x1365.jpg 2048w, https:\/\/www.crossprensa.com.ar\/news\/wp-content\/uploads\/2025\/02\/D85_8232-1-1024x683.jpg 1024w\" sizes=\"(max-width: 2560px) 100vw, 2560px\" \/><\/p>\n<p><em><span style=\"color: #ffff00;\">Segu\u00ed a Palermo Bikes en Instagram, y sorprendete con sus ofertas! Est\u00e1s a un click de distancia&#8230;<\/span><\/em><\/p>\n<p align=\"center\"><a href=\"https:\/\/www.instagram.com\/gasgas.palermobikes\/?hl=en\"><img decoding=\"async\" class=\"alignnone wp-image-74926 size-full\" src=\"https:\/\/www.crossprensa.com.ar\/news\/wp-content\/uploads\/2025\/02\/BANNER-PIE-DE-NOTAS-CROSSPRENSA-1200X100-2-scaled.jpg\" alt=\"\" width=\"2560\" height=\"214\" \/><\/a><\/p>\n<p style=\"text-align: left;\" align=\"center\"><em><span style=\"color: #ffff00;\">Ya compraste tus entradas para alentar a nuestros pilotos y adem\u00e1s ver a los mejores del mundo? Click abajo!\u00a0<\/span><\/em><\/p>\n<p align=\"center\"><a href=\"https:\/\/mxgpargentina.com\/entradas-generales\/\"><img loading=\"lazy\" decoding=\"async\" class=\"alignnone wp-image-74702 size-full\" src=\"https:\/\/www.crossprensa.com.ar\/news\/wp-content\/uploads\/2025\/01\/Llega-a-Cordoba-5.gif\" alt=\"\" width=\"1200\" height=\"100\" \/><\/a><\/p>\n<p align=\"center\"><img decoding=\"async\" src=\"https:\/\/www.mxgp.com\/sites\/default\/files\/images\/Images%20for%20PR\/MXGP_RGB.jpg\" alt=\"\" data-imagetype=\"External\" data-olk-copy-source=\"MessageBody\" \/><br \/>\n<img decoding=\"async\" src=\"https:\/\/www.mxgp.com\/sites\/default\/files\/images\/Images%20for%20PR\/Red%20line.jpg\" alt=\"\" data-imagetype=\"External\" \/><\/p>\n<p style=\"text-align: center;\"><strong>Tom\u00e1s Montes Gadda<\/strong><\/p>\n<p>Naci\u00f3 el 2 de Septiembre de 2002\u00a0 en Pilar, pcia. de Buenos Aires\u00a0 \u00a0y vive en Benavidez, tambi\u00e9n Bs. As. Estar\u00e1 corriendo con una Husqvarna FC450, y lo har\u00e1 llevando el n\u00famero 151.<\/p>\n<p><img loading=\"lazy\" decoding=\"async\" class=\"alignnone size-full wp-image-74929\" src=\"https:\/\/www.crossprensa.com.ar\/news\/wp-content\/uploads\/2025\/02\/D85_8318-scaled.jpg\" alt=\"\" width=\"2560\" height=\"1707\" srcset=\"https:\/\/www.crossprensa.com.ar\/news\/wp-content\/uploads\/2025\/02\/D85_8318-scaled.jpg 2560w, https:\/\/www.crossprensa.com.ar\/news\/wp-content\/uploads\/2025\/02\/D85_8318-300x200.jpg 300w, https:\/\/www.crossprensa.com.ar\/news\/wp-content\/uploads\/2025\/02\/D85_8318-600x400.jpg 600w, https:\/\/www.crossprensa.com.ar\/news\/wp-content\/uploads\/2025\/02\/D85_8318-768x512.jpg 768w, https:\/\/www.crossprensa.com.ar\/news\/wp-content\/uploads\/2025\/02\/D85_8318-1536x1024.jpg 1536w, https:\/\/www.crossprensa.com.ar\/news\/wp-content\/uploads\/2025\/02\/D85_8318-2048x1365.jpg 2048w, https:\/\/www.crossprensa.com.ar\/news\/wp-content\/uploads\/2025\/02\/D85_8318-1024x683.jpg 1024w\" sizes=\"(max-width: 2560px) 100vw, 2560px\" \/><\/p>\n<p style=\"text-align: center;\"><strong>Lautaro Toro<\/strong><\/p>\n<p>Naci\u00f3 en San Miguel de Tucum\u00e1n, el 30 de Marzo de 1999. Actualmente vive en Alderetes en la misma provincia. Estar\u00e1 largando con el n\u00famero 833<\/p>\n<p><img loading=\"lazy\" decoding=\"async\" class=\"alignnone size-full wp-image-74928\" src=\"https:\/\/www.crossprensa.com.ar\/news\/wp-content\/uploads\/2025\/02\/D85_8231-scaled.jpg\" alt=\"\" width=\"2560\" height=\"1707\" srcset=\"https:\/\/www.crossprensa.com.ar\/news\/wp-content\/uploads\/2025\/02\/D85_8231-scaled.jpg 2560w, https:\/\/www.crossprensa.com.ar\/news\/wp-content\/uploads\/2025\/02\/D85_8231-300x200.jpg 300w, https:\/\/www.crossprensa.com.ar\/news\/wp-content\/uploads\/2025\/02\/D85_8231-600x400.jpg 600w, https:\/\/www.crossprensa.com.ar\/news\/wp-content\/uploads\/2025\/02\/D85_8231-768x512.jpg 768w, https:\/\/www.crossprensa.com.ar\/news\/wp-content\/uploads\/2025\/02\/D85_8231-1536x1024.jpg 1536w, https:\/\/www.crossprensa.com.ar\/news\/wp-content\/uploads\/2025\/02\/D85_8231-2048x1365.jpg 2048w, https:\/\/www.crossprensa.com.ar\/news\/wp-content\/uploads\/2025\/02\/D85_8231-1024x683.jpg 1024w\" sizes=\"(max-width: 2560px) 100vw, 2560px\" \/><\/p>\n","protected":false},"excerpt":{"rendered":"<p>Falta tan poco, y es tanta la expectativa que se ha creado que ya est\u00e1n&#8230;<\/p>\n","protected":false},"author":2,"featured_media":74938,"comment_status":"closed","ping_status":"closed","sticky":false,"template":"","format":"standard","meta":{"om_disable_all_campaigns":false,"_monsterinsights_skip_tracking":false,"_monsterinsights_sitenote_active":false,"_monsterinsights_sitenote_note":"","_monsterinsights_sitenote_category":0,"_uf_show_specific_survey":0,"_uf_disable_surveys":false,"footnotes":""},"categories":[24,115],"tags":[],"class_list":["post-74925","post","type-post","status-publish","format-standard","has-post-thumbnail","hentry","category-mxgp","category-mxgp-argentina"],"aioseo_notices":[],"_links":{"self":[{"href":"https:\/\/www.crossprensa.com.ar\/news\/wp-json\/wp\/v2\/posts\/74925","targetHints":{"allow":["GET"]}}],"collection":[{"href":"https:\/\/www.crossprensa.com.ar\/news\/wp-json\/wp\/v2\/posts"}],"about":[{"href":"https:\/\/www.crossprensa.com.ar\/news\/wp-json\/wp\/v2\/types\/post"}],"author":[{"embeddable":true,"href":"https:\/\/www.crossprensa.com.ar\/news\/wp-json\/wp\/v2\/users\/2"}],"replies":[{"embeddable":true,"href":"https:\/\/www.crossprensa.com.ar\/news\/wp-json\/wp\/v2\/comments?post=74925"}],"version-history":[{"count":4,"href":"https:\/\/www.crossprensa.com.ar\/news\/wp-json\/wp\/v2\/posts\/74925\/revisions"}],"predecessor-version":[{"id":75053,"href":"https:\/\/www.crossprensa.com.ar\/news\/wp-json\/wp\/v2\/posts\/74925\/revisions\/75053"}],"wp:featuredmedia":[{"embeddable":true,"href":"https:\/\/www.crossprensa.com.ar\/news\/wp-json\/wp\/v2\/media\/74938"}],"wp:attachment":[{"href":"https:\/\/www.crossprensa.com.ar\/news\/wp-json\/wp\/v2\/media?parent=74925"}],"wp:term":[{"taxonomy":"category","embeddable":true,"href":"https:\/\/www.crossprensa.com.ar\/news\/wp-json\/wp\/v2\/categories?post=74925"},{"taxonomy":"post_tag","embeddable":true,"href":"https:\/\/www.crossprensa.com.ar\/news\/wp-json\/wp\/v2\/tags?post=74925"}],"curies":[{"name":"wp","href":"https:\/\/api.w.org\/{rel}","templated":true}]}}