{"id":74903,"date":"2025-02-04T10:41:34","date_gmt":"2025-02-04T13:41:34","guid":{"rendered":"https:\/\/www.crossprensa.com.ar\/news\/?p=74903"},"modified":"2025-02-04T11:03:42","modified_gmt":"2025-02-04T14:03:42","slug":"mx-santafesino-calendario-confirmado-2025","status":"publish","type":"post","link":"https:\/\/www.crossprensa.com.ar\/news\/mx-santafesino-calendario-confirmado-2025\/mx-santafesino\/","title":{"rendered":"MX SANTAFESINO &#8211; CALENDARIO CONFIRMADO 2025"},"content":{"rendered":"<p>El Campeonato Santafesino de Motocross, ya planea el 2do. a\u00f1o de crecimiento en cantidad de pilotos y circuitos muy mejorados para su desarrollo, tomando el profesionalismo que necesitaba como norma para un a\u00f1o que ya es de afianzamiento y seguridad, echando ra\u00edces que no se van a mover de la mano de Franco Grasiosi y V\u00edctor Taberna. Aqu\u00ed, el calendario para este a\u00f1o.<\/p>\n<p><!--more--><\/p>\n<p><a href=\"https:\/\/www.instagram.com\/marengomotos\/?hl=en \"><img fetchpriority=\"high\" decoding=\"async\" class=\"alignnone wp-image-74771 size-full\" src=\"https:\/\/www.crossprensa.com.ar\/news\/wp-content\/uploads\/2025\/01\/membrete-scaled.jpg\" alt=\"\" width=\"2560\" height=\"235\" \/><\/a><\/p>\n<p><img decoding=\"async\" class=\"alignnone size-full wp-image-74905\" src=\"https:\/\/www.crossprensa.com.ar\/news\/wp-content\/uploads\/2025\/02\/FG0_8059-scaled.jpg\" alt=\"\" width=\"2560\" height=\"1707\" srcset=\"https:\/\/www.crossprensa.com.ar\/news\/wp-content\/uploads\/2025\/02\/FG0_8059-scaled.jpg 2560w, https:\/\/www.crossprensa.com.ar\/news\/wp-content\/uploads\/2025\/02\/FG0_8059-300x200.jpg 300w, https:\/\/www.crossprensa.com.ar\/news\/wp-content\/uploads\/2025\/02\/FG0_8059-600x400.jpg 600w, https:\/\/www.crossprensa.com.ar\/news\/wp-content\/uploads\/2025\/02\/FG0_8059-768x512.jpg 768w, https:\/\/www.crossprensa.com.ar\/news\/wp-content\/uploads\/2025\/02\/FG0_8059-1536x1024.jpg 1536w, https:\/\/www.crossprensa.com.ar\/news\/wp-content\/uploads\/2025\/02\/FG0_8059-2048x1365.jpg 2048w, https:\/\/www.crossprensa.com.ar\/news\/wp-content\/uploads\/2025\/02\/FG0_8059-1024x683.jpg 1024w\" sizes=\"(max-width: 2560px) 100vw, 2560px\" \/><\/p>\n<p>1ra Fecha: 8 y 9 de Marzo &#8211; SANTA FE, CAPITAL.<\/p>\n<p>2da. Fecha: 12 y 13 de Abril &#8211; SUARDI<\/p>\n<p>3ra. Fecha: 17 y 18 de Mayo &#8211; PILAR<\/p>\n<p>4ta. Fecha: 14 y 15 de Junio &#8211; CA\u00d1ADA ROSQUIN<\/p>\n<p><a href=\"https:\/\/www.sosproracing.com.ar\/\"><img decoding=\"async\" class=\"alignnone wp-image-74861 size-full\" src=\"https:\/\/www.crossprensa.com.ar\/news\/wp-content\/uploads\/2025\/01\/sospro.gif\" alt=\"\" width=\"1200\" height=\"100\" \/><\/a><\/p>\n<p><img loading=\"lazy\" decoding=\"async\" class=\"alignnone size-full wp-image-74906\" src=\"https:\/\/www.crossprensa.com.ar\/news\/wp-content\/uploads\/2025\/02\/FG0_2344-scaled.jpg\" alt=\"\" width=\"2560\" height=\"1707\" srcset=\"https:\/\/www.crossprensa.com.ar\/news\/wp-content\/uploads\/2025\/02\/FG0_2344-scaled.jpg 2560w, https:\/\/www.crossprensa.com.ar\/news\/wp-content\/uploads\/2025\/02\/FG0_2344-300x200.jpg 300w, https:\/\/www.crossprensa.com.ar\/news\/wp-content\/uploads\/2025\/02\/FG0_2344-600x400.jpg 600w, https:\/\/www.crossprensa.com.ar\/news\/wp-content\/uploads\/2025\/02\/FG0_2344-768x512.jpg 768w, https:\/\/www.crossprensa.com.ar\/news\/wp-content\/uploads\/2025\/02\/FG0_2344-1536x1024.jpg 1536w, https:\/\/www.crossprensa.com.ar\/news\/wp-content\/uploads\/2025\/02\/FG0_2344-2048x1365.jpg 2048w, https:\/\/www.crossprensa.com.ar\/news\/wp-content\/uploads\/2025\/02\/FG0_2344-1024x683.jpg 1024w\" sizes=\"(max-width: 2560px) 100vw, 2560px\" \/><\/p>\n<p>5ta. Fecha: 13 y 14 de Julio &#8211; A CONFIRMAR<\/p>\n<p>6ta. Fecha: 16 y 17 de Agosto &#8211; PRE NACIONAL CA\u00d1ADA ROSQUIN<\/p>\n<p>7ma. Fecha: 12 Y 13 de Septiembre &#8211; A CONFIRMAR<\/p>\n<p>8va. Fecha: 9 y 10 de Octubre &#8211; CORONACI\u00d3N &#8211; STA. FE, CAPITAL.<\/p>\n","protected":false},"excerpt":{"rendered":"<p>El Campeonato Santafesino de Motocross, ya planea el 2do. a\u00f1o de crecimiento en cantidad de&#8230;<\/p>\n","protected":false},"author":2,"featured_media":74904,"comment_status":"closed","ping_status":"closed","sticky":false,"template":"","format":"standard","meta":{"om_disable_all_campaigns":false,"_monsterinsights_skip_tracking":false,"_monsterinsights_sitenote_active":false,"_monsterinsights_sitenote_note":"","_monsterinsights_sitenote_category":0,"_uf_show_specific_survey":0,"_uf_disable_surveys":false,"footnotes":""},"categories":[43],"tags":[],"class_list":["post-74903","post","type-post","status-publish","format-standard","has-post-thumbnail","hentry","category-mx-santafesino"],"aioseo_notices":[],"_links":{"self":[{"href":"https:\/\/www.crossprensa.com.ar\/news\/wp-json\/wp\/v2\/posts\/74903","targetHints":{"allow":["GET"]}}],"collection":[{"href":"https:\/\/www.crossprensa.com.ar\/news\/wp-json\/wp\/v2\/posts"}],"about":[{"href":"https:\/\/www.crossprensa.com.ar\/news\/wp-json\/wp\/v2\/types\/post"}],"author":[{"embeddable":true,"href":"https:\/\/www.crossprensa.com.ar\/news\/wp-json\/wp\/v2\/users\/2"}],"replies":[{"embeddable":true,"href":"https:\/\/www.crossprensa.com.ar\/news\/wp-json\/wp\/v2\/comments?post=74903"}],"version-history":[{"count":3,"href":"https:\/\/www.crossprensa.com.ar\/news\/wp-json\/wp\/v2\/posts\/74903\/revisions"}],"predecessor-version":[{"id":74909,"href":"https:\/\/www.crossprensa.com.ar\/news\/wp-json\/wp\/v2\/posts\/74903\/revisions\/74909"}],"wp:featuredmedia":[{"embeddable":true,"href":"https:\/\/www.crossprensa.com.ar\/news\/wp-json\/wp\/v2\/media\/74904"}],"wp:attachment":[{"href":"https:\/\/www.crossprensa.com.ar\/news\/wp-json\/wp\/v2\/media?parent=74903"}],"wp:term":[{"taxonomy":"category","embeddable":true,"href":"https:\/\/www.crossprensa.com.ar\/news\/wp-json\/wp\/v2\/categories?post=74903"},{"taxonomy":"post_tag","embeddable":true,"href":"https:\/\/www.crossprensa.com.ar\/news\/wp-json\/wp\/v2\/tags?post=74903"}],"curies":[{"name":"wp","href":"https:\/\/api.w.org\/{rel}","templated":true}]}}