{"id":74755,"date":"2025-01-24T14:23:23","date_gmt":"2025-01-24T17:23:23","guid":{"rendered":"https:\/\/www.crossprensa.com.ar\/news\/?p=74755"},"modified":"2025-01-24T14:24:13","modified_gmt":"2025-01-24T17:24:13","slug":"ama-sx-los-horarios-para-anaheim-2","status":"publish","type":"post","link":"https:\/\/www.crossprensa.com.ar\/news\/ama-sx-los-horarios-para-anaheim-2\/ama-motocross\/","title":{"rendered":"AMA SX: Los horarios para ANAHEIM 2!"},"content":{"rendered":"<p>Hemos llegado a la 3ra. fecha del Supercross 2025 en Anaheim este S\u00e1bado 25. Anaheim tuvo la apertura del campeonato hace dos semanas y se va a repetir el escenario. Este a\u00f1o Eli Tomac se le plant\u00f3 de cara a Jett Lawrence y se lo est\u00e1 haciendo muy dif\u00edcil! Prado mejora carrera tras carrera. En 250, PAREC\u00cdA que Haiden Deegan no tendr\u00eda rival, pero lo tuvo&#8230;<\/p>\n<p><!--more--><\/p>\n<p>Para tener TODO en vivo en tu dispositivo, click abajo y suscribite!!!<\/p>\n<p><a href=\"https:\/\/wa.link\/4btzoq\"><img fetchpriority=\"high\" decoding=\"async\" class=\"alignnone wp-image-74362 size-full\" src=\"https:\/\/www.crossprensa.com.ar\/news\/wp-content\/uploads\/2025\/01\/barra1.png\" alt=\"\" width=\"1201\" height=\"190\" \/><\/a><\/p>\n<p><img decoding=\"async\" class=\"alignnone size-full wp-image-73929\" src=\"https:\/\/www.crossprensa.com.ar\/news\/wp-content\/uploads\/2024\/12\/cassano.jpg\" alt=\"\" width=\"2104\" height=\"227\" \/><\/p>\n<h3><strong>2025 ANAHEIM 2 SUPERCROSS: HORARIOS SABADO<\/strong><\/h3>\n<table border=\"1\">\n<thead>\n<tr>\n<th>Hora<\/th>\n<th>Desarrollo de carrera<\/th>\n<\/tr>\n<\/thead>\n<tbody>\n<tr>\n<td>15:00 \u2013 15:08<\/td>\n<td>250 Group C Free Practice<\/td>\n<\/tr>\n<tr>\n<td>15:10 \u2013 15:18<\/td>\n<td>250 Group B Free Practice<\/td>\n<\/tr>\n<tr>\n<td>15:20 \u2013 15:28<\/td>\n<td>250 Group A Free Practice<\/td>\n<\/tr>\n<tr>\n<td>15:30 \u2013 15:38<\/td>\n<td>450 Group C Free Practice<\/td>\n<\/tr>\n<tr>\n<td>15:40 \u2013 15:48<\/td>\n<td>450 Group B Free Practice<\/td>\n<\/tr>\n<tr>\n<td>15:50 \u2013 15:58<\/td>\n<td>450 Group A Free Practice<\/td>\n<\/tr>\n<tr>\n<td>16:05 \u2013 16:15<\/td>\n<td>250 Group C Qualifying<\/td>\n<\/tr>\n<tr>\n<td>16:20 \u2013 16:30<\/td>\n<td>250 Group B Qualifying<\/td>\n<\/tr>\n<tr>\n<td>16:35 \u2013 16:45<\/td>\n<td>250 Group A Qualifying<\/td>\n<\/tr>\n<tr>\n<td>16:50 \u2013 17:00<\/td>\n<td>450 Group A Qualifying<\/td>\n<\/tr>\n<tr>\n<td>17:05 \u2013 17:15<\/td>\n<td>450 Group B Qualifying<\/td>\n<\/tr>\n<tr>\n<td>17:20 \u2013 17:30<\/td>\n<td>450 Group C Qualifying<\/td>\n<\/tr>\n<tr>\n<td>17:30 \u2013 17:45<\/td>\n<td>KTM Junior Racing Practice<\/td>\n<\/tr>\n<tr>\n<td>18:20 \u2013 18:30<\/td>\n<td>250 Group C Qualifying<\/td>\n<\/tr>\n<tr>\n<td>18:35 \u2013 18:45<\/td>\n<td>250 Group B Qualifying<\/td>\n<\/tr>\n<tr>\n<td>18:50 \u2013 19:00<\/td>\n<td>250 Group A Qualifying<\/td>\n<\/tr>\n<tr>\n<td>19:05 \u2013 19:15<\/td>\n<td>450 Group A Qualifying<\/td>\n<\/tr>\n<tr>\n<td>19:20 \u2013 19:30<\/td>\n<td>450 Group B Qualifying<\/td>\n<\/tr>\n<tr>\n<td>19:35 \u2013 19:45<\/td>\n<td>450 Group C Qualifying<\/td>\n<\/tr>\n<tr>\n<td>19:45 \u2013 20:00<\/td>\n<td>KTM Junior Racing Practice<\/td>\n<\/tr>\n<tr>\n<td><strong>21:30 \u2013 22:00<\/strong><\/td>\n<td><strong>Opening Ceremonies<\/strong><\/td>\n<\/tr>\n<tr>\n<td>22:04 \u2013 22:12<\/td>\n<td><span style=\"color: #ffff00;\"><strong>250 Heat #1<\/strong><\/span> \u2013 6 Minutes\/Plus 1 lap \u2013 20 riders (1 \u2013 9 to Main)<\/td>\n<\/tr>\n<tr>\n<td>22:19 \u2013 22:27<\/td>\n<td><span style=\"color: #ffff00;\"><strong>250 Heat #2<\/strong><\/span> \u2013 6 Minutes\/Plus 1 lap \u2013 20 riders (1 \u2013 9 to Main)<\/td>\n<\/tr>\n<tr>\n<td>22:33 \u2013 22:41<\/td>\n<td><span style=\"color: #ffff00;\"><strong>450 Heat #1<\/strong><\/span> \u2013 6 Minutes\/Plus 1 lap \u2013 20 riders (1 \u2013 9 to Main)<\/td>\n<\/tr>\n<tr>\n<td>22:48 \u2013 22:56<\/td>\n<td><span style=\"color: #ffff00;\"><strong>450 Heat #2<\/strong><\/span> \u2013 6 Minutes\/Plus 1 lap \u2013 20 riders (1 \u2013 9 to Main)<\/td>\n<\/tr>\n<tr>\n<td>23:02 \u2013 23:08<\/td>\n<td><span style=\"color: #ffff00;\"><strong>KTM Junior Racing Main Event<\/strong> <\/span>\u2013 3 Laps \u2013 15 Riders<\/td>\n<\/tr>\n<tr>\n<td>23:22 \u2013 23:29<\/td>\n<td><span style=\"color: #ffff00;\"><strong>250 Last Chance Qualifier<\/strong> <\/span>\u2013 5 Minutes\/Plus 1 lap \u2013 22 riders (1 \u2013 4 to Main)<\/td>\n<\/tr>\n<tr>\n<td>23:34 \u2013 23:41<\/td>\n<td><span style=\"color: #ffff00;\"><strong>450 Last Chance Qualifier<\/strong> <\/span>\u2013 5 Minutes\/Plus 1 lap \u2013 22 riders (1 \u2013 4 to Main)<\/td>\n<\/tr>\n<tr>\n<td>23:41 \u2013 23:46<\/td>\n<td>Intervalo<\/td>\n<\/tr>\n<tr>\n<td>23:51 \u201300:08<\/td>\n<td><span style=\"color: #ffff00;\"><strong>250 Main Event<\/strong> <\/span>\u2013 15 Minutes\/Plus 1 lap \u2013 22 riders<\/td>\n<\/tr>\n<tr>\n<td>00:28 \u2013 00:50<\/td>\n<td><strong><span style=\"color: #ffff00;\">450 Main Event<\/span><\/strong> \u2013 20 Minutes\/Plus 1 lap \u2013 22 riders<\/td>\n<\/tr>\n<\/tbody>\n<\/table>\n<h3><strong>2025 ANAHEIM 2 SUPERCROSS TRACK MAP\u00a0<\/strong><\/h3>\n<p><img decoding=\"async\" class=\"alignnone size-full wp-image-74752\" src=\"https:\/\/www.crossprensa.com.ar\/news\/wp-content\/uploads\/2025\/01\/GiEFyTZXEAEUwZ6.jpeg\" alt=\"\" width=\"2048\" height=\"1536\" \/><\/p>\n","protected":false},"excerpt":{"rendered":"<p>Hemos llegado a la 3ra. fecha del Supercross 2025 en Anaheim este S\u00e1bado 25. Anaheim&#8230;<\/p>\n","protected":false},"author":2,"featured_media":74751,"comment_status":"closed","ping_status":"closed","sticky":false,"template":"","format":"standard","meta":{"om_disable_all_campaigns":false,"_monsterinsights_skip_tracking":false,"_monsterinsights_sitenote_active":false,"_monsterinsights_sitenote_note":"","_monsterinsights_sitenote_category":0,"_uf_show_specific_survey":0,"_uf_disable_surveys":false,"footnotes":""},"categories":[25,30],"tags":[],"class_list":["post-74755","post","type-post","status-publish","format-standard","has-post-thumbnail","hentry","category-ama-motocross","category-ama-supercross"],"aioseo_notices":[],"_links":{"self":[{"href":"https:\/\/www.crossprensa.com.ar\/news\/wp-json\/wp\/v2\/posts\/74755","targetHints":{"allow":["GET"]}}],"collection":[{"href":"https:\/\/www.crossprensa.com.ar\/news\/wp-json\/wp\/v2\/posts"}],"about":[{"href":"https:\/\/www.crossprensa.com.ar\/news\/wp-json\/wp\/v2\/types\/post"}],"author":[{"embeddable":true,"href":"https:\/\/www.crossprensa.com.ar\/news\/wp-json\/wp\/v2\/users\/2"}],"replies":[{"embeddable":true,"href":"https:\/\/www.crossprensa.com.ar\/news\/wp-json\/wp\/v2\/comments?post=74755"}],"version-history":[{"count":1,"href":"https:\/\/www.crossprensa.com.ar\/news\/wp-json\/wp\/v2\/posts\/74755\/revisions"}],"predecessor-version":[{"id":74756,"href":"https:\/\/www.crossprensa.com.ar\/news\/wp-json\/wp\/v2\/posts\/74755\/revisions\/74756"}],"wp:featuredmedia":[{"embeddable":true,"href":"https:\/\/www.crossprensa.com.ar\/news\/wp-json\/wp\/v2\/media\/74751"}],"wp:attachment":[{"href":"https:\/\/www.crossprensa.com.ar\/news\/wp-json\/wp\/v2\/media?parent=74755"}],"wp:term":[{"taxonomy":"category","embeddable":true,"href":"https:\/\/www.crossprensa.com.ar\/news\/wp-json\/wp\/v2\/categories?post=74755"},{"taxonomy":"post_tag","embeddable":true,"href":"https:\/\/www.crossprensa.com.ar\/news\/wp-json\/wp\/v2\/tags?post=74755"}],"curies":[{"name":"wp","href":"https:\/\/api.w.org\/{rel}","templated":true}]}}