{"id":74721,"date":"2025-01-22T13:38:45","date_gmt":"2025-01-22T16:38:45","guid":{"rendered":"https:\/\/www.crossprensa.com.ar\/news\/?p=74721"},"modified":"2025-01-22T13:39:15","modified_gmt":"2025-01-22T16:39:15","slug":"supercross-en-neuquen-se-preparan-la-3ra-y-4ta-fecha-de-2025","status":"publish","type":"post","link":"https:\/\/www.crossprensa.com.ar\/news\/supercross-en-neuquen-se-preparan-la-3ra-y-4ta-fecha-de-2025\/sx-neuquen\/","title":{"rendered":"SUPERCROSS EN NEUQU\u00c9N: SE PREPARAN LA 3ra. y 4ta. FECHA de 2025!"},"content":{"rendered":"<p>El Motocross Club Neuqu\u00e9n se prepara para recibir las primeras dos competencias del 2025, la tercera y cuarta fecha de la 29\u00b0 edici\u00f3n del Nocturno de Supercross, que se disputar\u00e1n el jueves 30 de enero y el s\u00e1bado 01 de febrero en el Coliseo La Barda.<\/p>\n<p><!--more--><\/p>\n<p>Los pilotos han comenzado con los entrenamientos para ajustar los \u00faltimos detalles de cara a las pr\u00f3ximas dos fechas de campeonato. Hoy mi\u00e9rcoles 22 de enero, ser\u00e1 el ante\u00faltimo entrenamiento, mientras que el s\u00e1bado 25 ser\u00e1 el \u00faltimo d\u00eda de pr\u00e1ctica antes de que los motores rujan oficialmente en esta fiesta del supercross.<\/p>\n<p>Las entradas anticipadas ya est\u00e1n a la venta a un precio promocional de $6.000, mientras que en puerta tendr\u00e1n un costo de $8.000. Mientras que, para los pilotos, el costo de inscripci\u00f3n ser\u00e1 de $100.000 y para la categor\u00eda exhibici\u00f3n de $30.000.<\/p>\n<p>Cabe recordar para aquellos que no puedan asistir, se transmitir\u00e1 en vivo por streaming, en el canal de youtube del motocross club Neuquen.<\/p>\n<p>Estas pr\u00f3ximas fechas prometen superar todas las expectativas con una organizaci\u00f3n impecable y un ambiente \u00fanico bajo las estrellas del verano neuquino. \u00a1No te quedes afuera de esta experiencia nocturna inolvidable y asegura tu lugar para disfrutar de la acci\u00f3n y la adrenalina del supercross en su m\u00e1xima expresi\u00f3n!<\/p>\n<p>Nota: Mart\u00edn Signorile.<\/p>\n","protected":false},"excerpt":{"rendered":"<p>El Motocross Club Neuqu\u00e9n se prepara para recibir las primeras dos competencias del 2025, la&#8230;<\/p>\n","protected":false},"author":2,"featured_media":74722,"comment_status":"closed","ping_status":"closed","sticky":false,"template":"","format":"standard","meta":{"om_disable_all_campaigns":false,"_monsterinsights_skip_tracking":false,"_monsterinsights_sitenote_active":false,"_monsterinsights_sitenote_note":"","_monsterinsights_sitenote_category":0,"_uf_show_specific_survey":0,"_uf_disable_surveys":false,"footnotes":""},"categories":[188],"tags":[],"class_list":["post-74721","post","type-post","status-publish","format-standard","has-post-thumbnail","hentry","category-sx-neuquen"],"aioseo_notices":[],"_links":{"self":[{"href":"https:\/\/www.crossprensa.com.ar\/news\/wp-json\/wp\/v2\/posts\/74721","targetHints":{"allow":["GET"]}}],"collection":[{"href":"https:\/\/www.crossprensa.com.ar\/news\/wp-json\/wp\/v2\/posts"}],"about":[{"href":"https:\/\/www.crossprensa.com.ar\/news\/wp-json\/wp\/v2\/types\/post"}],"author":[{"embeddable":true,"href":"https:\/\/www.crossprensa.com.ar\/news\/wp-json\/wp\/v2\/users\/2"}],"replies":[{"embeddable":true,"href":"https:\/\/www.crossprensa.com.ar\/news\/wp-json\/wp\/v2\/comments?post=74721"}],"version-history":[{"count":2,"href":"https:\/\/www.crossprensa.com.ar\/news\/wp-json\/wp\/v2\/posts\/74721\/revisions"}],"predecessor-version":[{"id":74724,"href":"https:\/\/www.crossprensa.com.ar\/news\/wp-json\/wp\/v2\/posts\/74721\/revisions\/74724"}],"wp:featuredmedia":[{"embeddable":true,"href":"https:\/\/www.crossprensa.com.ar\/news\/wp-json\/wp\/v2\/media\/74722"}],"wp:attachment":[{"href":"https:\/\/www.crossprensa.com.ar\/news\/wp-json\/wp\/v2\/media?parent=74721"}],"wp:term":[{"taxonomy":"category","embeddable":true,"href":"https:\/\/www.crossprensa.com.ar\/news\/wp-json\/wp\/v2\/categories?post=74721"},{"taxonomy":"post_tag","embeddable":true,"href":"https:\/\/www.crossprensa.com.ar\/news\/wp-json\/wp\/v2\/tags?post=74721"}],"curies":[{"name":"wp","href":"https:\/\/api.w.org\/{rel}","templated":true}]}}