{"id":7457,"date":"2014-12-23T18:02:59","date_gmt":"2014-12-23T21:02:59","guid":{"rendered":"http:\/\/www.crossprensa.com.ar\/news\/?p=7457"},"modified":"2014-12-23T18:02:59","modified_gmt":"2014-12-23T21:02:59","slug":"dakar-2015-los-pilotos-argentinos","status":"publish","type":"post","link":"https:\/\/www.crossprensa.com.ar\/news\/dakar-2015-los-pilotos-argentinos\/dakar\/","title":{"rendered":"DAKAR 2015, los pilotos Argentinos."},"content":{"rendered":"<p>El Dakar ya est\u00e1 nuevamente en Argentina. Los veh\u00edculos de la caravana para la carrera mas dura del mundo est\u00e1 en nuestro suelo desde ayer, y para comenzar a conocer a quienes ser\u00e1n los que nos representen en 2015, les dejamos aqu\u00ed la lista de inscriptos de motos y cuatris. Toda la carrera la seguiremos EN VIVO como es nuestra costumbre, d\u00eda tras d\u00eda. Solo como Crossprensa te la puede mostrar.<\/p>\n<p>En la tapa, la foto de una de las Kawasaki que prepara Armando Lelli en Villa Giardino, con nuevos desarrollos en este a\u00f1o que volver\u00e1n a poner a prueba toda la sabidur\u00eda del mago de Villa Giardino.<\/p>\n<p><!--more--><\/p>\n<p>DAKAR 2015: INSCRIPTOS<\/p>\n<p>&nbsp;<\/p>\n<p><strong>MOTOS:<\/strong><\/p>\n<p>&nbsp;<\/p>\n<table width=\"627\">\n<tbody>\n<tr>\n<td><a href=\"http:\/\/www.dakar.com\/dakar\/2015\/es\/piloto\/001.html\">1<\/a><\/td>\n<td>\n<ul>\n<li><a href=\"http:\/\/www.dakar.com\/dakar\/2015\/es\/piloto\/001.html\">COMA MARC<\/a>(ESP)<\/li>\n<\/ul>\n<\/td>\n<td>KTM<\/td>\n<\/tr>\n<tr>\n<td><a href=\"http:\/\/www.dakar.com\/dakar\/2015\/es\/piloto\/002.html\">2<\/a><\/td>\n<td>\n<ul>\n<li><a href=\"http:\/\/www.dakar.com\/dakar\/2015\/es\/piloto\/002.html\">BARREDA BORT JOAN<\/a>(ESP)<\/li>\n<\/ul>\n<\/td>\n<td>HONDA<\/td>\n<\/tr>\n<tr>\n<td><a href=\"http:\/\/www.dakar.com\/dakar\/2015\/es\/piloto\/003.html\">3<\/a><\/td>\n<td>\n<ul>\n<li><a href=\"http:\/\/www.dakar.com\/dakar\/2015\/es\/piloto\/003.html\">PAIN OLIVIER<\/a>(FRA)<\/li>\n<\/ul>\n<\/td>\n<td>YAMAHA<\/td>\n<\/tr>\n<tr>\n<td><a href=\"http:\/\/www.dakar.com\/dakar\/2015\/es\/piloto\/004.html\">4<\/a><\/td>\n<td>\n<ul>\n<li><a href=\"http:\/\/www.dakar.com\/dakar\/2015\/es\/piloto\/004.html\">VILADOMS JORDI<\/a>(ESP)<\/li>\n<\/ul>\n<\/td>\n<td>KTM<\/td>\n<\/tr>\n<tr>\n<td><a href=\"http:\/\/www.dakar.com\/dakar\/2015\/es\/piloto\/005.html\">5<\/a><\/td>\n<td>\n<ul>\n<li><a href=\"http:\/\/www.dakar.com\/dakar\/2015\/es\/piloto\/005.html\">RODRIGUES HELDER<\/a>(PRT)<\/li>\n<\/ul>\n<\/td>\n<td>HONDA<\/td>\n<\/tr>\n<tr>\n<td><a href=\"http:\/\/www.dakar.com\/dakar\/2015\/es\/piloto\/006.html\">6<\/a><\/td>\n<td>\n<ul>\n<li><a href=\"http:\/\/www.dakar.com\/dakar\/2015\/es\/piloto\/006.html\">SUNDERLAND SAM<\/a>(GBR)<\/li>\n<\/ul>\n<\/td>\n<td>KTM<\/td>\n<\/tr>\n<tr>\n<td><a href=\"http:\/\/www.dakar.com\/dakar\/2015\/es\/piloto\/007.html\">7<\/a><\/td>\n<td>\n<ul>\n<li><a href=\"http:\/\/www.dakar.com\/dakar\/2015\/es\/piloto\/007.html\">GONCALVES PAULO<\/a>(PRT)<\/li>\n<\/ul>\n<\/td>\n<td>HONDA<\/td>\n<\/tr>\n<tr>\n<td><a href=\"http:\/\/www.dakar.com\/dakar\/2015\/es\/piloto\/008.html\">8<\/a><\/td>\n<td>\n<ul>\n<li><a href=\"http:\/\/www.dakar.com\/dakar\/2015\/es\/piloto\/008.html\">PRZYGONSKI JAKUB<\/a>(POL)<\/li>\n<\/ul>\n<\/td>\n<td>KTM<\/td>\n<\/tr>\n<tr>\n<td><a href=\"http:\/\/www.dakar.com\/dakar\/2015\/es\/piloto\/009.html\">9<\/a><\/td>\n<td>\n<ul>\n<li><a href=\"http:\/\/www.dakar.com\/dakar\/2015\/es\/piloto\/009.html\">CASTEU DAVID<\/a>(FRA)<\/li>\n<\/ul>\n<\/td>\n<td>KTM<\/td>\n<\/tr>\n<tr>\n<td><a href=\"http:\/\/www.dakar.com\/dakar\/2015\/es\/piloto\/010.html\">10<\/a><\/td>\n<td>\n<ul>\n<li><a href=\"http:\/\/www.dakar.com\/dakar\/2015\/es\/piloto\/010.html\">PEDRERO GARCIA JUAN<\/a>(ESP)<\/li>\n<\/ul>\n<\/td>\n<td>YAMAHA<\/td>\n<\/tr>\n<tr>\n<td>11<\/td>\n<td>\n<ul>\n<li>FARIA RUBEN (PRT)<\/li>\n<\/ul>\n<\/td>\n<td>KTM<\/td>\n<\/tr>\n<tr>\n<td><a href=\"http:\/\/www.dakar.com\/dakar\/2015\/es\/piloto\/012.html\">12<\/a><\/td>\n<td>\n<ul>\n<li><a href=\"http:\/\/www.dakar.com\/dakar\/2015\/es\/piloto\/012.html\">ISRAEL ESQUERRE JEREMIAS<\/a>(CHL)<\/li>\n<\/ul>\n<\/td>\n<td>HONDA<\/td>\n<\/tr>\n<tr>\n<td><a href=\"http:\/\/www.dakar.com\/dakar\/2015\/es\/piloto\/014.html\">14<\/a><\/td>\n<td>\n<ul>\n<li><a href=\"http:\/\/www.dakar.com\/dakar\/2015\/es\/piloto\/014.html\">DUCLOS ALAIN<\/a>(FRA)<\/li>\n<\/ul>\n<\/td>\n<td>SHERCO TVS<\/td>\n<\/tr>\n<tr>\n<td><a href=\"http:\/\/www.dakar.com\/dakar\/2015\/es\/piloto\/015.html\">15<\/a><\/td>\n<td>\n<ul>\n<li><a href=\"http:\/\/www.dakar.com\/dakar\/2015\/es\/piloto\/015.html\">VERHOEVEN FRANS<\/a>(NLD)<\/li>\n<\/ul>\n<\/td>\n<td>YAMAHA<\/td>\n<\/tr>\n<tr>\n<td><a href=\"http:\/\/www.dakar.com\/dakar\/2015\/es\/piloto\/016.html\">16<\/a><\/td>\n<td>\n<ul>\n<li><a href=\"http:\/\/www.dakar.com\/dakar\/2015\/es\/piloto\/016.html\">GOUET DANIEL<\/a>(CHL)<\/li>\n<\/ul>\n<\/td>\n<td>HONDA<\/td>\n<\/tr>\n<tr>\n<td><a href=\"http:\/\/www.dakar.com\/dakar\/2015\/es\/piloto\/017.html\">17<\/a><\/td>\n<td>\n<ul>\n<li><a href=\"http:\/\/www.dakar.com\/dakar\/2015\/es\/piloto\/017.html\">METGE MICHAEL<\/a>(FRA)<\/li>\n<\/ul>\n<\/td>\n<td>YAMAHA<\/td>\n<\/tr>\n<tr>\n<td>18<\/td>\n<td>\n<ul>\n<li>SVITKO STEFAN (SVK)<\/li>\n<\/ul>\n<\/td>\n<td>KTM<\/td>\n<\/tr>\n<tr>\n<td><a href=\"http:\/\/www.dakar.com\/dakar\/2015\/es\/piloto\/019.html\">19<\/a><\/td>\n<td>\n<ul>\n<li><a href=\"http:\/\/www.dakar.com\/dakar\/2015\/es\/piloto\/019.html\">BOTTURI ALESSANDRO<\/a>(ITA)<\/li>\n<\/ul>\n<\/td>\n<td>YAMAHA<\/td>\n<\/tr>\n<tr>\n<td><a href=\"http:\/\/www.dakar.com\/dakar\/2015\/es\/piloto\/020.html\">20<\/a><\/td>\n<td>\n<ul>\n<li><a href=\"http:\/\/www.dakar.com\/dakar\/2015\/es\/piloto\/020.html\">VAN NIEKERK RIAAN<\/a>(ZAF)<\/li>\n<\/ul>\n<\/td>\n<td>KTM<\/td>\n<\/tr>\n<tr>\n<td><a href=\"http:\/\/www.dakar.com\/dakar\/2015\/es\/piloto\/021.html\">21<\/a><\/td>\n<td>\n<ul>\n<li><a href=\"http:\/\/www.dakar.com\/dakar\/2015\/es\/piloto\/021.html\">JAKES IVAN<\/a>(SVK)<\/li>\n<\/ul>\n<\/td>\n<td>KTM<\/td>\n<\/tr>\n<tr>\n<td><span style=\"color: #ff0000;\"><strong><a style=\"color: #ff0000;\" href=\"http:\/\/www.dakar.com\/dakar\/2015\/es\/piloto\/022.html\">22<\/a><\/strong><\/span><\/td>\n<td>\n<ul>\n<li><span style=\"color: #ff0000;\"><strong><a style=\"color: #ff0000;\" href=\"http:\/\/www.dakar.com\/dakar\/2015\/es\/piloto\/022.html\">PIZZOLITO JAVIER<\/a>(ARG)<\/strong><\/span><\/li>\n<\/ul>\n<\/td>\n<td><span style=\"color: #ff0000;\"><strong>HONDA<\/strong><\/span><\/td>\n<\/tr>\n<tr>\n<td><a href=\"http:\/\/www.dakar.com\/dakar\/2015\/es\/piloto\/023.html\">23<\/a><\/td>\n<td>\n<ul>\n<li><a href=\"http:\/\/www.dakar.com\/dakar\/2015\/es\/piloto\/023.html\">FARRES GUELL GERARD<\/a>(ESP)<\/li>\n<\/ul>\n<\/td>\n<td>GASGAS<\/td>\n<\/tr>\n<tr>\n<td><a href=\"http:\/\/www.dakar.com\/dakar\/2015\/es\/piloto\/024.html\">24<\/a><\/td>\n<td>\n<ul>\n<li><a href=\"http:\/\/www.dakar.com\/dakar\/2015\/es\/piloto\/024.html\">DE AZEVEDO JEAN<\/a>(BRA)<\/li>\n<\/ul>\n<\/td>\n<td>HONDA<\/td>\n<\/tr>\n<tr>\n<td><a href=\"http:\/\/www.dakar.com\/dakar\/2015\/es\/piloto\/025.html\">25<\/a><\/td>\n<td>\n<ul>\n<li><a href=\"http:\/\/www.dakar.com\/dakar\/2015\/es\/piloto\/025.html\">PLANET FABIEN<\/a>(FRA)<\/li>\n<\/ul>\n<\/td>\n<td>SHERCO TVS<\/td>\n<\/tr>\n<tr>\n<td><a href=\"http:\/\/www.dakar.com\/dakar\/2015\/es\/piloto\/026.html\">26<\/a><\/td>\n<td>\n<ul>\n<li><a href=\"http:\/\/www.dakar.com\/dakar\/2015\/es\/piloto\/026.html\">PRICE TOBY<\/a>(AUS)<\/li>\n<\/ul>\n<\/td>\n<td>KTM<\/td>\n<\/tr>\n<tr>\n<td><a href=\"http:\/\/www.dakar.com\/dakar\/2015\/es\/piloto\/027.html\">27<\/a><\/td>\n<td>\n<ul>\n<li><a href=\"http:\/\/www.dakar.com\/dakar\/2015\/es\/piloto\/027.html\">WALKNER MATTHIAS<\/a>(AUT)<\/li>\n<\/ul>\n<\/td>\n<td>KTM<\/td>\n<\/tr>\n<tr>\n<td><a href=\"http:\/\/www.dakar.com\/dakar\/2015\/es\/piloto\/028.html\">28<\/a><\/td>\n<td>\n<ul>\n<li><a href=\"http:\/\/www.dakar.com\/dakar\/2015\/es\/piloto\/028.html\">SALVATIERRA JUAN CARLOS<\/a>(BOL)<\/li>\n<\/ul>\n<\/td>\n<td>KTM<\/td>\n<\/tr>\n<tr>\n<td><a href=\"http:\/\/www.dakar.com\/dakar\/2015\/es\/piloto\/029.html\">29<\/a><\/td>\n<td>\n<ul>\n<li><a href=\"http:\/\/www.dakar.com\/dakar\/2015\/es\/piloto\/029.html\">SANZ PLA-GIRIBERT LAIA<\/a>(ESP)<\/li>\n<\/ul>\n<\/td>\n<td>HONDA<\/td>\n<\/tr>\n<tr>\n<td><a href=\"http:\/\/www.dakar.com\/dakar\/2015\/es\/piloto\/030.html\">30<\/a><\/td>\n<td>\n<ul>\n<li><a href=\"http:\/\/www.dakar.com\/dakar\/2015\/es\/piloto\/030.html\">GUASCH MARC<\/a>(ESP)<\/li>\n<\/ul>\n<\/td>\n<td>YAMAHA<\/td>\n<\/tr>\n<tr>\n<td><a href=\"http:\/\/www.dakar.com\/dakar\/2015\/es\/piloto\/031.html\">31<\/a><\/td>\n<td>\n<ul>\n<li><a href=\"http:\/\/www.dakar.com\/dakar\/2015\/es\/piloto\/031.html\">QUINTANILLA PABLO<\/a>(CHL)<\/li>\n<\/ul>\n<\/td>\n<td>KTM<\/td>\n<\/tr>\n<tr>\n<td><a href=\"http:\/\/www.dakar.com\/dakar\/2015\/es\/piloto\/032.html\">32<\/a><\/td>\n<td>\n<ul>\n<li><a href=\"http:\/\/www.dakar.com\/dakar\/2015\/es\/piloto\/032.html\">CECI PAOLO<\/a>(ITA)<\/li>\n<\/ul>\n<\/td>\n<td>KTM<\/td>\n<\/tr>\n<tr>\n<td><a href=\"http:\/\/www.dakar.com\/dakar\/2015\/es\/piloto\/033.html\">33<\/a><\/td>\n<td>\n<ul>\n<li><a href=\"http:\/\/www.dakar.com\/dakar\/2015\/es\/piloto\/033.html\">RODRIGUEZ CLAUDIO<\/a>(CHL)<\/li>\n<\/ul>\n<\/td>\n<td>KTM<\/td>\n<\/tr>\n<tr>\n<td><a href=\"http:\/\/www.dakar.com\/dakar\/2015\/es\/piloto\/034.html\">34<\/a><\/td>\n<td>\n<ul>\n<li><a href=\"http:\/\/www.dakar.com\/dakar\/2015\/es\/piloto\/034.html\">PABISKA DAVID<\/a>(CZE)<\/li>\n<\/ul>\n<\/td>\n<td>KTM<\/td>\n<\/tr>\n<tr>\n<td>35<\/td>\n<td>\n<ul>\n<li>STANOVNIK MIRAN (SVN)<\/li>\n<\/ul>\n<\/td>\n<td>KTM<\/td>\n<\/tr>\n<tr>\n<td><a href=\"http:\/\/www.dakar.com\/dakar\/2015\/es\/piloto\/036.html\">36<\/a><\/td>\n<td>\n<ul>\n<li><a href=\"http:\/\/www.dakar.com\/dakar\/2015\/es\/piloto\/036.html\">PIATEK JAKUB<\/a>(POL)<\/li>\n<\/ul>\n<\/td>\n<td>KTM<\/td>\n<\/tr>\n<tr>\n<td>37<\/td>\n<td>\n<ul>\n<li>VOGELS HANS (NLD)<\/li>\n<\/ul>\n<\/td>\n<td>KTM<\/td>\n<\/tr>\n<tr>\n<td><a href=\"http:\/\/www.dakar.com\/dakar\/2015\/es\/piloto\/038.html\">38<\/a><\/td>\n<td>\n<ul>\n<li><a href=\"http:\/\/www.dakar.com\/dakar\/2015\/es\/piloto\/038.html\">BERGLUND THOMAS<\/a>(SWE)<\/li>\n<\/ul>\n<\/td>\n<td>KTM<\/td>\n<\/tr>\n<tr>\n<td><a href=\"http:\/\/www.dakar.com\/dakar\/2015\/es\/piloto\/039.html\">39<\/a><\/td>\n<td>\n<ul>\n<li><a href=\"http:\/\/www.dakar.com\/dakar\/2015\/es\/piloto\/039.html\">VAN PELT ROBERT<\/a>(NLD)<\/li>\n<\/ul>\n<\/td>\n<td>YAMAHA<\/td>\n<\/tr>\n<tr>\n<td><a href=\"http:\/\/www.dakar.com\/dakar\/2015\/es\/piloto\/040.html\">40<\/a><\/td>\n<td>\n<ul>\n<li><a href=\"http:\/\/www.dakar.com\/dakar\/2015\/es\/piloto\/040.html\">PATRAO MARIO<\/a>(PRT)<\/li>\n<\/ul>\n<\/td>\n<td>SUZUKI<\/td>\n<\/tr>\n<tr>\n<td><span style=\"color: #ff0000;\"><strong><a style=\"color: #ff0000;\" href=\"http:\/\/www.dakar.com\/dakar\/2015\/es\/piloto\/042.html\">42<\/a><\/strong><\/span><\/td>\n<td>\n<ul>\n<li><span style=\"color: #ff0000;\"><strong><a style=\"color: #ff0000;\" href=\"http:\/\/www.dakar.com\/dakar\/2015\/es\/piloto\/042.html\">RODRIGUEZ PABLO<\/a>(ARG)<\/strong><\/span><\/li>\n<\/ul>\n<\/td>\n<td><span style=\"color: #ff0000;\"><strong>HONDA<\/strong><\/span><\/td>\n<\/tr>\n<tr>\n<td><a href=\"http:\/\/www.dakar.com\/dakar\/2015\/es\/piloto\/043.html\">43<\/a><\/td>\n<td>\n<ul>\n<li><a href=\"http:\/\/www.dakar.com\/dakar\/2015\/es\/piloto\/043.html\">NASER COLOMBO CRISTIAN PATRICIO<\/a>(CHL)<\/li>\n<\/ul>\n<\/td>\n<td>KTM<\/td>\n<\/tr>\n<tr>\n<td>44<\/td>\n<td>\n<ul>\n<li>DE SOULTRAIT XAVIER (FRA)<\/li>\n<\/ul>\n<\/td>\n<td>YAMAHA<\/td>\n<\/tr>\n<tr>\n<td>45<\/td>\n<td>\n<ul>\n<li>DA COSTA BRUNO (FRA)<\/li>\n<\/ul>\n<\/td>\n<td>YAMAHA<\/td>\n<\/tr>\n<tr>\n<td><span style=\"color: #ff0000;\"><strong><a style=\"color: #ff0000;\" href=\"http:\/\/www.dakar.com\/dakar\/2015\/es\/piloto\/046.html\">46<\/a><\/strong><\/span><\/td>\n<td>\n<ul>\n<li><span style=\"color: #ff0000;\"><strong><a style=\"color: #ff0000;\" href=\"http:\/\/www.dakar.com\/dakar\/2015\/es\/piloto\/046.html\">GOMEZ MAURICIO JAVIER<\/a>(ARG)<\/strong><\/span><\/li>\n<\/ul>\n<\/td>\n<td><span style=\"color: #ff0000;\"><strong>YAMAHA<\/strong><\/span><\/td>\n<\/tr>\n<tr>\n<td><a href=\"http:\/\/www.dakar.com\/dakar\/2015\/es\/piloto\/047.html\">47<\/a><\/td>\n<td>\n<ul>\n<li><a href=\"http:\/\/www.dakar.com\/dakar\/2015\/es\/piloto\/047.html\">OLIVERAS CARRERAS DANIEL<\/a>(ESP)<\/li>\n<\/ul>\n<\/td>\n<td>GASGAS<\/td>\n<\/tr>\n<tr>\n<td><a href=\"http:\/\/www.dakar.com\/dakar\/2015\/es\/piloto\/048.html\">48<\/a><\/td>\n<td>\n<ul>\n<li><a href=\"http:\/\/www.dakar.com\/dakar\/2015\/es\/piloto\/048.html\">RIOS FELIPE<\/a>(PER)<\/li>\n<\/ul>\n<\/td>\n<td>KTM<\/td>\n<\/tr>\n<tr>\n<td><a href=\"http:\/\/www.dakar.com\/dakar\/2015\/es\/piloto\/049.html\">49<\/a><\/td>\n<td>\n<ul>\n<li><a href=\"http:\/\/www.dakar.com\/dakar\/2015\/es\/piloto\/049.html\">GYENES EMANUEL<\/a>(ROU)<\/li>\n<\/ul>\n<\/td>\n<td>KTM<\/td>\n<\/tr>\n<tr>\n<td>50<\/td>\n<td>\n<ul>\n<li>BUTUZA MARCEL (ROU)<\/li>\n<\/ul>\n<\/td>\n<td>KTM<\/td>\n<\/tr>\n<tr>\n<td><a href=\"http:\/\/www.dakar.com\/dakar\/2015\/es\/piloto\/051.html\">51<\/a><\/td>\n<td>\n<ul>\n<li><a href=\"http:\/\/www.dakar.com\/dakar\/2015\/es\/piloto\/051.html\">MEERU MART<\/a>(EST)<\/li>\n<\/ul>\n<\/td>\n<td>HONDA<\/td>\n<\/tr>\n<tr>\n<td><span style=\"color: #ff0000;\"><strong><a style=\"color: #ff0000;\" href=\"http:\/\/www.dakar.com\/dakar\/2015\/es\/piloto\/052.html\">52<\/a><\/strong><\/span><\/td>\n<td>\n<ul>\n<li><span style=\"color: #ff0000;\"><strong><a style=\"color: #ff0000;\" href=\"http:\/\/www.dakar.com\/dakar\/2015\/es\/piloto\/052.html\">DEMELCHORI DIEGO<\/a>(ARG)<\/strong><\/span><\/li>\n<\/ul>\n<\/td>\n<td><span style=\"color: #ff0000;\"><strong>KAWASAKI<\/strong><\/span><\/td>\n<\/tr>\n<tr>\n<td><a href=\"http:\/\/www.dakar.com\/dakar\/2015\/es\/piloto\/053.html\">53<\/a><\/td>\n<td>\n<ul>\n<li><a href=\"http:\/\/www.dakar.com\/dakar\/2015\/es\/piloto\/053.html\">PISANO MICHAEL<\/a>(FRA)<\/li>\n<\/ul>\n<\/td>\n<td>KTM<\/td>\n<\/tr>\n<tr>\n<td>54<\/td>\n<td>\n<ul>\n<li>ARREDONDO FRANCISCO (GTM)<\/li>\n<\/ul>\n<\/td>\n<td>KTM<\/td>\n<\/tr>\n<tr>\n<td><a href=\"http:\/\/www.dakar.com\/dakar\/2015\/es\/piloto\/055.html\">55<\/a><\/td>\n<td>\n<ul>\n<li><a href=\"http:\/\/www.dakar.com\/dakar\/2015\/es\/piloto\/055.html\">HEINRICH EDUARDO<\/a>(PER)<\/li>\n<\/ul>\n<\/td>\n<td>SUZUKI<\/td>\n<\/tr>\n<tr>\n<td>56<\/td>\n<td>\n<ul>\n<li>MENARD JEAN-CHRISTOPHE (FRA)<\/li>\n<\/ul>\n<\/td>\n<td>KTM<\/td>\n<\/tr>\n<tr>\n<td><a href=\"http:\/\/www.dakar.com\/dakar\/2015\/es\/piloto\/057.html\">57<\/a><\/td>\n<td>\n<ul>\n<li><a href=\"http:\/\/www.dakar.com\/dakar\/2015\/es\/piloto\/057.html\">LAZARD LAURENT<\/a>(URY)<\/li>\n<\/ul>\n<\/td>\n<td>KTM<\/td>\n<\/tr>\n<tr>\n<td><a href=\"http:\/\/www.dakar.com\/dakar\/2015\/es\/piloto\/058.html\">58<\/a><\/td>\n<td>\n<ul>\n<li><a href=\"http:\/\/www.dakar.com\/dakar\/2015\/es\/piloto\/058.html\">PUERTAS MIGUEL<\/a>(ESP)<\/li>\n<\/ul>\n<\/td>\n<td>KTM<\/td>\n<\/tr>\n<tr>\n<td><a href=\"http:\/\/www.dakar.com\/dakar\/2015\/es\/piloto\/059.html\">59<\/a><\/td>\n<td>\n<ul>\n<li><a href=\"http:\/\/www.dakar.com\/dakar\/2015\/es\/piloto\/059.html\">CHUNCHUNGUPPE SHIVASHANKAR SANTOSH<\/a>(IND)<\/li>\n<\/ul>\n<\/td>\n<td>KTM<\/td>\n<\/tr>\n<tr>\n<td><a href=\"http:\/\/www.dakar.com\/dakar\/2015\/es\/piloto\/060.html\">60<\/a><\/td>\n<td>\n<ul>\n<li><a href=\"http:\/\/www.dakar.com\/dakar\/2015\/es\/piloto\/060.html\">CABRERA PATRICIO<\/a>(CHL)<\/li>\n<\/ul>\n<\/td>\n<td>KAWASAKI<\/td>\n<\/tr>\n<tr>\n<td><span style=\"color: #ff0000;\"><strong>61<\/strong><\/span><\/td>\n<td>\n<ul>\n<li><span style=\"color: #ff0000;\"><strong>ONTIVEROS ALBERTO SANTIAGO (ARG)<\/strong><\/span><\/li>\n<\/ul>\n<\/td>\n<td><span style=\"color: #ff0000;\"><strong>BETA<\/strong><\/span><\/td>\n<\/tr>\n<tr>\n<td>62<\/td>\n<td>\n<ul>\n<li>SOUVIGNET ROMAIN (FRA)<\/li>\n<\/ul>\n<\/td>\n<td>KTM<\/td>\n<\/tr>\n<tr>\n<td>63<\/td>\n<td>\n<ul>\n<li>CARILLON PATRICE (FRA)<\/li>\n<\/ul>\n<\/td>\n<td>KTM<\/td>\n<\/tr>\n<tr>\n<td><a href=\"http:\/\/www.dakar.com\/dakar\/2015\/es\/piloto\/064.html\">64<\/a><\/td>\n<td>\n<ul>\n<li><a href=\"http:\/\/www.dakar.com\/dakar\/2015\/es\/piloto\/064.html\">NIJEN TWILHAAR JAN BASTIAAN<\/a>(NLD)<\/li>\n<\/ul>\n<\/td>\n<td>KTM<\/td>\n<\/tr>\n<tr>\n<td><a href=\"http:\/\/www.dakar.com\/dakar\/2015\/es\/piloto\/065.html\">65<\/a><\/td>\n<td>\n<ul>\n<li><a href=\"http:\/\/www.dakar.com\/dakar\/2015\/es\/piloto\/065.html\">VAN DEN GOORBERGH JURGEN<\/a>(NLD)<\/li>\n<\/ul>\n<\/td>\n<td>KTM<\/td>\n<\/tr>\n<tr>\n<td><a href=\"http:\/\/www.dakar.com\/dakar\/2015\/es\/piloto\/066.html\">66<\/a><\/td>\n<td>\n<ul>\n<li><a href=\"http:\/\/www.dakar.com\/dakar\/2015\/es\/piloto\/066.html\">SAGHMEISTER GABOR<\/a>(SRB)<\/li>\n<\/ul>\n<\/td>\n<td>KTM<\/td>\n<\/tr>\n<tr>\n<td><a href=\"http:\/\/www.dakar.com\/dakar\/2015\/es\/piloto\/067.html\">67<\/a><\/td>\n<td>\n<ul>\n<li><a href=\"http:\/\/www.dakar.com\/dakar\/2015\/es\/piloto\/067.html\">DESI JANOS<\/a>(HUN)<\/li>\n<\/ul>\n<\/td>\n<td>KTM<\/td>\n<\/tr>\n<tr>\n<td><a href=\"http:\/\/www.dakar.com\/dakar\/2015\/es\/piloto\/068.html\">68<\/a><\/td>\n<td>\n<ul>\n<li><a href=\"http:\/\/www.dakar.com\/dakar\/2015\/es\/piloto\/068.html\">VESELY JAN<\/a>(CZE)<\/li>\n<\/ul>\n<\/td>\n<td>KTM<\/td>\n<\/tr>\n<tr>\n<td>69<\/td>\n<td>\n<ul>\n<li>PAYEN HUGO (FRA)<\/li>\n<\/ul>\n<\/td>\n<td>YAMAHA<\/td>\n<\/tr>\n<tr>\n<td><a href=\"http:\/\/www.dakar.com\/dakar\/2015\/es\/piloto\/070.html\">70<\/a><\/td>\n<td>\n<ul>\n<li><a href=\"http:\/\/www.dakar.com\/dakar\/2015\/es\/piloto\/070.html\">STASIACZEK PAWEL<\/a>(POL)<\/li>\n<\/ul>\n<\/td>\n<td>KTM<\/td>\n<\/tr>\n<tr>\n<td><a href=\"http:\/\/www.dakar.com\/dakar\/2015\/es\/piloto\/071.html\">71<\/a><\/td>\n<td>\n<ul>\n<li><a href=\"http:\/\/www.dakar.com\/dakar\/2015\/es\/piloto\/071.html\">VAYSSADE FLORENT<\/a>(FRA)<\/li>\n<\/ul>\n<\/td>\n<td>SHERCO<\/td>\n<\/tr>\n<tr>\n<td>72<\/td>\n<td>\n<ul>\n<li>CAVELIUS PHILIPPE (FRA)<\/li>\n<\/ul>\n<\/td>\n<td>KTM<\/td>\n<\/tr>\n<tr>\n<td><a href=\"http:\/\/www.dakar.com\/dakar\/2015\/es\/piloto\/073.html\">73<\/a><\/td>\n<td>\n<ul>\n<li><a href=\"http:\/\/www.dakar.com\/dakar\/2015\/es\/piloto\/073.html\">ERRAZURIZ FRANCISCO\u00a0<\/a>(CHL)<\/li>\n<\/ul>\n<\/td>\n<td>HUQSVARNA<\/td>\n<\/tr>\n<tr>\n<td><a href=\"http:\/\/www.dakar.com\/dakar\/2015\/es\/piloto\/074.html\">74<\/a><\/td>\n<td>\n<ul>\n<li><a href=\"http:\/\/www.dakar.com\/dakar\/2015\/es\/piloto\/074.html\">FERNANDEZ GERMAN<\/a>(URY)<\/li>\n<\/ul>\n<\/td>\n<td>KAWASAKI<\/td>\n<\/tr>\n<tr>\n<td><a href=\"http:\/\/www.dakar.com\/dakar\/2015\/es\/piloto\/075.html\">75<\/a><\/td>\n<td>\n<ul>\n<li><a href=\"http:\/\/www.dakar.com\/dakar\/2015\/es\/piloto\/075.html\">SULLIVAN-PAVEY LLEWELLYN<\/a>(AUS)<\/li>\n<\/ul>\n<\/td>\n<td>KTM<\/td>\n<\/tr>\n<tr>\n<td><a href=\"http:\/\/www.dakar.com\/dakar\/2015\/es\/piloto\/076.html\">76<\/a><\/td>\n<td>\n<ul>\n<li><a href=\"http:\/\/www.dakar.com\/dakar\/2015\/es\/piloto\/076.html\">PAVEY SIMON<\/a>(AUS)<\/li>\n<\/ul>\n<\/td>\n<td>KTM<\/td>\n<\/tr>\n<tr>\n<td><span style=\"color: #ff0000;\"><strong><a style=\"color: #ff0000;\" href=\"http:\/\/www.dakar.com\/dakar\/2015\/es\/piloto\/077.html\">77<\/a><\/strong><\/span><\/td>\n<td>\n<ul>\n<li><span style=\"color: #ff0000;\"><strong><a style=\"color: #ff0000;\" href=\"http:\/\/www.dakar.com\/dakar\/2015\/es\/piloto\/077.html\">GUIRAL DEMIAN<\/a>(ARG)<\/strong><\/span><\/li>\n<\/ul>\n<\/td>\n<td><span style=\"color: #ff0000;\"><strong>HONDA<\/strong><\/span><\/td>\n<\/tr>\n<tr>\n<td><span style=\"color: #ff0000;\"><strong><a style=\"color: #ff0000;\" href=\"http:\/\/www.dakar.com\/dakar\/2015\/es\/piloto\/078.html\">78<\/a><\/strong><\/span><\/td>\n<td>\n<ul>\n<li><span style=\"color: #ff0000;\"><strong><a style=\"color: #ff0000;\" href=\"http:\/\/www.dakar.com\/dakar\/2015\/es\/piloto\/078.html\">PASCUAL PABLO OSCAR<\/a>(ARG)<\/strong><\/span><\/li>\n<\/ul>\n<\/td>\n<td><span style=\"color: #ff0000;\"><strong>KTM<\/strong><\/span><\/td>\n<\/tr>\n<tr>\n<td><a href=\"http:\/\/www.dakar.com\/dakar\/2015\/es\/piloto\/079.html\">79<\/a><\/td>\n<td>\n<ul>\n<li><a href=\"http:\/\/www.dakar.com\/dakar\/2015\/es\/piloto\/079.html\">ARANA COBEAGA TXOMIN<\/a>(ESP)<\/li>\n<\/ul>\n<\/td>\n<td>YAMAHA<\/td>\n<\/tr>\n<tr>\n<td><a href=\"http:\/\/www.dakar.com\/dakar\/2015\/es\/piloto\/080.html\">80<\/a><\/td>\n<td>\n<ul>\n<li><a href=\"http:\/\/www.dakar.com\/dakar\/2015\/es\/piloto\/080.html\">SARMIENTO CERON JUAN ESTEBAN<\/a>(COL)<\/li>\n<\/ul>\n<\/td>\n<td>YAMAHA<\/td>\n<\/tr>\n<tr>\n<td><a href=\"http:\/\/www.dakar.com\/dakar\/2015\/es\/piloto\/081.html\">81<\/a><\/td>\n<td>\n<ul>\n<li><a href=\"http:\/\/www.dakar.com\/dakar\/2015\/es\/piloto\/081.html\">FUENTES FABRICIO<\/a>(BOL)<\/li>\n<\/ul>\n<\/td>\n<td>KTM<\/td>\n<\/tr>\n<tr>\n<td><a href=\"http:\/\/www.dakar.com\/dakar\/2015\/es\/piloto\/082.html\">82<\/a><\/td>\n<td>\n<ul>\n<li><a href=\"http:\/\/www.dakar.com\/dakar\/2015\/es\/piloto\/082.html\">HERNIK MICHAL<\/a>(POL)<\/li>\n<\/ul>\n<\/td>\n<td>KTM<\/td>\n<\/tr>\n<tr>\n<td>83<\/td>\n<td>\n<ul>\n<li>DAMDINKHORLOO BOLDBAATAR (MNG)<\/li>\n<\/ul>\n<\/td>\n<td>KTM<\/td>\n<\/tr>\n<tr>\n<td><a href=\"http:\/\/www.dakar.com\/dakar\/2015\/es\/piloto\/084.html\">84<\/a><\/td>\n<td>\n<ul>\n<li><a href=\"http:\/\/www.dakar.com\/dakar\/2015\/es\/piloto\/084.html\">MARTENS SJAAK<\/a>(NLD)<\/li>\n<\/ul>\n<\/td>\n<td>KTM<\/td>\n<\/tr>\n<tr>\n<td><a href=\"http:\/\/www.dakar.com\/dakar\/2015\/es\/piloto\/085.html\">85<\/a><\/td>\n<td>\n<ul>\n<li><a href=\"http:\/\/www.dakar.com\/dakar\/2015\/es\/piloto\/085.html\">KAZMIERSKI MARIANO<\/a>(PER)<\/li>\n<\/ul>\n<\/td>\n<td>KTM<\/td>\n<\/tr>\n<tr>\n<td><a href=\"http:\/\/www.dakar.com\/dakar\/2015\/es\/piloto\/086.html\">86<\/a><\/td>\n<td>\n<ul>\n<li><a href=\"http:\/\/www.dakar.com\/dakar\/2015\/es\/piloto\/086.html\">GRACIDA GARZA CARLOS<\/a>(MEX)<\/li>\n<\/ul>\n<\/td>\n<td>KTM<\/td>\n<\/tr>\n<tr>\n<td><a href=\"http:\/\/www.dakar.com\/dakar\/2015\/es\/piloto\/087.html\">87<\/a><\/td>\n<td>\n<ul>\n<li><a href=\"http:\/\/www.dakar.com\/dakar\/2015\/es\/piloto\/087.html\">REINIKE MARCO<\/a>(CHL)<\/li>\n<\/ul>\n<\/td>\n<td>KTM<\/td>\n<\/tr>\n<tr>\n<td><a href=\"http:\/\/www.dakar.com\/dakar\/2015\/es\/piloto\/088.html\">88<\/a><\/td>\n<td>\n<ul>\n<li><a href=\"http:\/\/www.dakar.com\/dakar\/2015\/es\/piloto\/088.html\">VERHOESTRAETE FRANCK<\/a>(COG)<\/li>\n<\/ul>\n<\/td>\n<td>SHERCO<\/td>\n<\/tr>\n<tr>\n<td>89<\/td>\n<td>\n<ul>\n<li>THEURIOT HERVE (FRA)<\/li>\n<\/ul>\n<\/td>\n<td>KTM<\/td>\n<\/tr>\n<tr>\n<td><a href=\"http:\/\/www.dakar.com\/dakar\/2015\/es\/piloto\/090.html\">90<\/a><\/td>\n<td>\n<ul>\n<li><a href=\"http:\/\/www.dakar.com\/dakar\/2015\/es\/piloto\/090.html\">GUZMAN ENRIQUE<\/a>(CHL)<\/li>\n<\/ul>\n<\/td>\n<td>KTM<\/td>\n<\/tr>\n<tr>\n<td><a href=\"http:\/\/www.dakar.com\/dakar\/2015\/es\/piloto\/091.html\">91<\/a><\/td>\n<td>\n<ul>\n<li><a href=\"http:\/\/www.dakar.com\/dakar\/2015\/es\/piloto\/091.html\">HEILENKOTTER AXEL<\/a>(CHL)<\/li>\n<\/ul>\n<\/td>\n<td>HUQSVARNA<\/td>\n<\/tr>\n<tr>\n<td><a href=\"http:\/\/www.dakar.com\/dakar\/2015\/es\/piloto\/092.html\">92<\/a><\/td>\n<td>\n<ul>\n<li><a href=\"http:\/\/www.dakar.com\/dakar\/2015\/es\/piloto\/092.html\">TORO JUAN SEBASTIAN<\/a>(COL)<\/li>\n<\/ul>\n<\/td>\n<td>KAWASAKI<\/td>\n<\/tr>\n<tr>\n<td><a href=\"http:\/\/www.dakar.com\/dakar\/2015\/es\/piloto\/093.html\">93<\/a><\/td>\n<td>\n<ul>\n<li><a href=\"http:\/\/www.dakar.com\/dakar\/2015\/es\/piloto\/093.html\">MILLET FREDERIC<\/a>(FRA)<\/li>\n<\/ul>\n<\/td>\n<td>KTM<\/td>\n<\/tr>\n<tr>\n<td><a href=\"http:\/\/www.dakar.com\/dakar\/2015\/es\/piloto\/094.html\">94<\/a><\/td>\n<td>\n<ul>\n<li><a href=\"http:\/\/www.dakar.com\/dakar\/2015\/es\/piloto\/094.html\">DE GROOT RICHARD<\/a>(NLD)<\/li>\n<\/ul>\n<\/td>\n<td>HONDA<\/td>\n<\/tr>\n<tr>\n<td><a href=\"http:\/\/www.dakar.com\/dakar\/2015\/es\/piloto\/095.html\">95<\/a><\/td>\n<td>\n<ul>\n<li><a href=\"http:\/\/www.dakar.com\/dakar\/2015\/es\/piloto\/095.html\">VELLUTINO CARLO<\/a>(PER)<\/li>\n<\/ul>\n<\/td>\n<td>KTM<\/td>\n<\/tr>\n<tr>\n<td><a href=\"http:\/\/www.dakar.com\/dakar\/2015\/es\/piloto\/096.html\">96<\/a><\/td>\n<td>\n<ul>\n<li><a href=\"http:\/\/www.dakar.com\/dakar\/2015\/es\/piloto\/096.html\">ROMERO FONT ROSA<\/a>(ESP)<\/li>\n<\/ul>\n<\/td>\n<td>KTM<\/td>\n<\/tr>\n<tr>\n<td>97<\/td>\n<td>\n<ul>\n<li>GIMENO GARC\u00cdA ANTONIO (ESP)<\/li>\n<\/ul>\n<\/td>\n<td>KTM<\/td>\n<\/tr>\n<tr>\n<td><a href=\"http:\/\/www.dakar.com\/dakar\/2015\/es\/piloto\/098.html\">98<\/a><\/td>\n<td>\n<ul>\n<li><a href=\"http:\/\/www.dakar.com\/dakar\/2015\/es\/piloto\/098.html\">GULDMAN GONZALEZ CRISTOBAL ANDRES<\/a>(CHL)<\/li>\n<\/ul>\n<\/td>\n<td>KAWASAKI<\/td>\n<\/tr>\n<tr>\n<td>99<\/td>\n<td>\n<ul>\n<li>CHERPIN PIERRE (FRA)<\/li>\n<\/ul>\n<\/td>\n<td>KTM<\/td>\n<\/tr>\n<tr>\n<td>100<\/td>\n<td>\n<ul>\n<li>CROQUELOIS ERIC (FRA)<\/li>\n<\/ul>\n<\/td>\n<td>KTM<\/td>\n<\/tr>\n<tr>\n<td><a href=\"http:\/\/www.dakar.com\/dakar\/2015\/es\/piloto\/101.html\">101<\/a><\/td>\n<td>\n<ul>\n<li><a href=\"http:\/\/www.dakar.com\/dakar\/2015\/es\/piloto\/101.html\">BOUWKNEGT JAN ROELF<\/a>(NZL)<\/li>\n<\/ul>\n<\/td>\n<td>KTM<\/td>\n<\/tr>\n<tr>\n<td><span style=\"color: #ff0000;\"><strong><a style=\"color: #ff0000;\" href=\"http:\/\/www.dakar.com\/dakar\/2015\/es\/piloto\/102.html\">102<\/a><\/strong><\/span><\/td>\n<td>\n<ul>\n<li><span style=\"color: #ff0000;\"><strong><a style=\"color: #ff0000;\" href=\"http:\/\/www.dakar.com\/dakar\/2015\/es\/piloto\/102.html\">URQUIA SEBASTIAN ALBERTO<\/a>(ARG)<\/strong><\/span><\/li>\n<\/ul>\n<\/td>\n<td><span style=\"color: #ff0000;\"><strong>YAMAHA<\/strong><\/span><\/td>\n<\/tr>\n<tr>\n<td><a href=\"http:\/\/www.dakar.com\/dakar\/2015\/es\/piloto\/103.html\">103<\/a><\/td>\n<td>\n<ul>\n<li><a href=\"http:\/\/www.dakar.com\/dakar\/2015\/es\/piloto\/103.html\">REEVE DAVID GREGORY<\/a>(ZMB)<\/li>\n<\/ul>\n<\/td>\n<td>KTM<\/td>\n<\/tr>\n<tr>\n<td><a href=\"http:\/\/www.dakar.com\/dakar\/2015\/es\/piloto\/104.html\">104<\/a><\/td>\n<td>\n<ul>\n<li><a href=\"http:\/\/www.dakar.com\/dakar\/2015\/es\/piloto\/104.html\">CORK CHRISTOPHER<\/a>(GBR)<\/li>\n<\/ul>\n<\/td>\n<td>HUSQVARNA<\/td>\n<\/tr>\n<tr>\n<td><a href=\"http:\/\/www.dakar.com\/dakar\/2015\/es\/piloto\/105.html\">105<\/a><\/td>\n<td>\n<ul>\n<li><a href=\"http:\/\/www.dakar.com\/dakar\/2015\/es\/piloto\/105.html\">CATANESE FRANCESCO<\/a>(ITA)<\/li>\n<\/ul>\n<\/td>\n<td>YAMAHA<\/td>\n<\/tr>\n<tr>\n<td><a href=\"http:\/\/www.dakar.com\/dakar\/2015\/es\/piloto\/106.html\">106<\/a><\/td>\n<td>\n<ul>\n<li><a href=\"http:\/\/www.dakar.com\/dakar\/2015\/es\/piloto\/106.html\">SEMINARA CARLO<\/a>(ITA)<\/li>\n<\/ul>\n<\/td>\n<td>KTM<\/td>\n<\/tr>\n<tr>\n<td>107<\/td>\n<td>\n<ul>\n<li>TOIA DIOCLEZIANO (ITA)<\/li>\n<\/ul>\n<\/td>\n<td>KTM<\/td>\n<\/tr>\n<tr>\n<td><a href=\"http:\/\/www.dakar.com\/dakar\/2015\/es\/piloto\/108.html\">108<\/a><\/td>\n<td>\n<ul>\n<li><a href=\"http:\/\/www.dakar.com\/dakar\/2015\/es\/piloto\/108.html\">MONIER CHARLES<\/a>(FRA)<\/li>\n<\/ul>\n<\/td>\n<td>KTM<\/td>\n<\/tr>\n<tr>\n<td><span style=\"color: #ff0000;\"><strong><a style=\"color: #ff0000;\" href=\"http:\/\/www.dakar.com\/dakar\/2015\/es\/piloto\/109.html\">109<\/a><\/strong><\/span><\/td>\n<td>\n<ul>\n<li><span style=\"color: #ff0000;\"><strong><a style=\"color: #ff0000;\" href=\"http:\/\/www.dakar.com\/dakar\/2015\/es\/piloto\/109.html\">LACUNZA JORGE<\/a>(ARG)<\/strong><\/span><\/li>\n<\/ul>\n<\/td>\n<td><span style=\"color: #ff0000;\"><strong>KTM<\/strong><\/span><\/td>\n<\/tr>\n<tr>\n<td><a href=\"http:\/\/www.dakar.com\/dakar\/2015\/es\/piloto\/110.html\">110<\/a><\/td>\n<td>\n<ul>\n<li><a href=\"http:\/\/www.dakar.com\/dakar\/2015\/es\/piloto\/110.html\">MOULIN LAURENT<\/a>(FRA)<\/li>\n<\/ul>\n<\/td>\n<td>YAMAHA<\/td>\n<\/tr>\n<tr>\n<td>111<\/td>\n<td>\n<ul>\n<li>CUYPERS CHARLES (FRA)<\/li>\n<\/ul>\n<\/td>\n<td>KTM<\/td>\n<\/tr>\n<tr>\n<td><span style=\"color: #ff0000;\"><strong><a style=\"color: #ff0000;\" href=\"http:\/\/www.dakar.com\/dakar\/2015\/es\/piloto\/112.html\">112<\/a><\/strong><\/span><\/td>\n<td>\n<ul>\n<li><span style=\"color: #ff0000;\"><strong><a style=\"color: #ff0000;\" href=\"http:\/\/www.dakar.com\/dakar\/2015\/es\/piloto\/112.html\">ECHEVESTE KEVIN<\/a>(ARG)<\/strong><\/span><\/li>\n<\/ul>\n<\/td>\n<td><span style=\"color: #ff0000;\"><strong>HONDA<\/strong><\/span><\/td>\n<\/tr>\n<tr>\n<td><a href=\"http:\/\/www.dakar.com\/dakar\/2015\/es\/piloto\/113.html\">113<\/a><\/td>\n<td>\n<ul>\n<li><a href=\"http:\/\/www.dakar.com\/dakar\/2015\/es\/piloto\/113.html\">BRIOSCHI MARCO<\/a>(ITA)<\/li>\n<\/ul>\n<\/td>\n<td>KTM<\/td>\n<\/tr>\n<tr>\n<td><a href=\"http:\/\/www.dakar.com\/dakar\/2015\/es\/piloto\/114.html\">114<\/a><\/td>\n<td>\n<ul>\n<li><a href=\"http:\/\/www.dakar.com\/dakar\/2015\/es\/piloto\/114.html\">BRIOSCHI ALBERTO<\/a>(ITA)<\/li>\n<\/ul>\n<\/td>\n<td>KTM<\/td>\n<\/tr>\n<tr>\n<td><a href=\"http:\/\/www.dakar.com\/dakar\/2015\/es\/piloto\/115.html\">115<\/a><\/td>\n<td>\n<ul>\n<li><a href=\"http:\/\/www.dakar.com\/dakar\/2015\/es\/piloto\/115.html\">LECONTE EDOUARD<\/a>(FRA)<\/li>\n<\/ul>\n<\/td>\n<td>YAMAHA<\/td>\n<\/tr>\n<tr>\n<td>116<\/td>\n<td>\n<ul>\n<li>FOURNY DIDIER (BEL)<\/li>\n<\/ul>\n<\/td>\n<td>YAMAHA<\/td>\n<\/tr>\n<tr>\n<td><a href=\"http:\/\/www.dakar.com\/dakar\/2015\/es\/piloto\/117.html\">117<\/a><\/td>\n<td>\n<ul>\n<li><a href=\"http:\/\/www.dakar.com\/dakar\/2015\/es\/piloto\/117.html\">CHINBATAAR ANAR<\/a>(MNG)<\/li>\n<\/ul>\n<\/td>\n<td>KTM<\/td>\n<\/tr>\n<tr>\n<td><span style=\"color: #ff0000;\"><strong><a style=\"color: #ff0000;\" href=\"http:\/\/www.dakar.com\/dakar\/2015\/es\/piloto\/118.html\">118<\/a><\/strong><\/span><\/td>\n<td>\n<ul>\n<li><span style=\"color: #ff0000;\"><strong><a style=\"color: #ff0000;\" href=\"http:\/\/www.dakar.com\/dakar\/2015\/es\/piloto\/118.html\">AMESPIL LEON<\/a>(ARG)<\/strong><\/span><\/li>\n<\/ul>\n<\/td>\n<td><span style=\"color: #ff0000;\"><strong>YAMAHA<\/strong><\/span><\/td>\n<\/tr>\n<tr>\n<td>119<\/td>\n<td>\n<ul>\n<li>GERA TONY (USA)<\/li>\n<\/ul>\n<\/td>\n<td>KTM<\/td>\n<\/tr>\n<tr>\n<td><span style=\"color: #ff0000;\"><strong><a style=\"color: #ff0000;\" href=\"http:\/\/www.dakar.com\/dakar\/2015\/es\/piloto\/120.html\">120<\/a><\/strong><\/span><\/td>\n<td>\n<ul>\n<li><span style=\"color: #ff0000;\"><strong><a style=\"color: #ff0000;\" href=\"http:\/\/www.dakar.com\/dakar\/2015\/es\/piloto\/120.html\">BASSI GUSTAVO<\/a>(ARG)<\/strong><\/span><\/li>\n<\/ul>\n<\/td>\n<td><span style=\"color: #ff0000;\"><strong>YAMAHA<\/strong><\/span><\/td>\n<\/tr>\n<tr>\n<td>121<\/td>\n<td>\n<ul>\n<li>SENNVANBASEL HUMPHREY (NLD)<\/li>\n<\/ul>\n<\/td>\n<td>KTM<\/td>\n<\/tr>\n<tr>\n<td><a href=\"http:\/\/www.dakar.com\/dakar\/2015\/es\/piloto\/123.html\">123<\/a><\/td>\n<td>\n<ul>\n<li><a href=\"http:\/\/www.dakar.com\/dakar\/2015\/es\/piloto\/123.html\">DELAUNAY ALAIN<\/a>(FRA)<\/li>\n<\/ul>\n<\/td>\n<td>HONDA<\/td>\n<\/tr>\n<tr>\n<td><a href=\"http:\/\/www.dakar.com\/dakar\/2015\/es\/piloto\/124.html\">124<\/a><\/td>\n<td>\n<ul>\n<li><a href=\"http:\/\/www.dakar.com\/dakar\/2015\/es\/piloto\/124.html\">REYNAUD YVAN<\/a>(FRA)<\/li>\n<\/ul>\n<\/td>\n<td>HONDA<\/td>\n<\/tr>\n<tr>\n<td><a href=\"http:\/\/www.dakar.com\/dakar\/2015\/es\/piloto\/125.html\">125<\/a><\/td>\n<td>\n<ul>\n<li><a href=\"http:\/\/www.dakar.com\/dakar\/2015\/es\/piloto\/125.html\">HINTENAUS ALBERT<\/a>(ZAF)<\/li>\n<\/ul>\n<\/td>\n<td>KTM<\/td>\n<\/tr>\n<tr>\n<td>126<\/td>\n<td>\n<ul>\n<li>VAN HEERTUM MELCHIOR (NLD)<\/li>\n<\/ul>\n<\/td>\n<td>KTM<\/td>\n<\/tr>\n<tr>\n<td><a href=\"http:\/\/www.dakar.com\/dakar\/2015\/es\/piloto\/127.html\">127<\/a><\/td>\n<td>\n<ul>\n<li><a href=\"http:\/\/www.dakar.com\/dakar\/2015\/es\/piloto\/127.html\">FERNANDEZ CARLOS<\/a>(ESP)<\/li>\n<\/ul>\n<\/td>\n<td>KTM<\/td>\n<\/tr>\n<tr>\n<td><a href=\"http:\/\/www.dakar.com\/dakar\/2015\/es\/piloto\/128.html\">128<\/a><\/td>\n<td>\n<ul>\n<li><a href=\"http:\/\/www.dakar.com\/dakar\/2015\/es\/piloto\/128.html\">FERNANDEZ MENDEZ DOMINGO<\/a>(ESP)<\/li>\n<\/ul>\n<\/td>\n<td>KTM<\/td>\n<\/tr>\n<tr>\n<td><a href=\"http:\/\/www.dakar.com\/dakar\/2015\/es\/piloto\/129.html\">129<\/a><\/td>\n<td>\n<ul>\n<li><a href=\"http:\/\/www.dakar.com\/dakar\/2015\/es\/piloto\/129.html\">VAN GERVEN JAN<\/a>(NLD)<\/li>\n<\/ul>\n<\/td>\n<td>KTM<\/td>\n<\/tr>\n<tr>\n<td><a href=\"http:\/\/www.dakar.com\/dakar\/2015\/es\/piloto\/131.html\">131<\/a><\/td>\n<td>\n<ul>\n<li><a href=\"http:\/\/www.dakar.com\/dakar\/2015\/es\/piloto\/131.html\">BEKTAS SELCUK<\/a>(TUR)<\/li>\n<\/ul>\n<\/td>\n<td>KTM<\/td>\n<\/tr>\n<tr>\n<td><a href=\"http:\/\/www.dakar.com\/dakar\/2015\/es\/piloto\/132.html\">132<\/a><\/td>\n<td>\n<ul>\n<li><a href=\"http:\/\/www.dakar.com\/dakar\/2015\/es\/piloto\/132.html\">VAN HEERTUM CASPAR<\/a>(NLD)<\/li>\n<\/ul>\n<\/td>\n<td>KTM<\/td>\n<\/tr>\n<tr>\n<td><a href=\"http:\/\/www.dakar.com\/dakar\/2015\/es\/piloto\/133.html\">133<\/a><\/td>\n<td>\n<ul>\n<li><a href=\"http:\/\/www.dakar.com\/dakar\/2015\/es\/piloto\/133.html\">DOMENACH THIERRY<\/a>(FRA)<\/li>\n<\/ul>\n<\/td>\n<td>KTM<\/td>\n<\/tr>\n<tr>\n<td><a href=\"http:\/\/www.dakar.com\/dakar\/2015\/es\/piloto\/134.html\">134<\/a><\/td>\n<td>\n<ul>\n<li><a href=\"http:\/\/www.dakar.com\/dakar\/2015\/es\/piloto\/134.html\">JACOBSEN CLAYTON<\/a>(AUS)<\/li>\n<\/ul>\n<\/td>\n<td>KTM<\/td>\n<\/tr>\n<tr>\n<td><a href=\"http:\/\/www.dakar.com\/dakar\/2015\/es\/piloto\/135.html\">135<\/a><\/td>\n<td>\n<ul>\n<li><a href=\"http:\/\/www.dakar.com\/dakar\/2015\/es\/piloto\/135.html\">VAN DAELE JEROEN<\/a>(NLD)<\/li>\n<\/ul>\n<\/td>\n<td>HONDA<\/td>\n<\/tr>\n<tr>\n<td><span style=\"color: #ff0000;\"><strong><a style=\"color: #ff0000;\" href=\"http:\/\/www.dakar.com\/dakar\/2015\/es\/piloto\/136.html\">136<\/a><\/strong><\/span><\/td>\n<td>\n<ul>\n<li><span style=\"color: #ff0000;\"><strong><a style=\"color: #ff0000;\" href=\"http:\/\/www.dakar.com\/dakar\/2015\/es\/piloto\/136.html\">PENALVA DIEGO MARTIN<\/a>(ARG)<\/strong><\/span><\/li>\n<\/ul>\n<\/td>\n<td><span style=\"color: #ff0000;\"><strong>YAMAHA<\/strong><\/span><\/td>\n<\/tr>\n<tr>\n<td><a href=\"http:\/\/www.dakar.com\/dakar\/2015\/es\/piloto\/137.html\">137<\/a><\/td>\n<td>\n<ul>\n<li><a href=\"http:\/\/www.dakar.com\/dakar\/2015\/es\/piloto\/137.html\">ZACCHETTI CESARE<\/a>(ITA)<\/li>\n<\/ul>\n<\/td>\n<td>KTM<\/td>\n<\/tr>\n<tr>\n<td><a href=\"http:\/\/www.dakar.com\/dakar\/2015\/es\/piloto\/138.html\">138<\/a><\/td>\n<td>\n<ul>\n<li><a href=\"http:\/\/www.dakar.com\/dakar\/2015\/es\/piloto\/138.html\">SCHELLEKENS CASPAR<\/a>(NLD)<\/li>\n<\/ul>\n<\/td>\n<td>KTM<\/td>\n<\/tr>\n<tr>\n<td>139<\/td>\n<td>\n<ul>\n<li>VAN BERGEIJK HENNO (NLD)<\/li>\n<\/ul>\n<\/td>\n<td>HUSABERG<\/td>\n<\/tr>\n<tr>\n<td><a href=\"http:\/\/www.dakar.com\/dakar\/2015\/es\/piloto\/140.html\">140<\/a><\/td>\n<td>\n<ul>\n<li><a href=\"http:\/\/www.dakar.com\/dakar\/2015\/es\/piloto\/140.html\">GOTTVALD ZDEN\u011aK<\/a>(CZE)<\/li>\n<\/ul>\n<\/td>\n<td>HUSQVARNA<\/td>\n<\/tr>\n<tr>\n<td><a href=\"http:\/\/www.dakar.com\/dakar\/2015\/es\/piloto\/141.html\">141<\/a><\/td>\n<td>\n<ul>\n<li><a href=\"http:\/\/www.dakar.com\/dakar\/2015\/es\/piloto\/141.html\">KLOMP ERIK<\/a>(NLD)<\/li>\n<\/ul>\n<\/td>\n<td>HONDA<\/td>\n<\/tr>\n<tr>\n<td><a href=\"http:\/\/www.dakar.com\/dakar\/2015\/es\/piloto\/143.html\">143<\/a><\/td>\n<td>\n<ul>\n<li><a href=\"http:\/\/www.dakar.com\/dakar\/2015\/es\/piloto\/143.html\">BOSMAN WESSEL<\/a>(ZAF)<\/li>\n<\/ul>\n<\/td>\n<td>KTM<\/td>\n<\/tr>\n<tr>\n<td>144<\/td>\n<td>\n<ul>\n<li>UDRY DAMIEN (CHE)<\/li>\n<\/ul>\n<\/td>\n<td>KTM<\/td>\n<\/tr>\n<tr>\n<td><a href=\"http:\/\/www.dakar.com\/dakar\/2015\/es\/piloto\/145.html\">145<\/a><\/td>\n<td>\n<ul>\n<li><a href=\"http:\/\/www.dakar.com\/dakar\/2015\/es\/piloto\/145.html\">GARCIA MANUEL<\/a>(ESP)<\/li>\n<\/ul>\n<\/td>\n<td>YAMAHA<\/td>\n<\/tr>\n<tr>\n<td><span style=\"color: #ff0000;\"><strong><a style=\"color: #ff0000;\" href=\"http:\/\/www.dakar.com\/dakar\/2015\/es\/piloto\/146.html\">146<\/a><\/strong><\/span><\/td>\n<td>\n<ul>\n<li><span style=\"color: #ff0000;\"><strong><a style=\"color: #ff0000;\" href=\"http:\/\/www.dakar.com\/dakar\/2015\/es\/piloto\/146.html\">AYESA MAURO<\/a>(ARG)<\/strong><\/span><\/li>\n<\/ul>\n<\/td>\n<td><span style=\"color: #ff0000;\"><strong>BETA<\/strong><\/span><\/td>\n<\/tr>\n<tr>\n<td><a href=\"http:\/\/www.dakar.com\/dakar\/2015\/es\/piloto\/147.html\">147<\/a><\/td>\n<td>\n<ul>\n<li><a href=\"http:\/\/www.dakar.com\/dakar\/2015\/es\/piloto\/147.html\">BERDYSZ MACIEJ<\/a>(POL)<\/li>\n<\/ul>\n<\/td>\n<td>HONDA<\/td>\n<\/tr>\n<tr>\n<td><a href=\"http:\/\/www.dakar.com\/dakar\/2015\/es\/piloto\/148.html\">148<\/a><\/td>\n<td>\n<ul>\n<li><a href=\"http:\/\/www.dakar.com\/dakar\/2015\/es\/piloto\/148.html\">BERGLUND MIKAEL<\/a>(SWE)<\/li>\n<\/ul>\n<\/td>\n<td>KTM<\/td>\n<\/tr>\n<tr>\n<td><a href=\"http:\/\/www.dakar.com\/dakar\/2015\/es\/piloto\/149.html\">149<\/a><\/td>\n<td>\n<ul>\n<li><a href=\"http:\/\/www.dakar.com\/dakar\/2015\/es\/piloto\/149.html\">BERGLUND ANDERS<\/a>(SWE)<\/li>\n<\/ul>\n<\/td>\n<td>HUSABERG<\/td>\n<\/tr>\n<tr>\n<td><a href=\"http:\/\/www.dakar.com\/dakar\/2015\/es\/piloto\/150.html\">150<\/a><\/td>\n<td>\n<ul>\n<li><a href=\"http:\/\/www.dakar.com\/dakar\/2015\/es\/piloto\/150.html\">CASUCCIO MATTEO<\/a>(ITA)<\/li>\n<\/ul>\n<\/td>\n<td>GASGAS<\/td>\n<\/tr>\n<tr>\n<td>151<\/td>\n<td>\n<ul>\n<li>ENGEL MILAN (CZE)<\/li>\n<\/ul>\n<\/td>\n<td>KTM<\/td>\n<\/tr>\n<tr>\n<td><span style=\"color: #ff0000;\"><strong><a style=\"color: #ff0000;\" href=\"http:\/\/www.dakar.com\/dakar\/2015\/es\/piloto\/152.html\">152<\/a><\/strong><\/span><\/td>\n<td>\n<ul>\n<li><span style=\"color: #ff0000;\"><strong><a style=\"color: #ff0000;\" href=\"http:\/\/www.dakar.com\/dakar\/2015\/es\/piloto\/152.html\">GAJDOSECH ROBERTO<\/a>(ARG)<\/strong><\/span><\/li>\n<\/ul>\n<\/td>\n<td><span style=\"color: #ff0000;\"><strong>YAMAHA<\/strong><\/span><\/td>\n<\/tr>\n<tr>\n<td><span style=\"color: #ff0000;\"><strong>153<\/strong><\/span><\/td>\n<td>\n<ul>\n<li><span style=\"color: #ff0000;\"><strong>PETRONE SERGIO MIGUEL (ARG)<\/strong><\/span><\/li>\n<\/ul>\n<\/td>\n<td><span style=\"color: #ff0000;\"><strong>YAMAHA<\/strong><\/span><\/td>\n<\/tr>\n<tr>\n<td><a href=\"http:\/\/www.dakar.com\/dakar\/2015\/es\/piloto\/154.html\">154<\/a><\/td>\n<td>\n<ul>\n<li><a href=\"http:\/\/www.dakar.com\/dakar\/2015\/es\/piloto\/154.html\">PEDROLA MARC<\/a>(ESP)<\/li>\n<\/ul>\n<\/td>\n<td>YAMAHA<\/td>\n<\/tr>\n<tr>\n<td><span style=\"color: #ff0000;\"><strong><a style=\"color: #ff0000;\" href=\"http:\/\/www.dakar.com\/dakar\/2015\/es\/piloto\/155.html\">155<\/a><\/strong><\/span><\/td>\n<td>\n<ul>\n<li><span style=\"color: #ff0000;\"><strong><a style=\"color: #ff0000;\" href=\"http:\/\/www.dakar.com\/dakar\/2015\/es\/piloto\/155.html\">SUAREZ ZAPATA JUAN<\/a>(ARG)<\/strong><\/span><\/li>\n<\/ul>\n<\/td>\n<td><span style=\"color: #ff0000;\"><strong>KAWASAKI<\/strong><\/span><\/td>\n<\/tr>\n<tr>\n<td><a href=\"http:\/\/www.dakar.com\/dakar\/2015\/es\/piloto\/156.html\">156<\/a><\/td>\n<td>\n<ul>\n<li><a href=\"http:\/\/www.dakar.com\/dakar\/2015\/es\/piloto\/156.html\">SENKALAYCI SAKIR<\/a>(TUR)<\/li>\n<\/ul>\n<\/td>\n<td>KTM<\/td>\n<\/tr>\n<tr>\n<td>157<\/td>\n<td>\n<ul>\n<li>SABBATUCCI PAOLO (ITA)<\/li>\n<\/ul>\n<\/td>\n<td>YAMAHA<\/td>\n<\/tr>\n<tr>\n<td>158<\/td>\n<td>\n<ul>\n<li>MARTENS GUILLAUME (NLD)<\/li>\n<\/ul>\n<\/td>\n<td>KTM<\/td>\n<\/tr>\n<tr>\n<td><a href=\"http:\/\/www.dakar.com\/dakar\/2015\/es\/piloto\/159.html\">159<\/a><\/td>\n<td>\n<ul>\n<li><a href=\"http:\/\/www.dakar.com\/dakar\/2015\/es\/piloto\/159.html\">HAGENBLAD CARL<\/a>(SWE)<\/li>\n<\/ul>\n<\/td>\n<td>KTM<\/td>\n<\/tr>\n<tr>\n<td><a href=\"http:\/\/www.dakar.com\/dakar\/2015\/es\/piloto\/160.html\">160<\/a><\/td>\n<td>\n<ul>\n<li><a href=\"http:\/\/www.dakar.com\/dakar\/2015\/es\/piloto\/160.html\">KLYMCIW ONDREJ<\/a>(CZE)<\/li>\n<\/ul>\n<\/td>\n<td>KTM<\/td>\n<\/tr>\n<tr>\n<td><span style=\"color: #ff0000;\"><strong><a style=\"color: #ff0000;\" href=\"http:\/\/www.dakar.com\/dakar\/2015\/es\/piloto\/161.html\">161<\/a><\/strong><\/span><\/td>\n<td>\n<ul>\n<li><span style=\"color: #ff0000;\"><strong><a style=\"color: #ff0000;\" href=\"http:\/\/www.dakar.com\/dakar\/2015\/es\/piloto\/161.html\">LOPEZ JOVE ESTEBAN ARIEL<\/a>(ARG)<\/strong><\/span><\/li>\n<\/ul>\n<\/td>\n<td><span style=\"color: #ff0000;\"><strong>KAWASAKI<\/strong><\/span><\/td>\n<\/tr>\n<tr>\n<td><span style=\"color: #ff0000;\"><strong><a style=\"color: #ff0000;\" href=\"http:\/\/www.dakar.com\/dakar\/2015\/es\/piloto\/162.html\">162<\/a><\/strong><\/span><\/td>\n<td>\n<ul>\n<li><span style=\"color: #ff0000;\"><strong><a style=\"color: #ff0000;\" href=\"http:\/\/www.dakar.com\/dakar\/2015\/es\/piloto\/162.html\">MARTINELLI GUIDO<\/a>(ARG)<\/strong><\/span><\/li>\n<\/ul>\n<\/td>\n<td><span style=\"color: #ff0000;\"><strong>KAWASAKI<\/strong><\/span><\/td>\n<\/tr>\n<tr>\n<td><a href=\"http:\/\/www.dakar.com\/dakar\/2015\/es\/piloto\/163.html\">163<\/a><\/td>\n<td>\n<ul>\n<li><a href=\"http:\/\/www.dakar.com\/dakar\/2015\/es\/piloto\/163.html\">MOLANDER RALF<\/a>(FIN)<\/li>\n<\/ul>\n<\/td>\n<td>KTM<\/td>\n<\/tr>\n<tr>\n<td>164<\/td>\n<td>\n<ul>\n<li>NARINO ANTONIO (USA)<\/li>\n<\/ul>\n<\/td>\n<td>HUSQVARNA<\/td>\n<\/tr>\n<tr>\n<td><a href=\"http:\/\/www.dakar.com\/dakar\/2015\/es\/piloto\/165.html\">165<\/a><\/td>\n<td>\n<ul>\n<li><a href=\"http:\/\/www.dakar.com\/dakar\/2015\/es\/piloto\/165.html\">OZDEMIR SERKAN<\/a>(TUR)<\/li>\n<\/ul>\n<\/td>\n<td>KTM<\/td>\n<\/tr>\n<tr>\n<td><a href=\"http:\/\/www.dakar.com\/dakar\/2015\/es\/piloto\/166.html\">166<\/a><\/td>\n<td>\n<ul>\n<li><a href=\"http:\/\/www.dakar.com\/dakar\/2015\/es\/piloto\/166.html\">OZKAPLAN KORAY<\/a>(TUR)<\/li>\n<\/ul>\n<\/td>\n<td>KTM<\/td>\n<\/tr>\n<tr>\n<td><a href=\"http:\/\/www.dakar.com\/dakar\/2015\/es\/piloto\/167.html\">167<\/a><\/td>\n<td>\n<ul>\n<li><a href=\"http:\/\/www.dakar.com\/dakar\/2015\/es\/piloto\/167.html\">RIEZEBOS JASPER<\/a>(NLD)<\/li>\n<\/ul>\n<\/td>\n<td>KTM<\/td>\n<\/tr>\n<tr>\n<td><a href=\"http:\/\/www.dakar.com\/dakar\/2015\/es\/piloto\/168.html\">168<\/a><\/td>\n<td>\n<ul>\n<li><a href=\"http:\/\/www.dakar.com\/dakar\/2015\/es\/piloto\/168.html\">MORENO KRISTIANSEN MATEO<\/a>(COL)<\/li>\n<\/ul>\n<\/td>\n<td>KTM<\/td>\n<\/tr>\n<\/tbody>\n<\/table>\n<p>&nbsp;<\/p>\n<p><strong>CUATRICICLOS:<\/strong><\/p>\n<p>&nbsp;<\/p>\n<table width=\"627\">\n<tbody>\n<tr>\n<td><a href=\"http:\/\/www.dakar.com\/dakar\/2015\/es\/piloto\/250.html\">250<\/a><\/td>\n<td>\n<ul>\n<li><a href=\"http:\/\/www.dakar.com\/dakar\/2015\/es\/piloto\/250.html\">CASALE IGNACIO<\/a>(CHL)<\/li>\n<\/ul>\n<\/td>\n<td>YAMAHA<\/td>\n<\/tr>\n<tr>\n<td><a href=\"http:\/\/www.dakar.com\/dakar\/2015\/es\/piloto\/251.html\">251<\/a><\/td>\n<td>\n<ul>\n<li><a href=\"http:\/\/www.dakar.com\/dakar\/2015\/es\/piloto\/251.html\">SONIK RAFAL<\/a>(POL)<\/li>\n<\/ul>\n<\/td>\n<td>YAMAHA<\/td>\n<\/tr>\n<tr>\n<td><a href=\"http:\/\/www.dakar.com\/dakar\/2015\/es\/piloto\/252.html\">252<\/a><\/td>\n<td>\n<ul>\n<li><a href=\"http:\/\/www.dakar.com\/dakar\/2015\/es\/piloto\/252.html\">LAFUENTE SERGIO<\/a>(URY)<\/li>\n<\/ul>\n<\/td>\n<td>YAMAHA<\/td>\n<\/tr>\n<tr>\n<td><a href=\"http:\/\/www.dakar.com\/dakar\/2015\/es\/piloto\/253.html\">253<\/a><\/td>\n<td>\n<ul>\n<li><a href=\"http:\/\/www.dakar.com\/dakar\/2015\/es\/piloto\/253.html\">ABU-ISSA MOHAMMED<\/a>(QAT)<\/li>\n<\/ul>\n<\/td>\n<td>HONDA<\/td>\n<\/tr>\n<tr>\n<td><a href=\"http:\/\/www.dakar.com\/dakar\/2015\/es\/piloto\/254.html\">254<\/a><\/td>\n<td>\n<ul>\n<li><a href=\"http:\/\/www.dakar.com\/dakar\/2015\/es\/piloto\/254.html\">GALLEGOS LOZIC VICTOR MANUEL<\/a>(CHL)<\/li>\n<\/ul>\n<\/td>\n<td>HONDA<\/td>\n<\/tr>\n<tr>\n<td><span style=\"color: #ff0000;\"><strong>255<\/strong><\/span><\/td>\n<td>\n<ul>\n<li><span style=\"color: #ff0000;\"><strong>HALPERN SEBASTIAN (ARG)<\/strong><\/span><\/li>\n<\/ul>\n<\/td>\n<td><span style=\"color: #ff0000;\"><strong>YAMAHA<\/strong><\/span><\/td>\n<\/tr>\n<tr>\n<td><a href=\"http:\/\/www.dakar.com\/dakar\/2015\/es\/piloto\/256.html\">256<\/a><\/td>\n<td>\n<ul>\n<li><a href=\"http:\/\/www.dakar.com\/dakar\/2015\/es\/piloto\/256.html\">SANABRIA GALEANO NELSON AUGUSTO<\/a>(PRY)<\/li>\n<\/ul>\n<\/td>\n<td>YAMAHA<\/td>\n<\/tr>\n<tr>\n<td><a href=\"http:\/\/www.dakar.com\/dakar\/2015\/es\/piloto\/257.html\">257<\/a><\/td>\n<td>\n<ul>\n<li><a href=\"http:\/\/www.dakar.com\/dakar\/2015\/es\/piloto\/257.html\">PALMA SEBASTIAN<\/a>(CHL)<\/li>\n<\/ul>\n<\/td>\n<td>CAN-AM<\/td>\n<\/tr>\n<tr>\n<td><span style=\"color: #ff0000;\"><strong><a style=\"color: #ff0000;\" href=\"http:\/\/www.dakar.com\/dakar\/2015\/es\/piloto\/258.html\">258<\/a><\/strong><\/span><\/td>\n<td>\n<ul>\n<li><span style=\"color: #ff0000;\"><strong><a style=\"color: #ff0000;\" href=\"http:\/\/www.dakar.com\/dakar\/2015\/es\/piloto\/258.html\">BONETTO LUCAS<\/a>(ARG)<\/strong><\/span><\/li>\n<\/ul>\n<\/td>\n<td><span style=\"color: #ff0000;\"><strong>HONDA<\/strong><\/span><\/td>\n<\/tr>\n<tr>\n<td><a href=\"http:\/\/www.dakar.com\/dakar\/2015\/es\/piloto\/259.html\">259<\/a><\/td>\n<td>\n<ul>\n<li><a href=\"http:\/\/www.dakar.com\/dakar\/2015\/es\/piloto\/259.html\">LIPAROTI CAMELIA<\/a>(FRA)<\/li>\n<\/ul>\n<\/td>\n<td>YAMAHA<\/td>\n<\/tr>\n<tr>\n<td>260<\/td>\n<td>\n<ul>\n<li>DECLERCK CHRISTOPHE (FRA)<\/li>\n<\/ul>\n<\/td>\n<td>YAMAHA<\/td>\n<\/tr>\n<tr>\n<td><span style=\"color: #ff0000;\"><strong><a style=\"color: #ff0000;\" href=\"http:\/\/www.dakar.com\/dakar\/2015\/es\/piloto\/261.html\">261<\/a><\/strong><\/span><\/td>\n<td>\n<ul>\n<li><span style=\"color: #ff0000;\"><strong><a style=\"color: #ff0000;\" href=\"http:\/\/www.dakar.com\/dakar\/2015\/es\/piloto\/261.html\">GONZALEZ FERIOLI JEREMIAS<\/a>(ARG)<\/strong><\/span><\/li>\n<\/ul>\n<\/td>\n<td><span style=\"color: #ff0000;\"><strong>YAMAHA<\/strong><\/span><\/td>\n<\/tr>\n<tr>\n<td>262<\/td>\n<td>\n<ul>\n<li>KARYAKIN SERGEI (RUS)<\/li>\n<\/ul>\n<\/td>\n<td>YAMAHA<\/td>\n<\/tr>\n<tr>\n<td><span style=\"color: #ff0000;\"><strong><a style=\"color: #ff0000;\" href=\"http:\/\/www.dakar.com\/dakar\/2015\/es\/piloto\/263.html\">263<\/a><\/strong><\/span><\/td>\n<td>\n<ul>\n<li><span style=\"color: #ff0000;\"><strong><a style=\"color: #ff0000;\" href=\"http:\/\/www.dakar.com\/dakar\/2015\/es\/piloto\/263.html\">MAZZUCCO DANIEL<\/a>(ARG)<\/strong><\/span><\/li>\n<\/ul>\n<\/td>\n<td><span style=\"color: #ff0000;\"><strong>CAN-AM<\/strong><\/span><\/td>\n<\/tr>\n<tr>\n<td>264<\/td>\n<td>\n<ul>\n<li>SOUDAY SEBASTIEN (FRA)<\/li>\n<\/ul>\n<\/td>\n<td>YAMAHA<\/td>\n<\/tr>\n<tr>\n<td><span style=\"color: #ff0000;\"><strong><a style=\"color: #ff0000;\" href=\"http:\/\/www.dakar.com\/dakar\/2015\/es\/piloto\/265.html\">265<\/a><\/strong><\/span><\/td>\n<td>\n<ul>\n<li><span style=\"color: #ff0000;\"><strong><a style=\"color: #ff0000;\" href=\"http:\/\/www.dakar.com\/dakar\/2015\/es\/piloto\/265.html\">HANSEN SANTIAGO<\/a>(ARG)<\/strong><\/span><\/li>\n<\/ul>\n<\/td>\n<td><span style=\"color: #ff0000;\"><strong>HONDA<\/strong><\/span><\/td>\n<\/tr>\n<tr>\n<td><a href=\"http:\/\/www.dakar.com\/dakar\/2015\/es\/piloto\/267.html\">267<\/a><\/td>\n<td>\n<ul>\n<li><a href=\"http:\/\/www.dakar.com\/dakar\/2015\/es\/piloto\/267.html\">GUILLIOLI RODOLFO<\/a>(GTM)<\/li>\n<\/ul>\n<\/td>\n<td>YAMAHA<\/td>\n<\/tr>\n<tr>\n<td><span style=\"color: #ff0000;\"><strong>268<\/strong><\/span><\/td>\n<td>\n<ul>\n<li><span style=\"color: #ff0000;\"><strong>GIORDANA GIULIANO HORACIO (ARG)<\/strong><\/span><\/li>\n<\/ul>\n<\/td>\n<td><span style=\"color: #ff0000;\"><strong>YAMAHA<\/strong><\/span><\/td>\n<\/tr>\n<tr>\n<td><span style=\"color: #ff0000;\"><strong><a style=\"color: #ff0000;\" href=\"http:\/\/www.dakar.com\/dakar\/2015\/es\/piloto\/269.html\">269<\/a><\/strong><\/span><\/td>\n<td>\n<ul>\n<li><span style=\"color: #ff0000;\"><strong><a style=\"color: #ff0000;\" href=\"http:\/\/www.dakar.com\/dakar\/2015\/es\/piloto\/269.html\">GONZALEZ GASTON<\/a>(ARG)<\/strong><\/span><\/li>\n<\/ul>\n<\/td>\n<td><span style=\"color: #ff0000;\"><strong>YAMAHA<\/strong><\/span><\/td>\n<\/tr>\n<tr>\n<td><span style=\"color: #ff0000;\"><strong><a style=\"color: #ff0000;\" href=\"http:\/\/www.dakar.com\/dakar\/2015\/es\/piloto\/270.html\">270<\/a><\/strong><\/span><\/td>\n<td>\n<ul>\n<li><span style=\"color: #ff0000;\"><strong><a style=\"color: #ff0000;\" href=\"http:\/\/www.dakar.com\/dakar\/2015\/es\/piloto\/270.html\">DOMASZEWSKI DANIEL<\/a>(ARG)<\/strong><\/span><\/li>\n<\/ul>\n<\/td>\n<td><span style=\"color: #ff0000;\"><strong>HONDA<\/strong><\/span><\/td>\n<\/tr>\n<tr>\n<td><a href=\"http:\/\/www.dakar.com\/dakar\/2015\/es\/piloto\/271.html\">271<\/a><\/td>\n<td>\n<ul>\n<li><a href=\"http:\/\/www.dakar.com\/dakar\/2015\/es\/piloto\/271.html\">ESPINOSA JOSE LUIS<\/a>(ESP)<\/li>\n<\/ul>\n<\/td>\n<td>CAN-AM<\/td>\n<\/tr>\n<tr>\n<td><span style=\"color: #ff0000;\"><strong><a style=\"color: #ff0000;\" href=\"http:\/\/www.dakar.com\/dakar\/2015\/es\/piloto\/272.html\">272<\/a><\/strong><\/span><\/td>\n<td>\n<ul>\n<li><span style=\"color: #ff0000;\"><strong><a style=\"color: #ff0000;\" href=\"http:\/\/www.dakar.com\/dakar\/2015\/es\/piloto\/272.html\">COPETTI PABLO<\/a>(ARG)<\/strong><\/span><\/li>\n<\/ul>\n<\/td>\n<td><span style=\"color: #ff0000;\"><strong>YAMAHA<\/strong><\/span><\/td>\n<\/tr>\n<tr>\n<td><a href=\"http:\/\/www.dakar.com\/dakar\/2015\/es\/piloto\/273.html\">273<\/a><\/td>\n<td>\n<ul>\n<li><a href=\"http:\/\/www.dakar.com\/dakar\/2015\/es\/piloto\/273.html\">ALMEIDA MAURO<\/a>(URY)<\/li>\n<\/ul>\n<\/td>\n<td>YAMAHA<\/td>\n<\/tr>\n<tr>\n<td>274<\/td>\n<td>\n<ul>\n<li>KOOLEN KEES (NLD)<\/li>\n<\/ul>\n<\/td>\n<td>HONDA<\/td>\n<\/tr>\n<tr>\n<td><a href=\"http:\/\/www.dakar.com\/dakar\/2015\/es\/piloto\/275.html\">275<\/a><\/td>\n<td>\n<ul>\n<li><a href=\"http:\/\/www.dakar.com\/dakar\/2015\/es\/piloto\/275.html\">BARAGWANATH BRIAN<\/a>(ZAF)<\/li>\n<\/ul>\n<\/td>\n<td>YAMAHA<\/td>\n<\/tr>\n<tr>\n<td>277<\/td>\n<td>\n<ul>\n<li>VINET RICARDO (CHL)<\/li>\n<\/ul>\n<\/td>\n<td>CAN-AM<\/td>\n<\/tr>\n<tr>\n<td>278<\/td>\n<td>\n<ul>\n<li>CARIGNANI JUAN CARLOS (ITA)<\/li>\n<\/ul>\n<\/td>\n<td>YAMAHA<\/td>\n<\/tr>\n<tr>\n<td><a href=\"http:\/\/www.dakar.com\/dakar\/2015\/es\/piloto\/279.html\">279<\/a><\/td>\n<td>\n<ul>\n<li><a href=\"http:\/\/www.dakar.com\/dakar\/2015\/es\/piloto\/279.html\">INNOCENTE LUCAS<\/a>(ARG)<\/li>\n<\/ul>\n<\/td>\n<td>CAN-AM<\/td>\n<\/tr>\n<tr>\n<td>281<\/td>\n<td>\n<ul>\n<li>VERZA CARLOS ALEJANDRO (ARG)<\/li>\n<\/ul>\n<\/td>\n<td>YAMAHA<\/td>\n<\/tr>\n<tr>\n<td><a href=\"http:\/\/www.dakar.com\/dakar\/2015\/es\/piloto\/283.html\">283<\/a><\/td>\n<td>\n<ul>\n<li><a href=\"http:\/\/www.dakar.com\/dakar\/2015\/es\/piloto\/283.html\">NOSIGLIA WALTER<\/a>(BOL)<\/li>\n<\/ul>\n<\/td>\n<td>HONDA<\/td>\n<\/tr>\n<tr>\n<td><span style=\"color: #ff0000;\"><strong><a style=\"color: #ff0000;\" href=\"http:\/\/www.dakar.com\/dakar\/2015\/es\/piloto\/284.html\">284<\/a><\/strong><\/span><\/td>\n<td>\n<ul>\n<li><span style=\"color: #ff0000;\"><strong><a style=\"color: #ff0000;\" href=\"http:\/\/www.dakar.com\/dakar\/2015\/es\/piloto\/284.html\">FAVRE EUGENIO<\/a>(ARG)<\/strong><\/span><\/li>\n<\/ul>\n<\/td>\n<td><span style=\"color: #ff0000;\"><strong>CAN-AM<\/strong><\/span><\/td>\n<\/tr>\n<tr>\n<td><a href=\"http:\/\/www.dakar.com\/dakar\/2015\/es\/piloto\/285.html\">285<\/a><\/td>\n<td>\n<ul>\n<li><a href=\"http:\/\/www.dakar.com\/dakar\/2015\/es\/piloto\/285.html\">FERNANDEZ DIEGO JAVIER<\/a>(URY)<\/li>\n<\/ul>\n<\/td>\n<td>CAN-AM<\/td>\n<\/tr>\n<tr>\n<td><a href=\"http:\/\/www.dakar.com\/dakar\/2015\/es\/piloto\/286.html\">286<\/a><\/td>\n<td>\n<ul>\n<li><a href=\"http:\/\/www.dakar.com\/dakar\/2015\/es\/piloto\/286.html\">SAAIJMAN WILLEM<\/a>(ZAF)<\/li>\n<\/ul>\n<\/td>\n<td>YAMAHA<\/td>\n<\/tr>\n<tr>\n<td><a href=\"http:\/\/www.dakar.com\/dakar\/2015\/es\/piloto\/287.html\">287<\/a><\/td>\n<td>\n<ul>\n<li><a href=\"http:\/\/www.dakar.com\/dakar\/2015\/es\/piloto\/287.html\">CAJICA PINTO CHRISTIAN<\/a>(COL)<\/li>\n<\/ul>\n<\/td>\n<td>CAN-AM<\/td>\n<\/tr>\n<tr>\n<td>288<\/td>\n<td>\n<ul>\n<li>THAMAS JEAN-CHRISTOPHE (FRA)<\/li>\n<\/ul>\n<\/td>\n<td>YAMAHA<\/td>\n<\/tr>\n<tr>\n<td><a href=\"http:\/\/www.dakar.com\/dakar\/2015\/es\/piloto\/289.html\">289<\/a><\/td>\n<td>\n<ul>\n<li><a href=\"http:\/\/www.dakar.com\/dakar\/2015\/es\/piloto\/289.html\">VEGA EDGARDO<\/a>(ARG)<\/li>\n<\/ul>\n<\/td>\n<td>YAMAHA<\/td>\n<\/tr>\n<tr>\n<td><span style=\"color: #ff0000;\"><strong><a style=\"color: #ff0000;\" href=\"http:\/\/www.dakar.com\/dakar\/2015\/es\/piloto\/290.html\">290<\/a><\/strong><\/span><\/td>\n<td>\n<ul>\n<li><span style=\"color: #ff0000;\"><strong><a style=\"color: #ff0000;\" href=\"http:\/\/www.dakar.com\/dakar\/2015\/es\/piloto\/290.html\">BUSTAMANTE PABLO LUIS<\/a>(ARG)<\/strong><\/span><\/li>\n<\/ul>\n<\/td>\n<td><span style=\"color: #ff0000;\"><strong>CAN-AM<\/strong><\/span><\/td>\n<\/tr>\n<tr>\n<td><a href=\"http:\/\/www.dakar.com\/dakar\/2015\/es\/piloto\/291.html\">291<\/a><\/td>\n<td>\n<ul>\n<li><a href=\"http:\/\/www.dakar.com\/dakar\/2015\/es\/piloto\/291.html\">MITA SERGIO<\/a>(BOL)<\/li>\n<\/ul>\n<\/td>\n<td>YAMAHA<\/td>\n<\/tr>\n<tr>\n<td><a href=\"http:\/\/www.dakar.com\/dakar\/2015\/es\/piloto\/292.html\">292<\/a><\/td>\n<td>\n<ul>\n<li><a href=\"http:\/\/www.dakar.com\/dakar\/2015\/es\/piloto\/292.html\">ALONSO ENRIQUE<\/a>(PER)<\/li>\n<\/ul>\n<\/td>\n<td>CAN-AM<\/td>\n<\/tr>\n<tr>\n<td><span style=\"color: #ff0000;\"><strong><a style=\"color: #ff0000;\" href=\"http:\/\/www.dakar.com\/dakar\/2015\/es\/piloto\/293.html\">293<\/a><\/strong><\/span><\/td>\n<td>\n<ul>\n<li><span style=\"color: #ff0000;\"><strong><a style=\"color: #ff0000;\" href=\"http:\/\/www.dakar.com\/dakar\/2015\/es\/piloto\/293.html\">BAYER CLAUDIO ADRIAN<\/a>(ARG)<\/strong><\/span><\/li>\n<\/ul>\n<\/td>\n<td><span style=\"color: #ff0000;\"><strong>YAMAHA<\/strong><\/span><\/td>\n<\/tr>\n<tr>\n<td><a href=\"http:\/\/www.dakar.com\/dakar\/2015\/es\/piloto\/295.html\">295<\/a><\/td>\n<td>\n<ul>\n<li><a href=\"http:\/\/www.dakar.com\/dakar\/2015\/es\/piloto\/295.html\">SUGUITA ANDRE<\/a>(BRA)<\/li>\n<\/ul>\n<\/td>\n<td>CAN-AM<\/td>\n<\/tr>\n<tr>\n<td><a href=\"http:\/\/www.dakar.com\/dakar\/2015\/es\/piloto\/296.html\">296<\/a><\/td>\n<td>\n<ul>\n<li><a href=\"http:\/\/www.dakar.com\/dakar\/2015\/es\/piloto\/296.html\">MONTERO XAVIER<\/a>(ESP)<\/li>\n<\/ul>\n<\/td>\n<td>YAMAHA<\/td>\n<\/tr>\n<tr>\n<td>297<\/td>\n<td>\n<ul>\n<li>SALAVERRY JOSE (PER)<\/li>\n<\/ul>\n<\/td>\n<td>CAN-AM<\/td>\n<\/tr>\n<tr>\n<td><a href=\"http:\/\/www.dakar.com\/dakar\/2015\/es\/piloto\/298.html\">298<\/a><\/td>\n<td>\n<ul>\n<li><a href=\"http:\/\/www.dakar.com\/dakar\/2015\/es\/piloto\/298.html\">GUARDIA MANCILLA PAULO<\/a>(CHL)<\/li>\n<\/ul>\n<\/td>\n<td>YAMAHA<\/td>\n<\/tr>\n<tr>\n<td><a href=\"http:\/\/www.dakar.com\/dakar\/2015\/es\/piloto\/299.html\">299<\/a><\/td>\n<td>\n<ul>\n<li><a href=\"http:\/\/www.dakar.com\/dakar\/2015\/es\/piloto\/299.html\">GALVEZ PAULA<\/a>(CHL)<\/li>\n<\/ul>\n<\/td>\n<td>CAN-AM<\/td>\n<\/tr>\n<\/tbody>\n<\/table>\n<p><a href=\"http:\/\/www.crossprensa.com.ar\/news\/wp-content\/uploads\/2014\/12\/38.jpg\"><img fetchpriority=\"high\" decoding=\"async\" class=\"aligncenter  wp-image-7459\" src=\"http:\/\/www.crossprensa.com.ar\/news\/wp-content\/uploads\/2014\/12\/38-600x400.jpg\" alt=\"3\" width=\"562\" height=\"374\" \/><\/a><\/p>\n<p>&nbsp;<\/p>\n<p>Si quer\u00e9s conocer mas de Lelli Competici\u00f3n, hac\u00e9 Click en la im\u00e1gen. O llamalos (despu\u00e9s del Dakar) 03548 &#8211; 491 566<\/p>\n<p><a href=\"https:\/\/www.facebook.com\/pages\/Lelli-competicion\/538773939544699?fref=ts\"><img decoding=\"async\" class=\"aligncenter wp-image-7460 size-large\" src=\"http:\/\/www.crossprensa.com.ar\/news\/wp-content\/uploads\/2014\/12\/10401483_558730980911557_5826937586441428261_n-565x400.png\" alt=\"10401483_558730980911557_5826937586441428261_n\" width=\"565\" height=\"400\" \/><\/a><\/p>\n<p>&nbsp;<\/p>\n","protected":false},"excerpt":{"rendered":"<p>El Dakar ya est\u00e1 nuevamente en Argentina. Los veh\u00edculos de la caravana para la carrera&#8230;<\/p>\n","protected":false},"author":2,"featured_media":0,"comment_status":"open","ping_status":"open","sticky":false,"template":"","format":"standard","meta":{"om_disable_all_campaigns":false,"_monsterinsights_skip_tracking":false,"_monsterinsights_sitenote_active":false,"_monsterinsights_sitenote_note":"","_monsterinsights_sitenote_category":0,"_uf_show_specific_survey":0,"_uf_disable_surveys":false,"footnotes":""},"categories":[11],"tags":[5],"class_list":["post-7457","post","type-post","status-publish","format-standard","hentry","category-dakar","tag-slice"],"aioseo_notices":[],"_links":{"self":[{"href":"https:\/\/www.crossprensa.com.ar\/news\/wp-json\/wp\/v2\/posts\/7457","targetHints":{"allow":["GET"]}}],"collection":[{"href":"https:\/\/www.crossprensa.com.ar\/news\/wp-json\/wp\/v2\/posts"}],"about":[{"href":"https:\/\/www.crossprensa.com.ar\/news\/wp-json\/wp\/v2\/types\/post"}],"author":[{"embeddable":true,"href":"https:\/\/www.crossprensa.com.ar\/news\/wp-json\/wp\/v2\/users\/2"}],"replies":[{"embeddable":true,"href":"https:\/\/www.crossprensa.com.ar\/news\/wp-json\/wp\/v2\/comments?post=7457"}],"version-history":[{"count":1,"href":"https:\/\/www.crossprensa.com.ar\/news\/wp-json\/wp\/v2\/posts\/7457\/revisions"}],"predecessor-version":[{"id":7461,"href":"https:\/\/www.crossprensa.com.ar\/news\/wp-json\/wp\/v2\/posts\/7457\/revisions\/7461"}],"wp:attachment":[{"href":"https:\/\/www.crossprensa.com.ar\/news\/wp-json\/wp\/v2\/media?parent=7457"}],"wp:term":[{"taxonomy":"category","embeddable":true,"href":"https:\/\/www.crossprensa.com.ar\/news\/wp-json\/wp\/v2\/categories?post=7457"},{"taxonomy":"post_tag","embeddable":true,"href":"https:\/\/www.crossprensa.com.ar\/news\/wp-json\/wp\/v2\/tags?post=7457"}],"curies":[{"name":"wp","href":"https:\/\/api.w.org\/{rel}","templated":true}]}}