{"id":74559,"date":"2025-01-15T11:34:26","date_gmt":"2025-01-15T14:34:26","guid":{"rendered":"https:\/\/www.crossprensa.com.ar\/news\/?p=74559"},"modified":"2025-01-16T18:09:11","modified_gmt":"2025-01-16T21:09:11","slug":"ama-supercross-san-diego-fecha-2-horarios","status":"publish","type":"post","link":"https:\/\/www.crossprensa.com.ar\/news\/ama-supercross-san-diego-fecha-2-horarios\/ama-motocross\/","title":{"rendered":"AMA SUPERCROSS SAN DIEGO &#8211; FECHA 2 &#8211; HORARIOS"},"content":{"rendered":"<p>El pr\u00f3ximo S\u00e1bado se va a desarrollar en San Diego la segunda fecha del a\u00f1o del mejor Supercross del planeta, y como siempre estaremos llev\u00e1ndote toda la informacion en directo!<\/p>\n<p>Aqu\u00ed los horarios de carrera.<\/p>\n<p><!--more--><\/p>\n<p>Para poder tener TODO EN VIVO hac\u00e9 click o toc\u00e1 abajo!<\/p>\n<p><a href=\"https:\/\/wa.link\/a6rj5h\"><img fetchpriority=\"high\" decoding=\"async\" class=\"alignnone wp-image-73978 size-full\" src=\"https:\/\/www.crossprensa.com.ar\/news\/wp-content\/uploads\/2024\/12\/suscribite.jpg\" alt=\"\" width=\"1595\" height=\"175\" \/><\/a><\/p>\n<p><strong>Entrenamientos:<\/strong><\/p>\n<p>15:30 hs.<\/p>\n<div class=\"item\">\n<div><\/div>\n<div class=\"item-title\"><strong>Clasificaci\u00f3n: <\/strong><\/div>\n<div class=\"item-title\">16:30 Hs.<\/div>\n<\/div>\n<div class=\"item\">\n<div><\/div>\n<div class=\"item-title\"><strong>Ceremonia de apertura<\/strong><\/div>\n<\/div>\n<div class=\"item\">\n<div class=\"item-time\">22 Hs.<\/div>\n<div><a href=\"https:\/\/www.instagram.com\/cassano.automobili\/?hl=en\"><img decoding=\"async\" class=\"alignnone wp-image-73929 size-full\" src=\"https:\/\/www.crossprensa.com.ar\/news\/wp-content\/uploads\/2024\/12\/cassano.jpg\" alt=\"\" width=\"2104\" height=\"227\" \/><\/a><\/div>\n<div><\/div>\n<div class=\"item-time\"><strong>Finales<\/strong><\/div>\n<\/div>\n<div class=\"item\">\n<div class=\"item-time\">22:30 Hs.<\/div>\n<div class=\"item-title\"><\/div>\n<\/div>\n<div><img decoding=\"async\" class=\"alignnone size-full wp-image-74397\" src=\"https:\/\/www.crossprensa.com.ar\/news\/wp-content\/uploads\/2025\/01\/Banner-Kawasaki-Klx450-1200x100px-1.gif\" alt=\"\" width=\"1200\" height=\"100\" \/><\/div>\n<div><\/div>\n<div><img loading=\"lazy\" decoding=\"async\" class=\"alignnone size-full wp-image-74561\" src=\"https:\/\/www.crossprensa.com.ar\/news\/wp-content\/uploads\/2025\/01\/Rd02_SanDiego_Render04-1536x1152-1.png\" alt=\"\" width=\"1536\" height=\"1152\" \/><\/div>\n","protected":false},"excerpt":{"rendered":"<p>El pr\u00f3ximo S\u00e1bado se va a desarrollar en San Diego la segunda fecha del a\u00f1o&#8230;<\/p>\n","protected":false},"author":2,"featured_media":74560,"comment_status":"closed","ping_status":"closed","sticky":false,"template":"","format":"standard","meta":{"om_disable_all_campaigns":false,"_monsterinsights_skip_tracking":false,"_monsterinsights_sitenote_active":false,"_monsterinsights_sitenote_note":"","_monsterinsights_sitenote_category":0,"_uf_show_specific_survey":0,"_uf_disable_surveys":false,"footnotes":""},"categories":[25,30],"tags":[],"class_list":["post-74559","post","type-post","status-publish","format-standard","has-post-thumbnail","hentry","category-ama-motocross","category-ama-supercross"],"aioseo_notices":[],"_links":{"self":[{"href":"https:\/\/www.crossprensa.com.ar\/news\/wp-json\/wp\/v2\/posts\/74559","targetHints":{"allow":["GET"]}}],"collection":[{"href":"https:\/\/www.crossprensa.com.ar\/news\/wp-json\/wp\/v2\/posts"}],"about":[{"href":"https:\/\/www.crossprensa.com.ar\/news\/wp-json\/wp\/v2\/types\/post"}],"author":[{"embeddable":true,"href":"https:\/\/www.crossprensa.com.ar\/news\/wp-json\/wp\/v2\/users\/2"}],"replies":[{"embeddable":true,"href":"https:\/\/www.crossprensa.com.ar\/news\/wp-json\/wp\/v2\/comments?post=74559"}],"version-history":[{"count":2,"href":"https:\/\/www.crossprensa.com.ar\/news\/wp-json\/wp\/v2\/posts\/74559\/revisions"}],"predecessor-version":[{"id":74623,"href":"https:\/\/www.crossprensa.com.ar\/news\/wp-json\/wp\/v2\/posts\/74559\/revisions\/74623"}],"wp:featuredmedia":[{"embeddable":true,"href":"https:\/\/www.crossprensa.com.ar\/news\/wp-json\/wp\/v2\/media\/74560"}],"wp:attachment":[{"href":"https:\/\/www.crossprensa.com.ar\/news\/wp-json\/wp\/v2\/media?parent=74559"}],"wp:term":[{"taxonomy":"category","embeddable":true,"href":"https:\/\/www.crossprensa.com.ar\/news\/wp-json\/wp\/v2\/categories?post=74559"},{"taxonomy":"post_tag","embeddable":true,"href":"https:\/\/www.crossprensa.com.ar\/news\/wp-json\/wp\/v2\/tags?post=74559"}],"curies":[{"name":"wp","href":"https:\/\/api.w.org\/{rel}","templated":true}]}}