{"id":74413,"date":"2025-01-12T01:10:22","date_gmt":"2025-01-12T04:10:22","guid":{"rendered":"https:\/\/www.crossprensa.com.ar\/news\/?p=74413"},"modified":"2025-01-12T01:10:22","modified_gmt":"2025-01-12T04:10:22","slug":"ama-sx-anaheim-por-algo-es-lo-mejor-del-mundo","status":"publish","type":"post","link":"https:\/\/www.crossprensa.com.ar\/news\/ama-sx-anaheim-por-algo-es-lo-mejor-del-mundo\/ama-motocross\/","title":{"rendered":"AMA SX: ANAHEIM&#8230; Por algo es lo mejor del mundo!"},"content":{"rendered":"<p>No alcanzar\u00edan las palabras de elogio para lo que hace FELD Entertaiment Inc. con el Supercross. Impresionante es poco, y ver cada carrera es un lujo para los que amamos este deporte. Fue una noche brillante sin lugar a dudas y que pudimos vivir con im\u00e1genes exclusivas con nuestro corresponsal en USA Iv\u00e1n Wohlmouth al lado de la pista! Gran trabajo de Shimoda con la Honda oficial, ganando la final. Y en 450, fue infartante la carrera que logra ganar Chase Sexton!<\/p>\n<p><!--more--><\/p>\n<p><strong>250<\/strong><\/p>\n<p>Todos esperaban ver otra carrera ganada por Deegan, pero lo apretaron en la largada y una ca\u00edda que el produce, deja tres pilotos en el piso involuntariamente. Se levanta \u00faltimo y avanza hasta el 6to. puesto que decidi\u00f3 mantener hasta el final porque los dem\u00e1s estaban lejos y el f\u00edsico ven\u00eda complicado para mantener ese brutal ritmo, pero en la \u00faltima vuelta pudo superar a Coty Schock y finalizar 5to.<\/p>\n<p>Gran tarea de Beaumer y DiFrancesco completando el podio!<\/p>\n<p><img fetchpriority=\"high\" decoding=\"async\" class=\"\" src=\"https:\/\/pbs.twimg.com\/media\/GhD9UtJWkAEEwPz?format=jpg&amp;name=small\" alt=\"Imagen\" width=\"828\" height=\"1154\" \/><\/p>\n<p>&nbsp;<\/p>\n<p><strong>450. Deja sin aliento!<\/strong><\/p>\n<p>Largada, con Prado que puede hacerse de la punta ante la ca\u00edda de Tomac que ven\u00eda primero y aprovecha frenadas y confusi\u00f3n el espa\u00f1ol, que aguanta la punta mientras puede.<\/p>\n<p><img decoding=\"async\" class=\"alignnone size-full wp-image-74423\" src=\"https:\/\/www.crossprensa.com.ar\/news\/wp-content\/uploads\/2025\/01\/WhatsApp-Image-2025-01-12-at-00.34.58.jpeg\" alt=\"\" width=\"1366\" height=\"768\" srcset=\"https:\/\/www.crossprensa.com.ar\/news\/wp-content\/uploads\/2025\/01\/WhatsApp-Image-2025-01-12-at-00.34.58.jpeg 1366w, https:\/\/www.crossprensa.com.ar\/news\/wp-content\/uploads\/2025\/01\/WhatsApp-Image-2025-01-12-at-00.34.58-300x169.jpeg 300w, https:\/\/www.crossprensa.com.ar\/news\/wp-content\/uploads\/2025\/01\/WhatsApp-Image-2025-01-12-at-00.34.58-620x349.jpeg 620w, https:\/\/www.crossprensa.com.ar\/news\/wp-content\/uploads\/2025\/01\/WhatsApp-Image-2025-01-12-at-00.34.58-768x432.jpeg 768w, https:\/\/www.crossprensa.com.ar\/news\/wp-content\/uploads\/2025\/01\/WhatsApp-Image-2025-01-12-at-00.34.58-1024x576.jpeg 1024w\" sizes=\"(max-width: 1366px) 100vw, 1366px\" \/><\/p>\n<p>Sexton comienza a avanzar firmemente hacia adelante, y Anderson le pelea la posici\u00f3n a Prado hasta que consigue hacerse de la punta. Roczen desde atr\u00e1s, era un misil como ven\u00eda! Mala largada de Jett Lawrence con una ca\u00edda primero y luego una salida de pista que lo deja enganchado con los fardos quedando en la posici\u00f3n 18.<\/p>\n<p><img decoding=\"async\" class=\"alignnone size-full wp-image-74424\" src=\"https:\/\/www.crossprensa.com.ar\/news\/wp-content\/uploads\/2025\/01\/WhatsApp-Image-2025-01-12-at-00.36.41.jpeg\" alt=\"\" width=\"1366\" height=\"768\" srcset=\"https:\/\/www.crossprensa.com.ar\/news\/wp-content\/uploads\/2025\/01\/WhatsApp-Image-2025-01-12-at-00.36.41.jpeg 1366w, https:\/\/www.crossprensa.com.ar\/news\/wp-content\/uploads\/2025\/01\/WhatsApp-Image-2025-01-12-at-00.36.41-300x169.jpeg 300w, https:\/\/www.crossprensa.com.ar\/news\/wp-content\/uploads\/2025\/01\/WhatsApp-Image-2025-01-12-at-00.36.41-620x349.jpeg 620w, https:\/\/www.crossprensa.com.ar\/news\/wp-content\/uploads\/2025\/01\/WhatsApp-Image-2025-01-12-at-00.36.41-768x432.jpeg 768w, https:\/\/www.crossprensa.com.ar\/news\/wp-content\/uploads\/2025\/01\/WhatsApp-Image-2025-01-12-at-00.36.41-1024x576.jpeg 1024w\" sizes=\"(max-width: 1366px) 100vw, 1366px\" \/> <img loading=\"lazy\" decoding=\"async\" class=\"alignnone size-full wp-image-74425\" src=\"https:\/\/www.crossprensa.com.ar\/news\/wp-content\/uploads\/2025\/01\/WhatsApp-Image-2025-01-12-at-00.37.03.jpeg\" alt=\"\" width=\"1366\" height=\"768\" srcset=\"https:\/\/www.crossprensa.com.ar\/news\/wp-content\/uploads\/2025\/01\/WhatsApp-Image-2025-01-12-at-00.37.03.jpeg 1366w, https:\/\/www.crossprensa.com.ar\/news\/wp-content\/uploads\/2025\/01\/WhatsApp-Image-2025-01-12-at-00.37.03-300x169.jpeg 300w, https:\/\/www.crossprensa.com.ar\/news\/wp-content\/uploads\/2025\/01\/WhatsApp-Image-2025-01-12-at-00.37.03-620x349.jpeg 620w, https:\/\/www.crossprensa.com.ar\/news\/wp-content\/uploads\/2025\/01\/WhatsApp-Image-2025-01-12-at-00.37.03-768x432.jpeg 768w, https:\/\/www.crossprensa.com.ar\/news\/wp-content\/uploads\/2025\/01\/WhatsApp-Image-2025-01-12-at-00.37.03-1024x576.jpeg 1024w\" sizes=\"(max-width: 1366px) 100vw, 1366px\" \/><\/p>\n<p>Avanza Sexton, y puede quedarse con la primera posici\u00f3n con Anderson sobre la Kawasaki asediado por Roczen con hambre de podio, y no falla. El de Suzuki volvi\u00f3 a demostrar una t\u00e9cnica y una forma f\u00edsica que le permite seguir siendo protagonista!<\/p>\n<p>Atr\u00e1s, Prado hab\u00eda quedado en la 6ta. posici\u00f3n en la pelea con Webb, y se cae perdiendo muchas posiciones el espa\u00f1ol en su primera carrera como piloto oficial Kawasaki y aprendiendo mucho todav\u00eda. Cuando pueda pasar con t\u00e9cnica los whoops, sin dudas que ser\u00e1 protagonista. Era la zona donde m\u00e1s lento iba.<\/p>\n<p><img loading=\"lazy\" decoding=\"async\" class=\"alignnone size-full wp-image-74426\" src=\"https:\/\/www.crossprensa.com.ar\/news\/wp-content\/uploads\/2025\/01\/WhatsApp-Image-2025-01-12-at-00.49.13.jpeg\" alt=\"\" width=\"1366\" height=\"768\" srcset=\"https:\/\/www.crossprensa.com.ar\/news\/wp-content\/uploads\/2025\/01\/WhatsApp-Image-2025-01-12-at-00.49.13.jpeg 1366w, https:\/\/www.crossprensa.com.ar\/news\/wp-content\/uploads\/2025\/01\/WhatsApp-Image-2025-01-12-at-00.49.13-300x169.jpeg 300w, https:\/\/www.crossprensa.com.ar\/news\/wp-content\/uploads\/2025\/01\/WhatsApp-Image-2025-01-12-at-00.49.13-620x349.jpeg 620w, https:\/\/www.crossprensa.com.ar\/news\/wp-content\/uploads\/2025\/01\/WhatsApp-Image-2025-01-12-at-00.49.13-768x432.jpeg 768w, https:\/\/www.crossprensa.com.ar\/news\/wp-content\/uploads\/2025\/01\/WhatsApp-Image-2025-01-12-at-00.49.13-1024x576.jpeg 1024w\" sizes=\"(max-width: 1366px) 100vw, 1366px\" \/><\/p>\n<p>Hunter Lawrence tampoco ten\u00eda una buena noche. Una largada regular, y una ca\u00edda lo relegaron mucho cuando podr\u00eda haber hecho una buena carrera. Pero no fue Anaheim un lugar para los hermanos australianos&#8230;<\/p>\n<p><img loading=\"lazy\" decoding=\"async\" class=\"alignnone size-full wp-image-74427\" src=\"https:\/\/www.crossprensa.com.ar\/news\/wp-content\/uploads\/2025\/01\/WhatsApp-Image-2025-01-12-at-00.43.41.jpeg\" alt=\"\" width=\"1366\" height=\"768\" srcset=\"https:\/\/www.crossprensa.com.ar\/news\/wp-content\/uploads\/2025\/01\/WhatsApp-Image-2025-01-12-at-00.43.41.jpeg 1366w, https:\/\/www.crossprensa.com.ar\/news\/wp-content\/uploads\/2025\/01\/WhatsApp-Image-2025-01-12-at-00.43.41-300x169.jpeg 300w, https:\/\/www.crossprensa.com.ar\/news\/wp-content\/uploads\/2025\/01\/WhatsApp-Image-2025-01-12-at-00.43.41-620x349.jpeg 620w, https:\/\/www.crossprensa.com.ar\/news\/wp-content\/uploads\/2025\/01\/WhatsApp-Image-2025-01-12-at-00.43.41-768x432.jpeg 768w, https:\/\/www.crossprensa.com.ar\/news\/wp-content\/uploads\/2025\/01\/WhatsApp-Image-2025-01-12-at-00.43.41-1024x576.jpeg 1024w\" sizes=\"(max-width: 1366px) 100vw, 1366px\" \/><\/p>\n<p>Adelante, Sexton y Roczen dieron un enorme espect\u00e1culo que hizo poner de pi\u00e9 al p\u00fablico, y desde atr\u00e1s, verlo a Tomac avanzar daba miedo! La forma de manejar, siempre al l\u00edmite volvi\u00f3 a destacar al #3 de Yamaha!<\/p>\n<p>En la \u00faltima vuelta peleando con Barcia, se rob\u00f3 todas las miradas para poder terminar en la 5ta. posici\u00f3n.<\/p>\n<p>Al final, victoria de Chase Sexton con KTM, seguido de Ken Roczen con Suzuki y la 3ra. posici\u00f3n para Jason Anderson con Kawasaki.<\/p>\n<p><img decoding=\"async\" src=\"https:\/\/pbs.twimg.com\/media\/GhEG6GGWkAAmE0-?format=jpg&amp;name=large\" alt=\"Imagen\" \/><\/p>\n","protected":false},"excerpt":{"rendered":"<p>No alcanzar\u00edan las palabras de elogio para lo que hace FELD Entertaiment Inc. con el&#8230;<\/p>\n","protected":false},"author":2,"featured_media":74428,"comment_status":"closed","ping_status":"closed","sticky":false,"template":"","format":"standard","meta":{"om_disable_all_campaigns":false,"_monsterinsights_skip_tracking":false,"_monsterinsights_sitenote_active":false,"_monsterinsights_sitenote_note":"","_monsterinsights_sitenote_category":0,"_uf_show_specific_survey":0,"_uf_disable_surveys":false,"footnotes":""},"categories":[25,30],"tags":[],"class_list":["post-74413","post","type-post","status-publish","format-standard","has-post-thumbnail","hentry","category-ama-motocross","category-ama-supercross"],"aioseo_notices":[],"_links":{"self":[{"href":"https:\/\/www.crossprensa.com.ar\/news\/wp-json\/wp\/v2\/posts\/74413","targetHints":{"allow":["GET"]}}],"collection":[{"href":"https:\/\/www.crossprensa.com.ar\/news\/wp-json\/wp\/v2\/posts"}],"about":[{"href":"https:\/\/www.crossprensa.com.ar\/news\/wp-json\/wp\/v2\/types\/post"}],"author":[{"embeddable":true,"href":"https:\/\/www.crossprensa.com.ar\/news\/wp-json\/wp\/v2\/users\/2"}],"replies":[{"embeddable":true,"href":"https:\/\/www.crossprensa.com.ar\/news\/wp-json\/wp\/v2\/comments?post=74413"}],"version-history":[{"count":1,"href":"https:\/\/www.crossprensa.com.ar\/news\/wp-json\/wp\/v2\/posts\/74413\/revisions"}],"predecessor-version":[{"id":74429,"href":"https:\/\/www.crossprensa.com.ar\/news\/wp-json\/wp\/v2\/posts\/74413\/revisions\/74429"}],"wp:featuredmedia":[{"embeddable":true,"href":"https:\/\/www.crossprensa.com.ar\/news\/wp-json\/wp\/v2\/media\/74428"}],"wp:attachment":[{"href":"https:\/\/www.crossprensa.com.ar\/news\/wp-json\/wp\/v2\/media?parent=74413"}],"wp:term":[{"taxonomy":"category","embeddable":true,"href":"https:\/\/www.crossprensa.com.ar\/news\/wp-json\/wp\/v2\/categories?post=74413"},{"taxonomy":"post_tag","embeddable":true,"href":"https:\/\/www.crossprensa.com.ar\/news\/wp-json\/wp\/v2\/tags?post=74413"}],"curies":[{"name":"wp","href":"https:\/\/api.w.org\/{rel}","templated":true}]}}