{"id":74219,"date":"2025-01-03T11:01:47","date_gmt":"2025-01-03T14:01:47","guid":{"rendered":"https:\/\/www.crossprensa.com.ar\/news\/?p=74219"},"modified":"2025-01-03T11:01:47","modified_gmt":"2025-01-03T14:01:47","slug":"supercross-neuquen-cambio-de-fecha","status":"publish","type":"post","link":"https:\/\/www.crossprensa.com.ar\/news\/supercross-neuquen-cambio-de-fecha\/sx-neuquen\/","title":{"rendered":"SUPERCROSS NEUQU\u00c9N: Cambio de fecha!"},"content":{"rendered":"<p>Con la seriedad que siempre los caracteriza y PENSANDO en los pilotos y la carrera, la comisi\u00f3n directiva del Motocross Club Neuqu\u00e9n, que tiene mucho de su personal de vacaciones y llegar\u00edan muy justo a la fecha con los trabajos, tomaron la acertada decisi\u00f3n de posponer la realizaci\u00f3n de las fechas 3 y 4 del exitoso SX de La Barda.<\/p>\n<p><!--more--><\/p>\n<p><img fetchpriority=\"high\" decoding=\"async\" class=\"alignnone size-full wp-image-74220\" src=\"https:\/\/www.crossprensa.com.ar\/news\/wp-content\/uploads\/2025\/01\/WhatsApp-Image-2025-01-03-at-10.46.51.jpeg\" alt=\"\" width=\"975\" height=\"1426\" srcset=\"https:\/\/www.crossprensa.com.ar\/news\/wp-content\/uploads\/2025\/01\/WhatsApp-Image-2025-01-03-at-10.46.51.jpeg 975w, https:\/\/www.crossprensa.com.ar\/news\/wp-content\/uploads\/2025\/01\/WhatsApp-Image-2025-01-03-at-10.46.51-205x300.jpeg 205w, https:\/\/www.crossprensa.com.ar\/news\/wp-content\/uploads\/2025\/01\/WhatsApp-Image-2025-01-03-at-10.46.51-273x400.jpeg 273w, https:\/\/www.crossprensa.com.ar\/news\/wp-content\/uploads\/2025\/01\/WhatsApp-Image-2025-01-03-at-10.46.51-768x1123.jpeg 768w\" sizes=\"(max-width: 975px) 100vw, 975px\" \/><\/p>\n","protected":false},"excerpt":{"rendered":"<p>Con la seriedad que siempre los caracteriza y PENSANDO en los pilotos y la carrera,&#8230;<\/p>\n","protected":false},"author":2,"featured_media":73983,"comment_status":"closed","ping_status":"closed","sticky":false,"template":"","format":"standard","meta":{"om_disable_all_campaigns":false,"_monsterinsights_skip_tracking":false,"_monsterinsights_sitenote_active":false,"_monsterinsights_sitenote_note":"","_monsterinsights_sitenote_category":0,"_uf_show_specific_survey":0,"_uf_disable_surveys":false,"footnotes":""},"categories":[188],"tags":[],"class_list":["post-74219","post","type-post","status-publish","format-standard","has-post-thumbnail","hentry","category-sx-neuquen"],"aioseo_notices":[],"_links":{"self":[{"href":"https:\/\/www.crossprensa.com.ar\/news\/wp-json\/wp\/v2\/posts\/74219","targetHints":{"allow":["GET"]}}],"collection":[{"href":"https:\/\/www.crossprensa.com.ar\/news\/wp-json\/wp\/v2\/posts"}],"about":[{"href":"https:\/\/www.crossprensa.com.ar\/news\/wp-json\/wp\/v2\/types\/post"}],"author":[{"embeddable":true,"href":"https:\/\/www.crossprensa.com.ar\/news\/wp-json\/wp\/v2\/users\/2"}],"replies":[{"embeddable":true,"href":"https:\/\/www.crossprensa.com.ar\/news\/wp-json\/wp\/v2\/comments?post=74219"}],"version-history":[{"count":1,"href":"https:\/\/www.crossprensa.com.ar\/news\/wp-json\/wp\/v2\/posts\/74219\/revisions"}],"predecessor-version":[{"id":74221,"href":"https:\/\/www.crossprensa.com.ar\/news\/wp-json\/wp\/v2\/posts\/74219\/revisions\/74221"}],"wp:featuredmedia":[{"embeddable":true,"href":"https:\/\/www.crossprensa.com.ar\/news\/wp-json\/wp\/v2\/media\/73983"}],"wp:attachment":[{"href":"https:\/\/www.crossprensa.com.ar\/news\/wp-json\/wp\/v2\/media?parent=74219"}],"wp:term":[{"taxonomy":"category","embeddable":true,"href":"https:\/\/www.crossprensa.com.ar\/news\/wp-json\/wp\/v2\/categories?post=74219"},{"taxonomy":"post_tag","embeddable":true,"href":"https:\/\/www.crossprensa.com.ar\/news\/wp-json\/wp\/v2\/tags?post=74219"}],"curies":[{"name":"wp","href":"https:\/\/api.w.org\/{rel}","templated":true}]}}