{"id":74176,"date":"2024-12-29T09:48:14","date_gmt":"2024-12-29T12:48:14","guid":{"rendered":"https:\/\/www.crossprensa.com.ar\/news\/?p=74176"},"modified":"2024-12-29T09:48:54","modified_gmt":"2024-12-29T12:48:54","slug":"ama-supercross-prado-entrena-y-espera-video","status":"publish","type":"post","link":"https:\/\/www.crossprensa.com.ar\/news\/ama-supercross-prado-entrena-y-espera-video\/ama-motocross\/","title":{"rendered":"AMA SUPERCROSS: Prado entrena y espera&#8230; VIDEO!"},"content":{"rendered":"<p>El 11 de Enero ser\u00e1 una fecha realmente hist\u00f3rica donde un doble campe\u00f3n del mundo de MXGP haga su debut en el AMA SX para una temporada completa. <strong><a href=\"https:\/\/www.instagram.com\/jorgeprado61\/\">Jorge Prado<\/a><\/strong> encara el nuevo desaf\u00edo ahora con Kawasaki para lo que todo el mundo espera sea un a\u00f1o genial para el espa\u00f1ol.<\/p>\n<p>Y si hubo dudas, fueron m\u00e1s creadas por la imaginaci\u00f3n popular que por la realidad&#8230;<\/p>\n<p><!--more--><\/p>\n<p>Se dijeron tantas cosas&#8230; que mejor no recordar nada de eso. Si mostrarles que Jorge entrena, que su KX est\u00e1 lista y que solo resta esperar por la primera clasificaci\u00f3n el 11 de Enero en Anaheim, y que podr\u00e1n ver suscribi\u00e9ndose! O se la van a perder? Click en el banner de abajo.<\/p>\n<p><a href=\"https:\/\/wa.link\/w9zyqg\"><img fetchpriority=\"high\" decoding=\"async\" class=\"alignnone wp-image-74074 size-full\" src=\"https:\/\/www.crossprensa.com.ar\/news\/wp-content\/uploads\/2024\/12\/barra1.png\" alt=\"\" width=\"1201\" height=\"190\" \/><\/a><\/p>\n<p><a href=\"https:\/\/www.instagram.com\/kawasaki.argentina\/\"><img decoding=\"async\" class=\"alignnone wp-image-73927 size-full\" src=\"https:\/\/www.crossprensa.com.ar\/news\/wp-content\/uploads\/2024\/12\/kawa1200x100_animado.gif\" alt=\"\" width=\"1200\" height=\"100\" \/><\/a><\/p>\n<div style=\"width: 640px;\" class=\"wp-video\"><!--[if lt IE 9]><script>document.createElement('video');<\/script><![endif]-->\n<video class=\"wp-video-shortcode\" id=\"video-74176-1\" width=\"640\" height=\"1138\" preload=\"metadata\" controls=\"controls\"><source type=\"video\/mp4\" src=\"https:\/\/www.crossprensa.com.ar\/news\/wp-content\/uploads\/2024\/12\/ssstwitter.com_1735470476338.mp4?_=1\" \/><a href=\"https:\/\/www.crossprensa.com.ar\/news\/wp-content\/uploads\/2024\/12\/ssstwitter.com_1735470476338.mp4\">https:\/\/www.crossprensa.com.ar\/news\/wp-content\/uploads\/2024\/12\/ssstwitter.com_1735470476338.mp4<\/a><\/video><\/div>\n","protected":false},"excerpt":{"rendered":"<p>El 11 de Enero ser\u00e1 una fecha realmente hist\u00f3rica donde un doble campe\u00f3n del mundo&#8230;<\/p>\n","protected":false},"author":2,"featured_media":74177,"comment_status":"closed","ping_status":"closed","sticky":false,"template":"","format":"standard","meta":{"om_disable_all_campaigns":false,"_monsterinsights_skip_tracking":false,"_monsterinsights_sitenote_active":false,"_monsterinsights_sitenote_note":"","_monsterinsights_sitenote_category":0,"_uf_show_specific_survey":0,"_uf_disable_surveys":false,"footnotes":""},"categories":[25,30],"tags":[],"class_list":["post-74176","post","type-post","status-publish","format-standard","has-post-thumbnail","hentry","category-ama-motocross","category-ama-supercross"],"aioseo_notices":[],"_links":{"self":[{"href":"https:\/\/www.crossprensa.com.ar\/news\/wp-json\/wp\/v2\/posts\/74176","targetHints":{"allow":["GET"]}}],"collection":[{"href":"https:\/\/www.crossprensa.com.ar\/news\/wp-json\/wp\/v2\/posts"}],"about":[{"href":"https:\/\/www.crossprensa.com.ar\/news\/wp-json\/wp\/v2\/types\/post"}],"author":[{"embeddable":true,"href":"https:\/\/www.crossprensa.com.ar\/news\/wp-json\/wp\/v2\/users\/2"}],"replies":[{"embeddable":true,"href":"https:\/\/www.crossprensa.com.ar\/news\/wp-json\/wp\/v2\/comments?post=74176"}],"version-history":[{"count":2,"href":"https:\/\/www.crossprensa.com.ar\/news\/wp-json\/wp\/v2\/posts\/74176\/revisions"}],"predecessor-version":[{"id":74180,"href":"https:\/\/www.crossprensa.com.ar\/news\/wp-json\/wp\/v2\/posts\/74176\/revisions\/74180"}],"wp:featuredmedia":[{"embeddable":true,"href":"https:\/\/www.crossprensa.com.ar\/news\/wp-json\/wp\/v2\/media\/74177"}],"wp:attachment":[{"href":"https:\/\/www.crossprensa.com.ar\/news\/wp-json\/wp\/v2\/media?parent=74176"}],"wp:term":[{"taxonomy":"category","embeddable":true,"href":"https:\/\/www.crossprensa.com.ar\/news\/wp-json\/wp\/v2\/categories?post=74176"},{"taxonomy":"post_tag","embeddable":true,"href":"https:\/\/www.crossprensa.com.ar\/news\/wp-json\/wp\/v2\/tags?post=74176"}],"curies":[{"name":"wp","href":"https:\/\/api.w.org\/{rel}","templated":true}]}}