{"id":74043,"date":"2024-12-18T08:02:42","date_gmt":"2024-12-18T11:02:42","guid":{"rendered":"https:\/\/www.crossprensa.com.ar\/news\/?p=74043"},"modified":"2024-12-18T08:02:42","modified_gmt":"2024-12-18T11:02:42","slug":"ktm-todo-listo-para-el-dakar","status":"publish","type":"post","link":"https:\/\/www.crossprensa.com.ar\/news\/ktm-todo-listo-para-el-dakar\/dakar\/","title":{"rendered":"KTM: Todo listo para el Dakar!"},"content":{"rendered":"<p>El equipo de tres hombres de Red Bull KTM Factory Racing,\u00a0<a title=\"https:\/\/www.ktm.com\/racing\/our-heroes\/kevin-benavides.html\" href=\"https:\/\/www.ktm.com\/racing\/our-heroes\/kevin-benavides.html\" target=\"_blank\" rel=\"nofollow noopener noreferrer\" data-auth=\"NotApplicable\" data-linkindex=\"0\">Kevin Benavides<\/a>,\u00a0<a title=\"https:\/\/www.ktm.com\/racing\/our-heroes\/luciano-benavides.html\" href=\"https:\/\/www.ktm.com\/racing\/our-heroes\/luciano-benavides.html\" target=\"_blank\" rel=\"nofollow noopener noreferrer\" data-auth=\"NotApplicable\" data-linkindex=\"1\">Luciano Benavides<\/a>\u00a0y\u00a0<a title=\"https:\/\/www.ktm.com\/racing\/our-heroes\/daniel-sanders.html\" href=\"https:\/\/www.ktm.com\/racing\/our-heroes\/daniel-sanders.html\" target=\"_blank\" rel=\"nofollow noopener noreferrer\" data-auth=\"NotApplicable\" data-linkindex=\"2\">Daniel Sanders<\/a>\u00a0, est\u00e1 listo para enfrentarse al Rally Dakar 2025 en la clase RallyGP. Despu\u00e9s de un s\u00f3lido programa de pruebas y entrenamiento, el experimentado tr\u00edo est\u00e1 ansioso por salir adelante en el rally-raid m\u00e1s duro del mundo.<\/p>\n<p><!--more--><\/p>\n<p>A partir del 3 de enero, el evento comenzar\u00e1 con un breve pr\u00f3logo, despu\u00e9s del cual los competidores se enfrentar\u00e1n a 12 etapas que abarcan casi 8.000 km a trav\u00e9s de Arabia Saudita.<\/p>\n<p><img fetchpriority=\"high\" decoding=\"async\" class=\"alignnone size-full wp-image-73943\" src=\"https:\/\/www.crossprensa.com.ar\/news\/wp-content\/uploads\/2024\/12\/ktm.jpg\" alt=\"\" width=\"1598\" height=\"174\" \/>Mira la previa del Red Bull KTM Factory Racing Dakar Rally en YouTube aqu\u00ed.<br \/>\nDe cara a la edici\u00f3n de 2025 como bicampe\u00f3n del Dakar, Kevin Benavides est\u00e1 totalmente centrado en el \u00e9xito. El argentino soport\u00f3 una temporada 2024 dif\u00edcil, con lesiones que lo dejaron fuera de la competencia durante la mayor parte del a\u00f1o. Sin embargo, despu\u00e9s de un intenso programa de entrenamiento y recuperaci\u00f3n, Kevin aspira a estar lo m\u00e1s en forma posible para el pr\u00f3ximo Dakar, ya que espera conseguir una tercera victoria en el ic\u00f3nico evento.<\/p>\n<p>Kevin Benavides: &#8220;Mi preparaci\u00f3n y entrenamiento han sido muy positivos, ya que he pasado mucho tiempo en el gimnasio y en el ciclismo y tambi\u00e9n he priorizado la recuperaci\u00f3n. Combinar eso con el tiempo en mi bicicleta ha funcionado bien, \u00a1y me siento listo para comenzar! De cara al Dakar, no tengo muchas expectativas porque me gusta sorprenderme cada d\u00eda, pero la lucha por ganar ahora es mayor que nunca, eso es seguro. Dar\u00e9 el 100% todos los d\u00edas y ver\u00e9 a d\u00f3nde vamos a partir de ah\u00ed. En los \u00faltimos dos a\u00f1os he aprendido la importancia de mantenerme en forma y pilotar de forma inteligente para evitar lesiones, porque quiero seguir haciendo lo que me gusta el mayor tiempo posible. Estoy muy emocionado de correr con este incre\u00edble equipo y gente, especialmente junto a Luciano, \u00a1y no puedo esperar para comenzar en enero!&#8221;<\/p>\n<p>Reci\u00e9n salido de un s\u00f3lido tercer puesto en el Rallye de Marruecos, su primera salida a pilotaje de la KTM 450 RALLY, Luciano Benavides est\u00e1 entusiasmado y listo para afrontar el Rally Dakar 2025. A pesar de sufrir una lesi\u00f3n en la pierna en junio, Luciano ha trabajado duro para recuperarse y prepararse para el Dakar lo mejor posible. Como Campe\u00f3n del Mundo FIM de Rally-Raid 2023 y ganador de m\u00faltiples etapas del Dakar, el argentino tiene una gran experiencia a la que recurrir para lograr su objetivo de terminar en el escal\u00f3n m\u00e1s alto del podio.<\/p>\n<p>Luciano Benavides: &#8220;Las pruebas han ido muy bien, \u00a1y me siento preparado para la grande! He estado muy ocupado prepar\u00e1ndome y entrenando para el Dakar con mucho tiempo en bicicleta en el desierto en Argentina, Chile y Am\u00e9rica, as\u00ed como mucho ciclismo. Mi primer objetivo para este Dakar es llegar sinti\u00e9ndome al 100%, porque entonces s\u00e9 que puedo rendir al m\u00e1ximo. Es una carrera larga, as\u00ed que tenemos que ir d\u00eda a d\u00eda, pero quiero ser competitivo en todo momento. Por mi experiencia en Dakar anteriores, s\u00e9 que hay que ser capaz de recuperarse de los d\u00edas malos, mantener la concentraci\u00f3n y recordar el objetivo final, que es ganar. De cara al Dakar 2025, me siento muy bien y he trabajado mucho tanto mental como f\u00edsicamente para estar preparado. Va a ser una gran carrera, y no puedo esperar a llegar a Arabia Saudita y empezar&#8221;.<\/p>\n<p><img decoding=\"async\" class=\"size-full wp-image-74044 aligncenter\" src=\"https:\/\/www.crossprensa.com.ar\/news\/wp-content\/uploads\/2024\/12\/2024-09-29-KTM-DAKAR-1335.jpg\" alt=\"\" width=\"640\" height=\"427\" srcset=\"https:\/\/www.crossprensa.com.ar\/news\/wp-content\/uploads\/2024\/12\/2024-09-29-KTM-DAKAR-1335.jpg 640w, https:\/\/www.crossprensa.com.ar\/news\/wp-content\/uploads\/2024\/12\/2024-09-29-KTM-DAKAR-1335-300x200.jpg 300w, https:\/\/www.crossprensa.com.ar\/news\/wp-content\/uploads\/2024\/12\/2024-09-29-KTM-DAKAR-1335-600x400.jpg 600w\" sizes=\"(max-width: 640px) 100vw, 640px\" \/><\/p>\n<p>Animado por su reciente victoria en el Rally de Marruecos, Daniel Sanders est\u00e1 dispuesto a llevar su impulso al Rally Dakar 2025. Como ganador de etapa en Dakar anteriores, el australiano est\u00e1 decidido a empujar duro desde el principio. Despu\u00e9s de haber terminado octavo en la \u00faltima edici\u00f3n, Daniel est\u00e1 centrado en mejorar su buen estado de forma y lograr un gran resultado en Arabia Saud\u00ed en enero.<\/p>\n<p>Daniel Sanders: &#8220;Tuvimos un gran entrenamiento como equipo en Estados Unidos, con mucho trabajo de roadbook en un terreno bastante exigente para prepararnos para el Dakar. Me siento a\u00fan m\u00e1s c\u00f3modo sobre la moto desde Marruecos, y f\u00edsicamente tambi\u00e9n me siento en forma y fuerte. El equipo ha trabajado muy duro para que la moto est\u00e9 completamente ajustada y he pasado muchas horas prob\u00e1ndola y asegur\u00e1ndome de que est\u00e9 perfecta. Creo que tengo muchas posibilidades de subir al podio este a\u00f1o en el Dakar, pero, por supuesto, hay que ir d\u00eda a d\u00eda. La primera semana se presenta dura y bastante intensa tanto con la etapa cronol\u00f3gica como con la marat\u00f3n, pero tengo muchas ganas. Estoy m\u00e1s decidido que nunca a volver a poner a KTM en lo m\u00e1s alto, por lo que mi victoria en Marruecos fue un gran impulso de confianza en ese sentido. \u00a1No puedo esperar a llegar a Arabia Saudita y comenzar el nuevo a\u00f1o con una explosi\u00f3n!&#8221;<\/p>\n<p>En su 47\u00aa edici\u00f3n, el Rally Dakar de este a\u00f1o se celebrar\u00e1 en Oriente Medio por sexto a\u00f1o consecutivo. Con salida el 3 de enero desde Bisha, los corredores se enfrentar\u00e1n a un pr\u00f3logo corto y cronometrado, que marcar\u00e1 la pauta de las siguientes 12 etapas en el desierto de Arabia Saudita. Los competidores recorrer\u00e1n casi 8.000 km, con 5.000 km contra el reloj en etapas especiales cronometradas. En un giro emocionante para 2025, la carrera contar\u00e1 con la agotadora etapa cronol\u00f3gica de 48 horas en los d\u00edas dos y tres, seguida casi instant\u00e1neamente por la etapa marat\u00f3n, dejando a los competidores poco tiempo para recuperar el aliento. Un d\u00eda de descanso en Ha&#8217;il el 10 de enero ser\u00e1 bienvenido por todos, con siete etapas a trav\u00e9s del Empty Quarter que se interpondr\u00e1n entre los corredores y la llegada a Shubaytah el 17 de enero.<\/p>\n<p>Andreas H\u00f6lzl \u2013 Director del equipo de rallyes: &#8220;\u00a1Ahora estamos listos para correr el Dakar 2025! Tenemos un equipo muy fuerte, especialmente despu\u00e9s de la victoria de Daniel en Marruecos, que demostr\u00f3 que tenemos lo que se necesita para volver al podio. Daniel y Luciano han estado entrenando duro y est\u00e1n s\u00faper motivados, y Kevin es un luchador, as\u00ed que aunque ser\u00e1 dif\u00edcil, tenemos toda la fe en que los tres pueden rendir. \u00a1No podemos esperar para comenzar!&#8221;<\/p>\n","protected":false},"excerpt":{"rendered":"<p>El equipo de tres hombres de Red Bull KTM Factory Racing,\u00a0Kevin Benavides,\u00a0Luciano Benavides\u00a0y\u00a0Daniel Sanders\u00a0, est\u00e1&#8230;<\/p>\n","protected":false},"author":2,"featured_media":74045,"comment_status":"closed","ping_status":"closed","sticky":false,"template":"","format":"standard","meta":{"om_disable_all_campaigns":false,"_monsterinsights_skip_tracking":false,"_monsterinsights_sitenote_active":false,"_monsterinsights_sitenote_note":"","_monsterinsights_sitenote_category":0,"_uf_show_specific_survey":0,"_uf_disable_surveys":false,"footnotes":""},"categories":[11],"tags":[],"class_list":["post-74043","post","type-post","status-publish","format-standard","has-post-thumbnail","hentry","category-dakar"],"aioseo_notices":[],"_links":{"self":[{"href":"https:\/\/www.crossprensa.com.ar\/news\/wp-json\/wp\/v2\/posts\/74043","targetHints":{"allow":["GET"]}}],"collection":[{"href":"https:\/\/www.crossprensa.com.ar\/news\/wp-json\/wp\/v2\/posts"}],"about":[{"href":"https:\/\/www.crossprensa.com.ar\/news\/wp-json\/wp\/v2\/types\/post"}],"author":[{"embeddable":true,"href":"https:\/\/www.crossprensa.com.ar\/news\/wp-json\/wp\/v2\/users\/2"}],"replies":[{"embeddable":true,"href":"https:\/\/www.crossprensa.com.ar\/news\/wp-json\/wp\/v2\/comments?post=74043"}],"version-history":[{"count":1,"href":"https:\/\/www.crossprensa.com.ar\/news\/wp-json\/wp\/v2\/posts\/74043\/revisions"}],"predecessor-version":[{"id":74046,"href":"https:\/\/www.crossprensa.com.ar\/news\/wp-json\/wp\/v2\/posts\/74043\/revisions\/74046"}],"wp:featuredmedia":[{"embeddable":true,"href":"https:\/\/www.crossprensa.com.ar\/news\/wp-json\/wp\/v2\/media\/74045"}],"wp:attachment":[{"href":"https:\/\/www.crossprensa.com.ar\/news\/wp-json\/wp\/v2\/media?parent=74043"}],"wp:term":[{"taxonomy":"category","embeddable":true,"href":"https:\/\/www.crossprensa.com.ar\/news\/wp-json\/wp\/v2\/categories?post=74043"},{"taxonomy":"post_tag","embeddable":true,"href":"https:\/\/www.crossprensa.com.ar\/news\/wp-json\/wp\/v2\/tags?post=74043"}],"curies":[{"name":"wp","href":"https:\/\/api.w.org\/{rel}","templated":true}]}}