{"id":73919,"date":"2024-12-12T06:16:08","date_gmt":"2024-12-12T09:16:08","guid":{"rendered":"https:\/\/www.crossprensa.com.ar\/news\/?p=73919"},"modified":"2024-12-12T07:13:36","modified_gmt":"2024-12-12T10:13:36","slug":"ama-sx-husqvarna-renueva-la-fuerza","status":"publish","type":"post","link":"https:\/\/www.crossprensa.com.ar\/news\/ama-sx-husqvarna-renueva-la-fuerza\/ama-motocross\/","title":{"rendered":"AMA SX: HUSQVARNA renueva la fuerza!"},"content":{"rendered":"<p>Rockstar Energy Husqvarna Factory Racing gana fuerza de cara al SMX 2025, ya que vuelve a contar con el efectivo y veloz Malcolm Stewart y RJ Hampshire, ambos encabezan el equipo de dos pilotos para la pr\u00f3xima temporada de SMX&#8230;!<\/p>\n<p><!--more--><\/p>\n<p>Rockstar Energy Husqvarna Factory Racing est\u00e1 adoptando un enfoque centrado para la temporada 2025, ingresando al Campeonato Mundial de SuperMotocross (SMX) con un equipo estelar de dos pilotos que incluye al pilotazo de la clase 450 Malcolm Stewart\u00a0y al campe\u00f3n del oeste de 250SX\u00a0RJ Hampshire\u00a0.<\/p>\n<p>Durante la pr\u00f3xima temporada, Stewart volver\u00e1 a estar a bordo de la Husqvarna FC 450 Factory Edition a tiempo completo. Hampshire saldr\u00e1 a defender su corona de 250SX en la Regi\u00f3n Occidental, equipado con la Husqvarna FC 250 Factory Edition. Ambos son representantes de larga data de Rockstar Energy Husqvarna y esta combinaci\u00f3n de dos pilotos, probada en carreras, prepara el terreno para un emocionante 2025.<\/p>\n<p><img fetchpriority=\"high\" decoding=\"async\" class=\"alignnone size-full wp-image-73938\" src=\"https:\/\/www.crossprensa.com.ar\/news\/wp-content\/uploads\/2024\/12\/husqvarnasportadventure.jpeg\" alt=\"\" width=\"1283\" height=\"109\" \/><\/p>\n<p>Stewart demostr\u00f3 una notable capacidad de recuperaci\u00f3n en 2024, y logr\u00f3 un exitoso regreso tras una lesi\u00f3n mientras ganaba impulso durante las categor\u00edas 450SX, 450MX y 450SMX. Su consistencia lo llev\u00f3 al d\u00e9cimo puesto en la clasificaci\u00f3n final de Supercross, al sexto puesto en la categor\u00eda al aire libre y al 16\u00ba puesto en la clasificaci\u00f3n general de SMX despu\u00e9s de la temporada. Ahora, el experimentado piloto de 32 a\u00f1os est\u00e1 motivado para cambiar de marcha de cara a Anaheim 1.<\/p>\n<p>\u201cLa temporada 2025 se siente como un nuevo comienzo\u201d, dijo Stewart. \u201cHa sido una pretemporada realmente productiva hasta ahora, todo est\u00e1 saliendo bien y vengo de una gran experiencia en el Supercross de Par\u00eds el mes pasado. Estoy trabajando con un equipo incre\u00edble a mi alrededor y estoy listo para comenzar el a\u00f1o con fuerza en A1\u201d.<\/p>\n<p><img decoding=\"async\" class=\"alignnone size-full wp-image-73921\" src=\"https:\/\/www.crossprensa.com.ar\/news\/wp-content\/uploads\/2024\/12\/WhatsApp-Image-2024-12-12-at-06.02.48.jpeg\" alt=\"\" width=\"975\" height=\"650\" srcset=\"https:\/\/www.crossprensa.com.ar\/news\/wp-content\/uploads\/2024\/12\/WhatsApp-Image-2024-12-12-at-06.02.48.jpeg 975w, https:\/\/www.crossprensa.com.ar\/news\/wp-content\/uploads\/2024\/12\/WhatsApp-Image-2024-12-12-at-06.02.48-300x200.jpeg 300w, https:\/\/www.crossprensa.com.ar\/news\/wp-content\/uploads\/2024\/12\/WhatsApp-Image-2024-12-12-at-06.02.48-600x400.jpeg 600w, https:\/\/www.crossprensa.com.ar\/news\/wp-content\/uploads\/2024\/12\/WhatsApp-Image-2024-12-12-at-06.02.48-768x512.jpeg 768w\" sizes=\"(max-width: 975px) 100vw, 975px\" \/><\/p>\n<p>Despu\u00e9s de ganar el Campeonato 250SX West en AMA Supercross la temporada pasada, Hampshire tiene la mira puesta en defender su n\u00famero 1, antes de hacer la transici\u00f3n a la Clase 450 para todo el Campeonato Pro Motocross y luego al SMX. Si bien una lesi\u00f3n reciente interrumpi\u00f3 sus preparativos, Hampshire sigue decidido a triunfar en 2025.<\/p>\n<p>\u201cHace unas semanas me operaron un poco la mu\u00f1eca, lo que supuso un peque\u00f1o rev\u00e9s, pero me mantengo optimista\u201d, afirm\u00f3 Hampshire. \u201cMi objetivo sigue siendo defender mi t\u00edtulo. Estableceremos un plan claro para la temporada en las pr\u00f3ximas semanas y tengo muchas ganas de volver a la pista\u201d.<\/p>\n<p><iframe title=\"Back for 2025! Husqvarna Factory Racing SuperMotocross | Husqvarna Motorcycles\" width=\"640\" height=\"360\" src=\"https:\/\/www.youtube.com\/embed\/7dBTQLp-hV4?feature=oembed\" frameborder=\"0\" allow=\"accelerometer; autoplay; clipboard-write; encrypted-media; gyroscope; picture-in-picture; web-share\" referrerpolicy=\"strict-origin-when-cross-origin\" allowfullscreen><\/iframe><\/p>\n","protected":false},"excerpt":{"rendered":"<p>Rockstar Energy Husqvarna Factory Racing gana fuerza de cara al SMX 2025, ya que vuelve&#8230;<\/p>\n","protected":false},"author":2,"featured_media":73920,"comment_status":"closed","ping_status":"closed","sticky":false,"template":"","format":"standard","meta":{"om_disable_all_campaigns":false,"_monsterinsights_skip_tracking":false,"_monsterinsights_sitenote_active":false,"_monsterinsights_sitenote_note":"","_monsterinsights_sitenote_category":0,"_uf_show_specific_survey":0,"_uf_disable_surveys":false,"footnotes":""},"categories":[25,30],"tags":[],"class_list":["post-73919","post","type-post","status-publish","format-standard","has-post-thumbnail","hentry","category-ama-motocross","category-ama-supercross"],"aioseo_notices":[],"_links":{"self":[{"href":"https:\/\/www.crossprensa.com.ar\/news\/wp-json\/wp\/v2\/posts\/73919","targetHints":{"allow":["GET"]}}],"collection":[{"href":"https:\/\/www.crossprensa.com.ar\/news\/wp-json\/wp\/v2\/posts"}],"about":[{"href":"https:\/\/www.crossprensa.com.ar\/news\/wp-json\/wp\/v2\/types\/post"}],"author":[{"embeddable":true,"href":"https:\/\/www.crossprensa.com.ar\/news\/wp-json\/wp\/v2\/users\/2"}],"replies":[{"embeddable":true,"href":"https:\/\/www.crossprensa.com.ar\/news\/wp-json\/wp\/v2\/comments?post=73919"}],"version-history":[{"count":2,"href":"https:\/\/www.crossprensa.com.ar\/news\/wp-json\/wp\/v2\/posts\/73919\/revisions"}],"predecessor-version":[{"id":73952,"href":"https:\/\/www.crossprensa.com.ar\/news\/wp-json\/wp\/v2\/posts\/73919\/revisions\/73952"}],"wp:featuredmedia":[{"embeddable":true,"href":"https:\/\/www.crossprensa.com.ar\/news\/wp-json\/wp\/v2\/media\/73920"}],"wp:attachment":[{"href":"https:\/\/www.crossprensa.com.ar\/news\/wp-json\/wp\/v2\/media?parent=73919"}],"wp:term":[{"taxonomy":"category","embeddable":true,"href":"https:\/\/www.crossprensa.com.ar\/news\/wp-json\/wp\/v2\/categories?post=73919"},{"taxonomy":"post_tag","embeddable":true,"href":"https:\/\/www.crossprensa.com.ar\/news\/wp-json\/wp\/v2\/tags?post=73919"}],"curies":[{"name":"wp","href":"https:\/\/api.w.org\/{rel}","templated":true}]}}