{"id":7380,"date":"2014-12-18T18:03:19","date_gmt":"2014-12-18T21:03:19","guid":{"rendered":"http:\/\/www.crossprensa.com.ar\/news\/?p=7380"},"modified":"2014-12-18T18:03:19","modified_gmt":"2014-12-18T21:03:19","slug":"broc-tickle-sera-el-companero-de-roczen","status":"publish","type":"post","link":"https:\/\/www.crossprensa.com.ar\/news\/broc-tickle-sera-el-companero-de-roczen\/mx\/","title":{"rendered":"Broc Tickle ser\u00e1 el compa\u00f1ero de Roczen."},"content":{"rendered":"<p>Se acaba de confirmar que Broc Tickle ser\u00e1 parte del team Suzuki RCH, haciendo su debut en Anaheim 1 el 3 de Enero. Tickle hab\u00eda estado inactivo desde que sufriera una fractura en su espalda en los entrenamientos del SX de Toronto.<\/p>\n<p><!--more--><\/p>\n<p style=\"text-align: justify;\">RCH Factory Racing ha vuelto a firmar con Broc Tickle para subirse a la segunda Suzuki RM-Z450 al lado de Ken Roczen en 2015 para el Supercross y el Motocross de la AMA.\u00a0Tickle, de 25 a\u00f1os, se mostr\u00f3 como una gran promesa a bordo de la moto No. 20 del equipo en 2013 y la temporada pasada hasta haber sido marginado en marzo tras un accidente en Toronto Supercross donde sufri\u00f3 fracturas de las v\u00e9rtebras T-6 y T-7, dos costillas rotas y un pulm\u00f3n colapsado.<\/p>\n<p style=\"text-align: justify;\">Desde entonces, el piloto de Michigan se ha recuperado totalmente de sus lesiones, por lo que es una decisi\u00f3n f\u00e1cil para los due\u00f1os del equipo Carey Hart y Ricky Carmichael incluir a Tickle como parte de su equipo 2015, dando RCH un potente golpe uno-dos de cara al pr\u00f3ximo mes cuando comience una nueva temporada en Anaheim (Calif.)<\/p>\n<p style=\"text-align: justify;\">\n<p style=\"text-align: justify;\"><a href=\"http:\/\/www.crossprensa.com.ar\/news\/wp-content\/uploads\/2014\/12\/zzzzzz23207_n2.jpg\"><img fetchpriority=\"high\" decoding=\"async\" class=\"aligncenter size-full wp-image-7382\" src=\"http:\/\/www.crossprensa.com.ar\/news\/wp-content\/uploads\/2014\/12\/zzzzzz23207_n2.jpg\" alt=\"zzzzzz23207_n\" width=\"600\" height=\"400\" \/><\/a><\/p>\n","protected":false},"excerpt":{"rendered":"<p>Se acaba de confirmar que Broc Tickle ser\u00e1 parte del team Suzuki RCH, haciendo su&#8230;<\/p>\n","protected":false},"author":2,"featured_media":0,"comment_status":"open","ping_status":"open","sticky":false,"template":"","format":"standard","meta":{"om_disable_all_campaigns":false,"_monsterinsights_skip_tracking":false,"_monsterinsights_sitenote_active":false,"_monsterinsights_sitenote_note":"","_monsterinsights_sitenote_category":0,"_uf_show_specific_survey":0,"_uf_disable_surveys":false,"footnotes":""},"categories":[7,8],"tags":[6],"class_list":["post-7380","post","type-post","status-publish","format-standard","hentry","category-mx","category-sx","tag-text"],"aioseo_notices":[],"_links":{"self":[{"href":"https:\/\/www.crossprensa.com.ar\/news\/wp-json\/wp\/v2\/posts\/7380","targetHints":{"allow":["GET"]}}],"collection":[{"href":"https:\/\/www.crossprensa.com.ar\/news\/wp-json\/wp\/v2\/posts"}],"about":[{"href":"https:\/\/www.crossprensa.com.ar\/news\/wp-json\/wp\/v2\/types\/post"}],"author":[{"embeddable":true,"href":"https:\/\/www.crossprensa.com.ar\/news\/wp-json\/wp\/v2\/users\/2"}],"replies":[{"embeddable":true,"href":"https:\/\/www.crossprensa.com.ar\/news\/wp-json\/wp\/v2\/comments?post=7380"}],"version-history":[{"count":1,"href":"https:\/\/www.crossprensa.com.ar\/news\/wp-json\/wp\/v2\/posts\/7380\/revisions"}],"predecessor-version":[{"id":7383,"href":"https:\/\/www.crossprensa.com.ar\/news\/wp-json\/wp\/v2\/posts\/7380\/revisions\/7383"}],"wp:attachment":[{"href":"https:\/\/www.crossprensa.com.ar\/news\/wp-json\/wp\/v2\/media?parent=7380"}],"wp:term":[{"taxonomy":"category","embeddable":true,"href":"https:\/\/www.crossprensa.com.ar\/news\/wp-json\/wp\/v2\/categories?post=7380"},{"taxonomy":"post_tag","embeddable":true,"href":"https:\/\/www.crossprensa.com.ar\/news\/wp-json\/wp\/v2\/tags?post=7380"}],"curies":[{"name":"wp","href":"https:\/\/api.w.org\/{rel}","templated":true}]}}