{"id":73776,"date":"2024-11-29T14:49:20","date_gmt":"2024-11-29T17:49:20","guid":{"rendered":"https:\/\/www.crossprensa.com.ar\/news\/?p=73776"},"modified":"2024-11-29T15:15:37","modified_gmt":"2024-11-29T18:15:37","slug":"mxgp-2025-laengenfelder-cambia-de-numero","status":"publish","type":"post","link":"https:\/\/www.crossprensa.com.ar\/news\/mxgp-2025-laengenfelder-cambia-de-numero\/mxgp-argentina\/","title":{"rendered":"MXGP 2025: LAENGENFELDER CAMBIA DE N\u00daMERO."},"content":{"rendered":"<p>El piloto alem\u00e1n al que vimos brillar en MX2 con GasGas, este a\u00f1o sigue dentro del mundial pero con KTM. Y adem\u00e1s de dejar la marca que lo vi\u00f3 colocarse entre los mejores del mundo, tambi\u00e9n cambiar\u00e1 de color de moto obviamente. Y que n\u00famero eligi\u00f3? el del d\u00eda de su cumplea\u00f1os!<\/p>\n<p><!--more--><\/p>\n<p>Nos hemos acostumbrado a que L\u00e4ngenfelder tenga el n\u00famero 516, pero para 2025 ha hecho el cambio al n\u00famero 27, que es el d\u00eda de su cumplea\u00f1os y as\u00ed lo veremos <a href=\"https:\/\/www.paseshow.com.ar\/eventos\/mxgp-cordoba-marzo-2025\"><strong>1 y 2 de Marzo en C\u00f3rdoba, en el circuito del Infinito Open para la apertura del campeonato.\u00a0<\/strong><\/a><\/p>\n<p>El equipo De Carli Racing mantendr\u00e1 al alem\u00e1n mientras persigue un t\u00edtulo mundial de MX2 con \u00e9l en la carpa, pero ha cambiado de GasGas por KTM.<\/p>\n<p>\u201cDespu\u00e9s de cinco a\u00f1os con una GasGas, estoy emocionado por comenzar este nuevo cap\u00edtulo con la moto naranja, pero como pod\u00e9is ver, este no es el \u00fanico cambio. Tambi\u00e9n mi n\u00famero ha cambiado a 27 porque mi cumplea\u00f1os es el 27 de marzo. He hecho un gran cambio para el a\u00f1o que viene, la moto y el n\u00famero. Pero estoy emocionado y s\u00faper feliz de empezar esta preparaci\u00f3n invernal, no puedo esperar a ir a las carreras ya\u201d, afirm\u00f3 L\u00e4ngenfelder en las redes sociales.<\/p>\n<p><img fetchpriority=\"high\" decoding=\"async\" class=\"alignnone size-full wp-image-73778\" src=\"https:\/\/www.crossprensa.com.ar\/news\/wp-content\/uploads\/2024\/11\/WhatsApp-Image-2024-11-29-at-14.10.55.jpeg\" alt=\"\" width=\"898\" height=\"676\" srcset=\"https:\/\/www.crossprensa.com.ar\/news\/wp-content\/uploads\/2024\/11\/WhatsApp-Image-2024-11-29-at-14.10.55.jpeg 898w, https:\/\/www.crossprensa.com.ar\/news\/wp-content\/uploads\/2024\/11\/WhatsApp-Image-2024-11-29-at-14.10.55-300x226.jpeg 300w, https:\/\/www.crossprensa.com.ar\/news\/wp-content\/uploads\/2024\/11\/WhatsApp-Image-2024-11-29-at-14.10.55-531x400.jpeg 531w, https:\/\/www.crossprensa.com.ar\/news\/wp-content\/uploads\/2024\/11\/WhatsApp-Image-2024-11-29-at-14.10.55-768x578.jpeg 768w\" sizes=\"(max-width: 898px) 100vw, 898px\" \/><\/p>\n","protected":false},"excerpt":{"rendered":"<p>El piloto alem\u00e1n al que vimos brillar en MX2 con GasGas, este a\u00f1o sigue dentro&#8230;<\/p>\n","protected":false},"author":2,"featured_media":73777,"comment_status":"closed","ping_status":"closed","sticky":false,"template":"","format":"standard","meta":{"om_disable_all_campaigns":false,"_monsterinsights_skip_tracking":false,"_monsterinsights_sitenote_active":false,"_monsterinsights_sitenote_note":"","_monsterinsights_sitenote_category":0,"_uf_show_specific_survey":0,"_uf_disable_surveys":false,"footnotes":""},"categories":[115],"tags":[],"class_list":["post-73776","post","type-post","status-publish","format-standard","has-post-thumbnail","hentry","category-mxgp-argentina"],"aioseo_notices":[],"_links":{"self":[{"href":"https:\/\/www.crossprensa.com.ar\/news\/wp-json\/wp\/v2\/posts\/73776","targetHints":{"allow":["GET"]}}],"collection":[{"href":"https:\/\/www.crossprensa.com.ar\/news\/wp-json\/wp\/v2\/posts"}],"about":[{"href":"https:\/\/www.crossprensa.com.ar\/news\/wp-json\/wp\/v2\/types\/post"}],"author":[{"embeddable":true,"href":"https:\/\/www.crossprensa.com.ar\/news\/wp-json\/wp\/v2\/users\/2"}],"replies":[{"embeddable":true,"href":"https:\/\/www.crossprensa.com.ar\/news\/wp-json\/wp\/v2\/comments?post=73776"}],"version-history":[{"count":3,"href":"https:\/\/www.crossprensa.com.ar\/news\/wp-json\/wp\/v2\/posts\/73776\/revisions"}],"predecessor-version":[{"id":73781,"href":"https:\/\/www.crossprensa.com.ar\/news\/wp-json\/wp\/v2\/posts\/73776\/revisions\/73781"}],"wp:featuredmedia":[{"embeddable":true,"href":"https:\/\/www.crossprensa.com.ar\/news\/wp-json\/wp\/v2\/media\/73777"}],"wp:attachment":[{"href":"https:\/\/www.crossprensa.com.ar\/news\/wp-json\/wp\/v2\/media?parent=73776"}],"wp:term":[{"taxonomy":"category","embeddable":true,"href":"https:\/\/www.crossprensa.com.ar\/news\/wp-json\/wp\/v2\/categories?post=73776"},{"taxonomy":"post_tag","embeddable":true,"href":"https:\/\/www.crossprensa.com.ar\/news\/wp-json\/wp\/v2\/tags?post=73776"}],"curies":[{"name":"wp","href":"https:\/\/api.w.org\/{rel}","templated":true}]}}