{"id":73758,"date":"2024-11-29T08:42:23","date_gmt":"2024-11-29T11:42:23","guid":{"rendered":"https:\/\/www.crossprensa.com.ar\/news\/?p=73758"},"modified":"2024-11-29T08:45:08","modified_gmt":"2024-11-29T11:45:08","slug":"mxgp-crossprensa-vuelve-a-ser-medio-oficial-de-difusion","status":"publish","type":"post","link":"https:\/\/www.crossprensa.com.ar\/news\/mxgp-crossprensa-vuelve-a-ser-medio-oficial-de-difusion\/crossprensa\/","title":{"rendered":"MXGP: CROSSPRENSA VUELVE A SER MEDIO OFICIAL DE DIFUSI\u00d3N"},"content":{"rendered":"<p>15 a\u00f1os pasaron desde aquel 2010 cuando con Crossprensa comenzamos a transitar un Mundial que ten\u00eda otro nombre, otros promotores y ya ven\u00edamos siguiendo desde 1985. Cuando Dar\u00edo Arco se fue a correr el Mundial de MX3 junto con Maneco Molinari que fue su apoyo t\u00e9cnico, y luego Carlos Campano recibi\u00e9ndolo en su estructura, empezamos una relaci\u00f3n que contin\u00faa y tan fuerte como siempre para poder brindarles a Uds. la mejor informaci\u00f3n cada d\u00eda desde un medio de prensa muy, muy lejano a Europa pero donde ponemos el mayor profesionalismo cada d\u00eda.<\/p>\n<p><!--more--><\/p>\n<p>Queremos agradecer a TODOS los que nos han apoyado para continuar este camino, hasta llegar el mundial en Argentina en 2015 cuando volv\u00eda despu\u00e9s de una larga pausa y pudimos mostrarles a Uds. de primera mano cada carrera&#8230;<\/p>\n<p>Son solo 15 a\u00f1os, puede parecer mucho o poco, pero lo que les podemos asegurar es que VAMOS POR M\u00c1S!!! Porque esto es Crossprensa, que no se detiene!<\/p>\n<p>Foto de tapa: Miguel Campano &#8211; #115 Carlos Campano \/ #40 Dar\u00edo Arco.<\/p>\n<p><img fetchpriority=\"high\" decoding=\"async\" class=\"alignnone size-full wp-image-73760\" src=\"https:\/\/www.crossprensa.com.ar\/news\/wp-content\/uploads\/2024\/11\/Pasaron-15-anos-desde-nuestro-primer-mundial-como-medio-oficial-de-difusion.png\" alt=\"\" width=\"1080\" height=\"1080\" srcset=\"https:\/\/www.crossprensa.com.ar\/news\/wp-content\/uploads\/2024\/11\/Pasaron-15-anos-desde-nuestro-primer-mundial-como-medio-oficial-de-difusion.png 1080w, https:\/\/www.crossprensa.com.ar\/news\/wp-content\/uploads\/2024\/11\/Pasaron-15-anos-desde-nuestro-primer-mundial-como-medio-oficial-de-difusion-300x300.png 300w, https:\/\/www.crossprensa.com.ar\/news\/wp-content\/uploads\/2024\/11\/Pasaron-15-anos-desde-nuestro-primer-mundial-como-medio-oficial-de-difusion-400x400.png 400w, https:\/\/www.crossprensa.com.ar\/news\/wp-content\/uploads\/2024\/11\/Pasaron-15-anos-desde-nuestro-primer-mundial-como-medio-oficial-de-difusion-150x150.png 150w, https:\/\/www.crossprensa.com.ar\/news\/wp-content\/uploads\/2024\/11\/Pasaron-15-anos-desde-nuestro-primer-mundial-como-medio-oficial-de-difusion-768x768.png 768w, https:\/\/www.crossprensa.com.ar\/news\/wp-content\/uploads\/2024\/11\/Pasaron-15-anos-desde-nuestro-primer-mundial-como-medio-oficial-de-difusion-1024x1024.png 1024w\" sizes=\"(max-width: 1080px) 100vw, 1080px\" \/><\/p>\n","protected":false},"excerpt":{"rendered":"<p>15 a\u00f1os pasaron desde aquel 2010 cuando con Crossprensa comenzamos a transitar un Mundial que&#8230;<\/p>\n","protected":false},"author":2,"featured_media":73762,"comment_status":"closed","ping_status":"closed","sticky":false,"template":"","format":"standard","meta":{"om_disable_all_campaigns":false,"_monsterinsights_skip_tracking":false,"_monsterinsights_sitenote_active":false,"_monsterinsights_sitenote_note":"","_monsterinsights_sitenote_category":0,"_uf_show_specific_survey":0,"_uf_disable_surveys":false,"footnotes":""},"categories":[37],"tags":[],"class_list":["post-73758","post","type-post","status-publish","format-standard","has-post-thumbnail","hentry","category-crossprensa"],"aioseo_notices":[],"_links":{"self":[{"href":"https:\/\/www.crossprensa.com.ar\/news\/wp-json\/wp\/v2\/posts\/73758","targetHints":{"allow":["GET"]}}],"collection":[{"href":"https:\/\/www.crossprensa.com.ar\/news\/wp-json\/wp\/v2\/posts"}],"about":[{"href":"https:\/\/www.crossprensa.com.ar\/news\/wp-json\/wp\/v2\/types\/post"}],"author":[{"embeddable":true,"href":"https:\/\/www.crossprensa.com.ar\/news\/wp-json\/wp\/v2\/users\/2"}],"replies":[{"embeddable":true,"href":"https:\/\/www.crossprensa.com.ar\/news\/wp-json\/wp\/v2\/comments?post=73758"}],"version-history":[{"count":3,"href":"https:\/\/www.crossprensa.com.ar\/news\/wp-json\/wp\/v2\/posts\/73758\/revisions"}],"predecessor-version":[{"id":73764,"href":"https:\/\/www.crossprensa.com.ar\/news\/wp-json\/wp\/v2\/posts\/73758\/revisions\/73764"}],"wp:featuredmedia":[{"embeddable":true,"href":"https:\/\/www.crossprensa.com.ar\/news\/wp-json\/wp\/v2\/media\/73762"}],"wp:attachment":[{"href":"https:\/\/www.crossprensa.com.ar\/news\/wp-json\/wp\/v2\/media?parent=73758"}],"wp:term":[{"taxonomy":"category","embeddable":true,"href":"https:\/\/www.crossprensa.com.ar\/news\/wp-json\/wp\/v2\/categories?post=73758"},{"taxonomy":"post_tag","embeddable":true,"href":"https:\/\/www.crossprensa.com.ar\/news\/wp-json\/wp\/v2\/tags?post=73758"}],"curies":[{"name":"wp","href":"https:\/\/api.w.org\/{rel}","templated":true}]}}