{"id":73751,"date":"2024-11-28T16:32:53","date_gmt":"2024-11-28T19:32:53","guid":{"rendered":"https:\/\/www.crossprensa.com.ar\/news\/?p=73751"},"modified":"2024-11-28T16:32:53","modified_gmt":"2024-11-28T19:32:53","slug":"dakar-2025-se-conocio-el-recorrido","status":"publish","type":"post","link":"https:\/\/www.crossprensa.com.ar\/news\/dakar-2025-se-conocio-el-recorrido\/dakar\/","title":{"rendered":"DAKAR 2025 &#8211; SE CONOCI\u00d3 EL RECORRIDO!"},"content":{"rendered":"<p>Con un total de 12 etapas, por sexto a\u00f1o consecutivo ser\u00e1n las arenas de Arabia Saudita las que reciban a la carrera mas dura del mundo, y que como siempre tendr\u00e1n al instante en Crossprensa!<\/p>\n<p><!--more--><\/p>\n<p>La edici\u00f3n nro. 47 del Rally Dakar se correr\u00e1 desde el pr\u00f3ximo 3 de enero y se di\u00f3 a conocer el recorrido oficial. Por sexto a\u00f1o consecutivo, Arabia Saudita ser\u00e1 el impresionante escenario para la carrera mas dura del mundo que, adem\u00e1s, abrir\u00e1 la temporada 2025 del Campeonato Mundial de Rally Raid W2RC.<\/p>\n<p>Lo que fue una novedad en 2024 se mantiene y es la etapa especial de 48 hs., pero esta vez se va a adelantar y, en lugar se ser la sexta etapa, en 2025 ser\u00e1 la segunda, los d\u00edas 5 y 6 de enero en un recorrido con largada y llegada en la localidad de Bisha.<\/p>\n<p>&nbsp;<\/p>\n<table style=\"height: 626px;\" width=\"855\">\n<tbody>\n<tr>\n<td width=\"80\"><strong>ETAPA<\/strong><\/td>\n<td width=\"94\"><strong>FECHA<\/strong><\/td>\n<td width=\"178\"><strong>SALIDA\/LLEGADA<\/strong><\/td>\n<td width=\"144\"><strong>TOTAL KM | ESPECIAL<\/strong><\/td>\n<\/tr>\n<tr>\n<td>Pr\u00f3logo<\/td>\n<td>3 de enero<\/td>\n<td>Bisha \u2013 Bisha<\/td>\n<td>79 km | 29 km<\/td>\n<\/tr>\n<tr>\n<td>1<\/td>\n<td>4 de enero<\/td>\n<td>Bisha \u2013 Bisha<\/td>\n<td>500 km | 412 km<\/td>\n<\/tr>\n<tr>\n<td>2<\/td>\n<td>5 y 6 de enero<\/td>\n<td>Bisha \u2013 Bisha<\/td>\n<td>1057 km | 965 km<\/td>\n<\/tr>\n<tr>\n<td>3<\/td>\n<td>7 de enero<\/td>\n<td>Bisha \u2013 Al Henakiyah<\/td>\n<td>845 km | 496 km<\/td>\n<\/tr>\n<tr>\n<td>4<\/td>\n<td>8 de enero<\/td>\n<td>Al Henakiyah \u2013 Alula<\/td>\n<td>588 km | 415 km<\/td>\n<\/tr>\n<tr>\n<td>5<\/td>\n<td>9 de enero<\/td>\n<td>Aula \u2013 Hail<\/td>\n<td>491 km | 428 km<\/td>\n<\/tr>\n<tr>\n<td>\u2013<\/td>\n<td>10 de enero<\/td>\n<td>Hail<\/td>\n<td>\u2013<\/td>\n<\/tr>\n<tr>\n<td>6<\/td>\n<td>11de enero<\/td>\n<td>Hail \u2013 Al Duwadimi<\/td>\n<td>829 km | 606 km<\/td>\n<\/tr>\n<tr>\n<td>7<\/td>\n<td>12 de enero<\/td>\n<td>Al Duwadimi \u2013 Al Duwadimi<\/td>\n<td>745 km | 481 km<\/td>\n<\/tr>\n<tr>\n<td>8<\/td>\n<td>13 de enero<\/td>\n<td>Al Duwadimi \u2013 Riyadh<\/td>\n<td>733 km | 487 km<\/td>\n<\/tr>\n<tr>\n<td>9<\/td>\n<td>14 de enero<\/td>\n<td>Riyadh \u2013 Haradh<\/td>\n<td>589 km | 357 km<\/td>\n<\/tr>\n<tr>\n<td>10<\/td>\n<td>15 de enero<\/td>\n<td>Haradh \u2013 Shubaytah<\/td>\n<td>638 km | 119 km<\/td>\n<\/tr>\n<tr>\n<td>11<\/td>\n<td>16 de enero<\/td>\n<td>Shubaytah \u2013 Shubaytah<\/td>\n<td>506 km | 280 km<\/td>\n<\/tr>\n<tr>\n<td>12<\/td>\n<td>17 de enero<\/td>\n<td>Shubaytah \u2013 Shubaytah<\/td>\n<td>205 km | 134 km<\/td>\n<\/tr>\n<\/tbody>\n<\/table>\n","protected":false},"excerpt":{"rendered":"<p>Con un total de 12 etapas, por sexto a\u00f1o consecutivo ser\u00e1n las arenas de Arabia&#8230;<\/p>\n","protected":false},"author":2,"featured_media":67478,"comment_status":"closed","ping_status":"closed","sticky":false,"template":"","format":"standard","meta":{"om_disable_all_campaigns":false,"_monsterinsights_skip_tracking":false,"_uf_show_specific_survey":0,"_uf_disable_surveys":false,"footnotes":""},"categories":[11],"tags":[],"class_list":["post-73751","post","type-post","status-publish","format-standard","has-post-thumbnail","hentry","category-dakar"],"aioseo_notices":[],"_links":{"self":[{"href":"https:\/\/www.crossprensa.com.ar\/news\/wp-json\/wp\/v2\/posts\/73751","targetHints":{"allow":["GET"]}}],"collection":[{"href":"https:\/\/www.crossprensa.com.ar\/news\/wp-json\/wp\/v2\/posts"}],"about":[{"href":"https:\/\/www.crossprensa.com.ar\/news\/wp-json\/wp\/v2\/types\/post"}],"author":[{"embeddable":true,"href":"https:\/\/www.crossprensa.com.ar\/news\/wp-json\/wp\/v2\/users\/2"}],"replies":[{"embeddable":true,"href":"https:\/\/www.crossprensa.com.ar\/news\/wp-json\/wp\/v2\/comments?post=73751"}],"version-history":[{"count":1,"href":"https:\/\/www.crossprensa.com.ar\/news\/wp-json\/wp\/v2\/posts\/73751\/revisions"}],"predecessor-version":[{"id":73752,"href":"https:\/\/www.crossprensa.com.ar\/news\/wp-json\/wp\/v2\/posts\/73751\/revisions\/73752"}],"wp:featuredmedia":[{"embeddable":true,"href":"https:\/\/www.crossprensa.com.ar\/news\/wp-json\/wp\/v2\/media\/67478"}],"wp:attachment":[{"href":"https:\/\/www.crossprensa.com.ar\/news\/wp-json\/wp\/v2\/media?parent=73751"}],"wp:term":[{"taxonomy":"category","embeddable":true,"href":"https:\/\/www.crossprensa.com.ar\/news\/wp-json\/wp\/v2\/categories?post=73751"},{"taxonomy":"post_tag","embeddable":true,"href":"https:\/\/www.crossprensa.com.ar\/news\/wp-json\/wp\/v2\/tags?post=73751"}],"curies":[{"name":"wp","href":"https:\/\/api.w.org\/{rel}","templated":true}]}}