{"id":73621,"date":"2024-11-20T17:23:12","date_gmt":"2024-11-20T20:23:12","guid":{"rendered":"https:\/\/www.crossprensa.com.ar\/news\/?p=73621"},"modified":"2024-11-20T17:23:12","modified_gmt":"2024-11-20T20:23:12","slug":"confirmado-guadagnini-con-ducati","status":"publish","type":"post","link":"https:\/\/www.crossprensa.com.ar\/news\/confirmado-guadagnini-con-ducati\/mxgp\/","title":{"rendered":"CONFIRMADO! GUADAGNINI CON DUCATI!"},"content":{"rendered":"<p>Tal y como se los hab\u00edamos adelantado, el piloto italiano que hace pocos d\u00edas se despidi\u00f3 de Husqvarna, ahora ir\u00e1 a poner toda su experiencia y velocidad en las italian\u00edsimas Ducati!<\/p>\n<p><!--more--><\/p>\n<p>El talentoso campe\u00f3n del Mundo Junior y de Europa de 125 italiano Mattia Guadagnini, de 22 a\u00f1os, ser\u00e1 el compa\u00f1ero de equipo de Jeremy Seewer en la Desmo450 MX de f\u00e1brica que Ducati inscribir\u00e1 en el Campeonato del Mundo @mxgp 2025 en colaboraci\u00f3n con el equipo Maddii Racing.<\/p>\n<p>Toda la informaci\u00f3n, como siempre la tendr\u00e1n en Crossprensa!<\/p>\n<p>Abajo, el portan\u00famero delantero de Seewer.<\/p>\n<p><img fetchpriority=\"high\" decoding=\"async\" class=\"alignnone size-full wp-image-73623\" src=\"https:\/\/www.crossprensa.com.ar\/news\/wp-content\/uploads\/2024\/11\/Gc0Um9tXEAACU1D.jpeg\" alt=\"\" width=\"1080\" height=\"1233\" srcset=\"https:\/\/www.crossprensa.com.ar\/news\/wp-content\/uploads\/2024\/11\/Gc0Um9tXEAACU1D.jpeg 1080w, https:\/\/www.crossprensa.com.ar\/news\/wp-content\/uploads\/2024\/11\/Gc0Um9tXEAACU1D-263x300.jpeg 263w, https:\/\/www.crossprensa.com.ar\/news\/wp-content\/uploads\/2024\/11\/Gc0Um9tXEAACU1D-350x400.jpeg 350w, https:\/\/www.crossprensa.com.ar\/news\/wp-content\/uploads\/2024\/11\/Gc0Um9tXEAACU1D-768x877.jpeg 768w, https:\/\/www.crossprensa.com.ar\/news\/wp-content\/uploads\/2024\/11\/Gc0Um9tXEAACU1D-1024x1169.jpeg 1024w\" sizes=\"(max-width: 1080px) 100vw, 1080px\" \/><\/p>\n","protected":false},"excerpt":{"rendered":"<p>Tal y como se los hab\u00edamos adelantado, el piloto italiano que hace pocos d\u00edas se&#8230;<\/p>\n","protected":false},"author":2,"featured_media":73622,"comment_status":"closed","ping_status":"closed","sticky":false,"template":"","format":"standard","meta":{"om_disable_all_campaigns":false,"_monsterinsights_skip_tracking":false,"_monsterinsights_sitenote_active":false,"_monsterinsights_sitenote_note":"","_monsterinsights_sitenote_category":0,"_uf_show_specific_survey":0,"_uf_disable_surveys":false,"footnotes":""},"categories":[24],"tags":[],"class_list":["post-73621","post","type-post","status-publish","format-standard","has-post-thumbnail","hentry","category-mxgp"],"aioseo_notices":[],"_links":{"self":[{"href":"https:\/\/www.crossprensa.com.ar\/news\/wp-json\/wp\/v2\/posts\/73621","targetHints":{"allow":["GET"]}}],"collection":[{"href":"https:\/\/www.crossprensa.com.ar\/news\/wp-json\/wp\/v2\/posts"}],"about":[{"href":"https:\/\/www.crossprensa.com.ar\/news\/wp-json\/wp\/v2\/types\/post"}],"author":[{"embeddable":true,"href":"https:\/\/www.crossprensa.com.ar\/news\/wp-json\/wp\/v2\/users\/2"}],"replies":[{"embeddable":true,"href":"https:\/\/www.crossprensa.com.ar\/news\/wp-json\/wp\/v2\/comments?post=73621"}],"version-history":[{"count":1,"href":"https:\/\/www.crossprensa.com.ar\/news\/wp-json\/wp\/v2\/posts\/73621\/revisions"}],"predecessor-version":[{"id":73624,"href":"https:\/\/www.crossprensa.com.ar\/news\/wp-json\/wp\/v2\/posts\/73621\/revisions\/73624"}],"wp:featuredmedia":[{"embeddable":true,"href":"https:\/\/www.crossprensa.com.ar\/news\/wp-json\/wp\/v2\/media\/73622"}],"wp:attachment":[{"href":"https:\/\/www.crossprensa.com.ar\/news\/wp-json\/wp\/v2\/media?parent=73621"}],"wp:term":[{"taxonomy":"category","embeddable":true,"href":"https:\/\/www.crossprensa.com.ar\/news\/wp-json\/wp\/v2\/categories?post=73621"},{"taxonomy":"post_tag","embeddable":true,"href":"https:\/\/www.crossprensa.com.ar\/news\/wp-json\/wp\/v2\/tags?post=73621"}],"curies":[{"name":"wp","href":"https:\/\/api.w.org\/{rel}","templated":true}]}}