{"id":73347,"date":"2024-10-31T11:09:55","date_gmt":"2024-10-31T14:09:55","guid":{"rendered":"https:\/\/www.crossprensa.com.ar\/news\/?p=73347"},"modified":"2024-10-31T11:09:55","modified_gmt":"2024-10-31T14:09:55","slug":"neuquen-confirmada-la-edicion-29o-de-este-exitoso-sx-nocturno","status":"publish","type":"post","link":"https:\/\/www.crossprensa.com.ar\/news\/neuquen-confirmada-la-edicion-29o-de-este-exitoso-sx-nocturno\/crossprensa\/","title":{"rendered":"NEUQUEN: CONFIRMADA LA EDICI\u00d3N 29\u00ba DE ESTE EXITOSO SX NOCTURNO!"},"content":{"rendered":"<p>El Club se prepara para una temporada \u00fanica y sin precedentes con la 29\u00b0 edici\u00f3n del tradicional supercross de verano. Este a\u00f1o, la competencia m\u00e1s esperada contar\u00e1 con una gran novedad: por primera vez, se disputar\u00e1n seis fechas en total, con un formato especial que alternar\u00e1 carreras los d\u00edas jueves y s\u00e1bados, dos fechas por mes, desde diciembre hasta febrero de 2025.<\/p>\n<p><!--more--><\/p>\n<p>La acci\u00f3n en el Circuito La Barda comenzar\u00e1 el jueves 12 de diciembre y se extender\u00e1 a lo largo de seis noches emocionantes, culminando el 15 de febrero de 2025. Con un calendario de eventos que incluye las fechas del 12 y 14 de diciembre, 16 y 18 de enero, y el gran cierre, el 13 y 15 de febrero, se espera que esta edici\u00f3n brinde m\u00e1s adrenalina y espect\u00e1culo para los amantes del motocross.<\/p>\n<p><img fetchpriority=\"high\" decoding=\"async\" class=\"alignnone  wp-image-72460\" src=\"https:\/\/www.crossprensa.com.ar\/news\/wp-content\/uploads\/2024\/09\/kawasaki.gif\" alt=\"\" width=\"816\" height=\"68\" \/><\/p>\n<p>El circuito ya se encuentra en planificaci\u00f3n para recibir a los pilotos y al p\u00fablico. En los pr\u00f3ximos d\u00edas se pondra manos a la obra en lo que refiere a mejoras y acondicionamiento, as\u00ed avanzar a paso firme para garantizar un trazado en \u00f3ptimas condiciones. Se estima arrancar los entrenamientos previos entre el 12 y 14 de noviembre, un mes antes de la primera carrera.<\/p>\n<p><img decoding=\"async\" class=\"alignnone size-full wp-image-73349\" src=\"https:\/\/www.crossprensa.com.ar\/news\/wp-content\/uploads\/2024\/10\/WhatsApp-Image-2024-10-31-at-10.37.50-1.jpeg\" alt=\"\" width=\"1599\" height=\"1301\" srcset=\"https:\/\/www.crossprensa.com.ar\/news\/wp-content\/uploads\/2024\/10\/WhatsApp-Image-2024-10-31-at-10.37.50-1.jpeg 1599w, https:\/\/www.crossprensa.com.ar\/news\/wp-content\/uploads\/2024\/10\/WhatsApp-Image-2024-10-31-at-10.37.50-1-300x244.jpeg 300w, https:\/\/www.crossprensa.com.ar\/news\/wp-content\/uploads\/2024\/10\/WhatsApp-Image-2024-10-31-at-10.37.50-1-492x400.jpeg 492w, https:\/\/www.crossprensa.com.ar\/news\/wp-content\/uploads\/2024\/10\/WhatsApp-Image-2024-10-31-at-10.37.50-1-768x625.jpeg 768w, https:\/\/www.crossprensa.com.ar\/news\/wp-content\/uploads\/2024\/10\/WhatsApp-Image-2024-10-31-at-10.37.50-1-1536x1250.jpeg 1536w, https:\/\/www.crossprensa.com.ar\/news\/wp-content\/uploads\/2024\/10\/WhatsApp-Image-2024-10-31-at-10.37.50-1-1024x833.jpeg 1024w\" sizes=\"(max-width: 1599px) 100vw, 1599px\" \/><\/p>\n<p>El Nocturno de Supercross es mucho m\u00e1s que una competencia; es una fiesta deportiva y familiar que re\u00fane a miles de espectadores bajo las estrellas del verano neuquino. El Motocross Club Neuqu\u00e9n invita a la comunidad y a los fan\u00e1ticos del deporte motor a ser parte de esta experiencia \u00fanica y a apoyar a los pilotos locales como a los nacionales, tambi\u00e9n internacionales, ya que en ediciones anteriores pilotos de chile se hicieron presente en esta fiesta deportiva, la cual le da un impacto positivo a la ciudad en materia de turismo, hoteler\u00eda, gastronom\u00eda, etc.<\/p>\n<p><img decoding=\"async\" class=\"alignnone size-full wp-image-72462\" src=\"https:\/\/www.crossprensa.com.ar\/news\/wp-content\/uploads\/2024\/09\/ktmsportadventure.jpeg\" alt=\"\" width=\"1283\" height=\"109\" \/><\/p>\n<p>A medida que se acerque la fecha de inicio, el club estar\u00e1 compartiendo m\u00e1s detalles sobre las actividades, entradas y novedades en sus redes sociales. \u00a1La espera se termina y la 29\u00b0 edici\u00f3n del Nocturno de Supercross est\u00e1 a punto de comenzar!<\/p>\n","protected":false},"excerpt":{"rendered":"<p>El Club se prepara para una temporada \u00fanica y sin precedentes con la 29\u00b0 edici\u00f3n&#8230;<\/p>\n","protected":false},"author":2,"featured_media":0,"comment_status":"closed","ping_status":"closed","sticky":false,"template":"","format":"standard","meta":{"om_disable_all_campaigns":false,"_monsterinsights_skip_tracking":false,"_monsterinsights_sitenote_active":false,"_monsterinsights_sitenote_note":"","_monsterinsights_sitenote_category":0,"_uf_show_specific_survey":0,"_uf_disable_surveys":false,"footnotes":""},"categories":[37],"tags":[],"class_list":["post-73347","post","type-post","status-publish","format-standard","hentry","category-crossprensa"],"aioseo_notices":[],"_links":{"self":[{"href":"https:\/\/www.crossprensa.com.ar\/news\/wp-json\/wp\/v2\/posts\/73347","targetHints":{"allow":["GET"]}}],"collection":[{"href":"https:\/\/www.crossprensa.com.ar\/news\/wp-json\/wp\/v2\/posts"}],"about":[{"href":"https:\/\/www.crossprensa.com.ar\/news\/wp-json\/wp\/v2\/types\/post"}],"author":[{"embeddable":true,"href":"https:\/\/www.crossprensa.com.ar\/news\/wp-json\/wp\/v2\/users\/2"}],"replies":[{"embeddable":true,"href":"https:\/\/www.crossprensa.com.ar\/news\/wp-json\/wp\/v2\/comments?post=73347"}],"version-history":[{"count":1,"href":"https:\/\/www.crossprensa.com.ar\/news\/wp-json\/wp\/v2\/posts\/73347\/revisions"}],"predecessor-version":[{"id":73350,"href":"https:\/\/www.crossprensa.com.ar\/news\/wp-json\/wp\/v2\/posts\/73347\/revisions\/73350"}],"wp:attachment":[{"href":"https:\/\/www.crossprensa.com.ar\/news\/wp-json\/wp\/v2\/media?parent=73347"}],"wp:term":[{"taxonomy":"category","embeddable":true,"href":"https:\/\/www.crossprensa.com.ar\/news\/wp-json\/wp\/v2\/categories?post=73347"},{"taxonomy":"post_tag","embeddable":true,"href":"https:\/\/www.crossprensa.com.ar\/news\/wp-json\/wp\/v2\/tags?post=73347"}],"curies":[{"name":"wp","href":"https:\/\/api.w.org\/{rel}","templated":true}]}}