{"id":73341,"date":"2024-10-30T11:42:21","date_gmt":"2024-10-30T14:42:21","guid":{"rendered":"https:\/\/www.crossprensa.com.ar\/news\/?p=73341"},"modified":"2024-10-30T11:42:21","modified_gmt":"2024-10-30T14:42:21","slug":"lucas-coenen-y-su-paso-a-450-en-usa-y-mxgp","status":"publish","type":"post","link":"https:\/\/www.crossprensa.com.ar\/news\/lucas-coenen-y-su-paso-a-450-en-usa-y-mxgp\/ama-supercross\/","title":{"rendered":"Lucas Coenen y su paso a 450 en USA y MXGP."},"content":{"rendered":"<p><strong><span>Una entrevista muy interesante extra\u00edda de RacerXonline.com sobre el inminente paso de Lucas Coenen al Team KTM bajo la carpa de De Carli y especialmente en 450.<\/span><\/strong><\/p>\n<p><!--more--><\/p>\n<p>El piloto oficial de De Carli KTM, Lucas Coenen, tiene todo lo necesario para convertirse en uno de los mejores pilotos europeos que jam\u00e1s haya llegado a Am\u00e9rica y est\u00e1 claro que el belga de 17 a\u00f1os tiene un objetivo, y ese objetivo no es ganar campeonatos en Europa, sino Cruzar el Atl\u00e1ntico y competir en los campeonatos AMA Supercross y Motocross.<\/p>\n<p>Tiene una visi\u00f3n que surgi\u00f3 al ver horas y horas de videos de James Stewart, el piloto que le dio a Coenen el deseo de correr al m\u00e1s alto nivel. Al igual que los ex campeones de la AMA Chad Reed, Grant Langston y Ben Townley, el camino a Estados Unidos pas\u00f3 por el Campeonato Mundial de Motocross FIM e, incre\u00edblemente, cuando era joven, este talentoso adolescente ni siquiera sab\u00eda que exist\u00eda un Campeonato Mundial de Motocross FIM. En cambio, fue el AMA Supercross y nombres como James Stewart y Ryan Villopoto los que llamaron su atenci\u00f3n. Tanto es as\u00ed que su visi\u00f3n de las carreras consist\u00eda en hacer lo que hac\u00eda su h\u00e9roe James Stewart.<\/p>\n<p>&nbsp;<\/p>\n<p>Esta es una historia fascinante, ya que el subcampe\u00f3n del Campeonato Mundial de Motocross MX2 2024 no busca un gran \u00e9xito en Europa, sino que simplemente se est\u00e1 preparando para lo que est\u00e1 por venir, probablemente en 2026, cuando har\u00e1 realidad un sue\u00f1o de su infancia. Tuvimos la suerte de sentarnos con Lucas Coenen y escuchar su pasi\u00f3n por un gran cambio en Estados Unidos y c\u00f3mo ese ha sido su objetivo desde que subi\u00f3 por primera vez una moto. Para ser un chico de 17 a\u00f1os, Lucas Coenen habla muy bien, es muy maduro y tiene una visi\u00f3n clara de sus objetivos.<\/p>\n<p>Empecemos por el Motocross of Nations, porque aunque acabaste lesionado, fue sensacional tu forma de pilotar. \u00bfEsperabas esto al principio?<br \/>\n<strong>Lucas Coenen:<\/strong> S\u00ed, quiero decir, esperaba ser muy r\u00e1pido y sab\u00eda que era posible luchar en las 450. En el pasado, Ryan [Villopoto] lo hizo [en Budds Creek en 2007], gan\u00f3 dos carreras y pens\u00e9 que era posible. Si empezaba desde el hole shot, pens\u00e9 que ser\u00eda posible. Pero en mi caso, comenc\u00e9 un poco atr\u00e1s, en d\u00e9cima posici\u00f3n. Cuando estaba peleando contra ellos, pas\u00e9 a Ken [Roczen], pas\u00e9 a Jeremy [Seewer], pas\u00e9 a un par de pilotos m\u00e1s, y quiero decir, ya era impresionante y estaba alcanzando a Jorge [Prado] y pens\u00e9: &#8221; Este tipo es el campe\u00f3n mundial de MXGP y yo estoy detr\u00e1s de \u00e9l y lo estoy alcanzando&#8221;. Desafortunadamente, luego tuve un problema con mis antiparras y luego perd\u00ed mi buena visi\u00f3n, y pens\u00e9: \u201cMe conformo con el quinto lugar\u201d. Pero entonces se abri\u00f3 una huella delante de m\u00ed y no la vi, me pas\u00e9 por arriba del manillar y me romp\u00ed la clav\u00edcula. No me arrepiento mucho del evento y creo que la gente recordar\u00e1 lo que mostr\u00e9. Fue muy agradable manejar as\u00ed.<\/p>\n<p><strong><span>Has tenido tantas carreras fant\u00e1sticas en 2024, pero hacerlo en las Naciones, con todos esos pilotos legendarios all\u00ed y la carrera en Matterley fue realmente emocionante. No s\u00e9 si lo volviste a ver, pero hacer esa actuaci\u00f3n, como dijiste, es una de esas carreras en las que todo el mundo del motocross mira y toma nota de qui\u00e9n es Lucas Coenen. Debe ser un buen sentimiento.<\/span><\/strong><br \/>\n<span>S\u00ed, ciertamente. Le mostr\u00e9 a la gente que estaba peleando ah\u00ed, con los mejores pilotos del mundo, as\u00ed que eso no es malo en s\u00ed mismo e incluso el s\u00e1bado, creo que ofrec\u00ed un espect\u00e1culo para todos. Esperaba que la pista no estuviera llana el domingo, pero estaba m\u00e1s llana que el s\u00e1bado. Me preguntaba c\u00f3mo ser\u00eda esto posible. Estaba un poco enojado antes de la primera carrera y en modo bestia. Vi que Eli [Tomac] estaba delante y tambi\u00e9n Romain [Febvre], y Prado, qu\u00e9 m\u00e1s quieres [s\u00f3lo Gajser, Tomac, Febvre y Prado estaban delante cuando Coenen se cay\u00f3].<\/span><\/p>\n<p><strong><span>La gran noticia ante las Naciones fue el hecho de que quer\u00edas manejar la 450 en las Naciones. \u00bfEs esto cierto? \u00bfCrees que podr\u00edas haberlo hecho mejor en la 450 de Matterley?<\/span><\/strong><\/p>\n<div class=\"google-auto-placed ap_container\"><ins class=\"adsbygoogle adsbygoogle-noablate\" data-ad-format=\"auto\" data-ad-client=\"ca-pub-5433770288169379\" data-adsbygoogle-status=\"done\" data-ad-status=\"unfilled\"><\/p>\n<div id=\"aswift_5_host\">Quiero decir, siempre quise correr en 450, porque soy m\u00e1s un tipo de 450. Sin duda, ten\u00eda muchas ganas de correr en 450, debido a las largadas, porque 450 versus 450 es lo mismo y 250 versus 450. no es f\u00e1cil. Entonces condujimos el 250 porque no hab\u00eda otra opci\u00f3n.<\/div>\n<p><\/ins><\/div>\n<p><strong><span>Ir\u00e1s al MXGP en 2025 y me imagino que conducir\u00e1s tanto la 450 como la 250 cuando entrenes. \u00bfYa eres mucho m\u00e1s r\u00e1pido con la 450?<\/span><\/strong><br \/>\n<span>En realidad, nunca he montado la 450 y la 250 en el mismo entrenamiento, pero s\u00e9 que en la 450 soy dos segundos m\u00e1s r\u00e1pido que en la 250. Desde fuera parezco lento en la 450, porque me falta en las curvas, pero luego miramos los momentos y pensamos: &#8220;Guau, es r\u00e1pido&#8221;. A veces la gente parece r\u00e1pida desde fuera y los tiempos por vuelta son lentos, pero yo soy todo lo contrario. No empujo las curvas, simplemente las giro y luego no se ve incre\u00edble, pero es r\u00e1pido, \u00bfsabes?<\/span><\/p>\n<div class=\"region region-content\">\n<div id=\"block-system-main\" class=\"block block-system\">\n<div class=\"content\">\n<div class=\"ds-1col node node-news view-mode-full clearfix\">\n<div class=\"field field-name-body-default field-type-ds field-label-hidden clearfix\">\n<div class=\"field-items\">\n<div class=\"field-item even first-item last-item item-0\">\n<p><span>________________________________________________________________________________<\/span><\/p>\n<p><a href=\"https:\/\/x.com\/home\" target=\"_blank\" rel=\"noopener noreferrer\"><img decoding=\"async\" class=\"alignleft wp-image-131959\" src=\"https:\/\/www.mxbars.net\/storage\/2018\/05\/TW-150x150.jpg\" alt=\"\" width=\"54\" height=\"54\" \/><\/a><a href=\"https:\/\/www.instagram.com\/crossprensa.argentina\/?hl=en\" target=\"_blank\" rel=\"noopener noreferrer\"><img decoding=\"async\" class=\"alignleft wp-image-131960\" src=\"https:\/\/www.mxbars.net\/storage\/2018\/05\/IG-150x150.jpg\" alt=\"\" width=\"54\" height=\"54\" \/><\/a><a href=\"https:\/\/www.facebook.com\/Crossprensa\/\" target=\"_blank\" rel=\"noopener noreferrer\"><img decoding=\"async\" class=\"alignleft wp-image-131958\" src=\"https:\/\/www.mxbars.net\/storage\/2018\/05\/FB-150x150.jpg\" alt=\"\" width=\"54\" height=\"54\" \/><\/a><\/p>\n<\/div>\n<\/div>\n<\/div>\n<\/div>\n<\/div>\n<\/div>\n<\/div>\n<div class=\"google-auto-placed ap_container\"><ins class=\"adsbygoogle adsbygoogle-noablate\" data-ad-format=\"auto\" data-ad-client=\"ca-pub-5433770288169379\" data-adsbygoogle-status=\"done\" data-ad-status=\"unfilled\"><\/p>\n<div id=\"aswift_6_host\"><\/div>\n<p><\/ins><\/div>\n<div id=\"content\" class=\"layout_main\">\n<div class=\"tw hero_header\">\n<div class=\"overflow-hidden\"><span class=\"img_wrap\"><img decoding=\"async\" class=\"ri lazyautosizes lazyloaded ls-is-cached \" src=\"https:\/\/rxi.iscdn.net\/2024\/10\/296780_coenenmxon2024gbb6a7211.jpg\" alt=\"Lucas Coenen habla sobre el cambio a la KTM 450 para MXGP 2025 y sus objetivos en US SX\" data-src=\"\/\/rxi.iscdn.net\/2024\/10\/296780_coenenmxon2024gbb6a7211.jpg\" data-l-srcset=\"\/\/rxi.iscdn.net\/2024\/10\/296780_coenenmxon2024gbb6a7211.jpg?auto=format,compress&amp;q=50&amp;w=100 100w, \/\/rxi.iscdn.net\/2024\/10\/296780_coenenmxon2024gbb6a7211.jpg?auto=format,compress&amp;q=50&amp;w=116 116w, \/\/rxi.iscdn.net\/2024\/10\/296780_coenenmxon2024gbb6a7211.jpg?auto=format,compress&amp;q=50&amp;w=134 134w, \/\/rxi.iscdn.net\/2024\/10\/296780_coenenmxon2024gbb6a7211.jpg?auto=format,compress&amp;q=50&amp;w=156 156w, \/\/rxi.iscdn.net\/2024\/10\/296780_coenenmxon2024gbb6a7211.jpg?auto=format,compress&amp;q=50&amp;w=182 182w, \/\/rxi.iscdn.net\/2024\/10\/296780_coenenmxon2024gbb6a7211.jpg?auto=format,compress&amp;q=50&amp;w=210 210w, \/\/rxi.iscdn.net\/2024\/10\/296780_coenenmxon2024gbb6a7211.jpg?auto=format,compress&amp;q=50&amp;w=244 244w, \/\/rxi.iscdn.net\/2024\/10\/296780_coenenmxon2024gbb6a7211.jpg?auto=format,compress&amp;q=50&amp;w=282 282w, \/\/rxi.iscdn.net\/2024\/10\/296780_coenenmxon2024gbb6a7211.jpg?auto=format,compress&amp;q=50&amp;w=328 328w, \/\/rxi.iscdn.net\/2024\/10\/296780_coenenmxon2024gbb6a7211.jpg?auto=format,compress&amp;q=50&amp;w=380 380w, \/\/rxi.iscdn.net\/2024\/10\/296780_coenenmxon2024gbb6a7211.jpg?auto=format,compress&amp;q=50&amp;w=442 442w, \/\/rxi.iscdn.net\/2024\/10\/296780_coenenmxon2024gbb6a7211.jpg?auto=format,compress&amp;q=50&amp;w=512 512w, \/\/rxi.iscdn.net\/2024\/10\/296780_coenenmxon2024gbb6a7211.jpg?auto=format,compress&amp;q=50&amp;w=594 594w, \/\/rxi.iscdn.net\/2024\/10\/296780_coenenmxon2024gbb6a7211.jpg?auto=format,compress&amp;q=50&amp;w=688 688w, \/\/rxi.iscdn.net\/2024\/10\/296780_coenenmxon2024gbb6a7211.jpg?auto=format,compress&amp;q=50&amp;w=798 798w, \/\/rxi.iscdn.net\/2024\/10\/296780_coenenmxon2024gbb6a7211.jpg?auto=format,compress&amp;q=50&amp;w=926 926w, \/\/rxi.iscdn.net\/2024\/10\/296780_coenenmxon2024gbb6a7211.jpg?auto=format,compress&amp;q=50&amp;w=1074 1074w, \/\/rxi.iscdn.net\/2024\/10\/296780_coenenmxon2024gbb6a7211.jpg?auto=format,compress&amp;q=50&amp;w=1246 1246w, \/\/rxi.iscdn.net\/2024\/10\/296780_coenenmxon2024gbb6a7211.jpg?auto=format,compress&amp;q=50&amp;w=1446 1446w, \/\/rxi.iscdn.net\/2024\/10\/296780_coenenmxon2024gbb6a7211.jpg?auto=format,compress&amp;q=50&amp;w=1678 1678w, \/\/rxi.iscdn.net\/2024\/10\/296780_coenenmxon2024gbb6a7211.jpg?auto=format,compress&amp;q=50&amp;w=1946 1946w, \/\/rxi.iscdn.net\/2024\/10\/296780_coenenmxon2024gbb6a7211.jpg?auto=format,compress&amp;q=50&amp;w=2258 2258w, \/\/rxi.iscdn.net\/2024\/10\/296780_coenenmxon2024gbb6a7211.jpg?auto=format,compress&amp;q=50&amp;w=2618 2618w, \/\/rxi.iscdn.net\/2024\/10\/296780_coenenmxon2024gbb6a7211.jpg?auto=format,compress&amp;q=50&amp;w=3038 3038w, \/\/rxi.iscdn.net\/2024\/10\/296780_coenenmxon2024gbb6a7211.jpg?auto=format,compress&amp;q=50&amp;w=3524 3524w, \/\/rxi.iscdn.net\/2024\/10\/296780_coenenmxon2024gbb6a7211.jpg?auto=format,compress&amp;q=50&amp;w=4088 4088w, \/\/rxi.iscdn.net\/2024\/10\/296780_coenenmxon2024gbb6a7211.jpg?auto=format,compress&amp;q=50&amp;w=4742 4742w, \/\/rxi.iscdn.net\/2024\/10\/296780_coenenmxon2024gbb6a7211.jpg?auto=format,compress&amp;q=50&amp;w=5500 5500w, \/\/rxi.iscdn.net\/2024\/10\/296780_coenenmxon2024gbb6a7211.jpg?auto=format,compress&amp;q=50&amp;w=6380 6380w, \/\/rxi.iscdn.net\/2024\/10\/296780_coenenmxon2024gbb6a7211.jpg?auto=format,compress&amp;q=50&amp;w=7400 7400w\" data-l-src=\"\/\/rxi.iscdn.net\/2024\/10\/296780_coenenmxon2024gbb6a7211.jpg\" data-sizes=\"auto\" \/><\/span><\/div>\n<div class=\"hero_title_wrap mx-5 mt-4\"><\/div>\n<\/div>\n<\/div>\n","protected":false},"excerpt":{"rendered":"<p>Una entrevista muy interesante extra\u00edda de RacerXonline.com sobre el inminente paso de Lucas Coenen al&#8230;<\/p>\n","protected":false},"author":2,"featured_media":0,"comment_status":"closed","ping_status":"closed","sticky":false,"template":"","format":"standard","meta":{"om_disable_all_campaigns":false,"_monsterinsights_skip_tracking":false,"_monsterinsights_sitenote_active":false,"_monsterinsights_sitenote_note":"","_monsterinsights_sitenote_category":0,"_uf_show_specific_survey":0,"_uf_disable_surveys":false,"footnotes":""},"categories":[30],"tags":[],"class_list":["post-73341","post","type-post","status-publish","format-standard","hentry","category-ama-supercross"],"aioseo_notices":[],"_links":{"self":[{"href":"https:\/\/www.crossprensa.com.ar\/news\/wp-json\/wp\/v2\/posts\/73341","targetHints":{"allow":["GET"]}}],"collection":[{"href":"https:\/\/www.crossprensa.com.ar\/news\/wp-json\/wp\/v2\/posts"}],"about":[{"href":"https:\/\/www.crossprensa.com.ar\/news\/wp-json\/wp\/v2\/types\/post"}],"author":[{"embeddable":true,"href":"https:\/\/www.crossprensa.com.ar\/news\/wp-json\/wp\/v2\/users\/2"}],"replies":[{"embeddable":true,"href":"https:\/\/www.crossprensa.com.ar\/news\/wp-json\/wp\/v2\/comments?post=73341"}],"version-history":[{"count":1,"href":"https:\/\/www.crossprensa.com.ar\/news\/wp-json\/wp\/v2\/posts\/73341\/revisions"}],"predecessor-version":[{"id":73343,"href":"https:\/\/www.crossprensa.com.ar\/news\/wp-json\/wp\/v2\/posts\/73341\/revisions\/73343"}],"wp:attachment":[{"href":"https:\/\/www.crossprensa.com.ar\/news\/wp-json\/wp\/v2\/media?parent=73341"}],"wp:term":[{"taxonomy":"category","embeddable":true,"href":"https:\/\/www.crossprensa.com.ar\/news\/wp-json\/wp\/v2\/categories?post=73341"},{"taxonomy":"post_tag","embeddable":true,"href":"https:\/\/www.crossprensa.com.ar\/news\/wp-json\/wp\/v2\/tags?post=73341"}],"curies":[{"name":"wp","href":"https:\/\/api.w.org\/{rel}","templated":true}]}}