{"id":73268,"date":"2024-10-23T18:26:46","date_gmt":"2024-10-23T21:26:46","guid":{"rendered":"https:\/\/www.crossprensa.com.ar\/news\/?p=73268"},"modified":"2024-10-23T18:26:46","modified_gmt":"2024-10-23T21:26:46","slug":"austin-fokner-se-va-de-kawasaki","status":"publish","type":"post","link":"https:\/\/www.crossprensa.com.ar\/news\/austin-fokner-se-va-de-kawasaki\/ama-motocross\/","title":{"rendered":"AUSTIN FOKNER SE VA DE KAWASAKI."},"content":{"rendered":"<p>Nos estamos acercando al &#8220;anuncio oficial&#8221; de la incorporaci\u00f3n de Austin Forkner al equipo Triumph Factory Racing a partir de 2025, ya que Forkner anuncia su salida del Pro Circuit Kawasaki. Adem\u00e1s de eso, Forkner menciona el camino que lo llev\u00f3 hasta all\u00ed, incluidos 14 a\u00f1os con Kawasaki y Fox Racing, desde sus d\u00edas de amateur.<\/p>\n<p><!--more--><\/p>\n<p><span>En cualquier momento deber\u00edamos recibir el anuncio de que Forkner, Jordon Smith y Stilez Robertson se unir\u00e1n a Jalek Swoll y al equipo Triumph, ya que los tres nuevos pilotos mencionados han dado las gracias a sus equipos anteriores.<\/span><\/p>\n<hr \/>\n<p><strong><span>Austin Forkner<\/span><\/strong><span>\u00a0:\u00a0<\/span><em><span>&#8221;\u00a0<\/span><span>14 a\u00f1os con Kawasaki y Fox Racing y aproximadamente la mitad de ellos con Pro Circuit. Desde Ryan Holliday y el equipo verde hasta Tod y Aaron en Fox, quienes me contrataron originalmente, luego a Mitch y todo el equipo de PC y Kenny en Fox ahora, as\u00ed como a todos los dem\u00e1s que han sido parte de mi programa, quiero decirles gracias. Todo llega a su fin eventualmente, pero aprecio el esfuerzo de todos a lo largo de los a\u00f1os y atesorar\u00e9 los buenos momentos y recuerdos con todos y cada uno de estos muchachos. Gracias por creer en m\u00ed, por apoyarme y por ser m\u00e1s que un equipo. He creado algunas relaciones para toda la vida y les estar\u00e9 eternamente agradecido. \u00a1GRACIAS!&#8221;<\/span><\/em><\/p>\n<figure class=\"vital-embed\"><iframe id=\"instagram-embed-0\" class=\"vital-embed-instagram instagram-media instagram-media-rendered\" src=\"https:\/\/www.instagram.com\/p\/DBbYZpoO82J\/embed\/captioned\/?cr=1&amp;v=14&amp;wp=1&amp;rd=https%3A%2F%2Fwww.vitalmx.com&amp;rp=%2Ffeatures%2Faustin-forkner-announces-departure-kawasaki%3Futm_source%3Ddlvr.it%26utm_medium%3Dtwitter#%7B%22ci%22%3A0%2C%22os%22%3A3267.0999999940395%7D\" height=\"1148\" frameborder=\"0\" scrolling=\"no\" allowfullscreen=\"allowfullscreen\" data-instgrm-payload-id=\"instagram-media-payload-0\" data-mce-fragment=\"1\"><\/iframe><\/figure>\n","protected":false},"excerpt":{"rendered":"<p>Nos estamos acercando al &#8220;anuncio oficial&#8221; de la incorporaci\u00f3n de Austin Forkner al equipo Triumph&#8230;<\/p>\n","protected":false},"author":2,"featured_media":73269,"comment_status":"closed","ping_status":"closed","sticky":false,"template":"","format":"standard","meta":{"om_disable_all_campaigns":false,"_monsterinsights_skip_tracking":false,"_monsterinsights_sitenote_active":false,"_monsterinsights_sitenote_note":"","_monsterinsights_sitenote_category":0,"_uf_show_specific_survey":0,"_uf_disable_surveys":false,"footnotes":""},"categories":[25,30],"tags":[],"class_list":["post-73268","post","type-post","status-publish","format-standard","has-post-thumbnail","hentry","category-ama-motocross","category-ama-supercross"],"aioseo_notices":[],"_links":{"self":[{"href":"https:\/\/www.crossprensa.com.ar\/news\/wp-json\/wp\/v2\/posts\/73268","targetHints":{"allow":["GET"]}}],"collection":[{"href":"https:\/\/www.crossprensa.com.ar\/news\/wp-json\/wp\/v2\/posts"}],"about":[{"href":"https:\/\/www.crossprensa.com.ar\/news\/wp-json\/wp\/v2\/types\/post"}],"author":[{"embeddable":true,"href":"https:\/\/www.crossprensa.com.ar\/news\/wp-json\/wp\/v2\/users\/2"}],"replies":[{"embeddable":true,"href":"https:\/\/www.crossprensa.com.ar\/news\/wp-json\/wp\/v2\/comments?post=73268"}],"version-history":[{"count":1,"href":"https:\/\/www.crossprensa.com.ar\/news\/wp-json\/wp\/v2\/posts\/73268\/revisions"}],"predecessor-version":[{"id":73270,"href":"https:\/\/www.crossprensa.com.ar\/news\/wp-json\/wp\/v2\/posts\/73268\/revisions\/73270"}],"wp:featuredmedia":[{"embeddable":true,"href":"https:\/\/www.crossprensa.com.ar\/news\/wp-json\/wp\/v2\/media\/73269"}],"wp:attachment":[{"href":"https:\/\/www.crossprensa.com.ar\/news\/wp-json\/wp\/v2\/media?parent=73268"}],"wp:term":[{"taxonomy":"category","embeddable":true,"href":"https:\/\/www.crossprensa.com.ar\/news\/wp-json\/wp\/v2\/categories?post=73268"},{"taxonomy":"post_tag","embeddable":true,"href":"https:\/\/www.crossprensa.com.ar\/news\/wp-json\/wp\/v2\/tags?post=73268"}],"curies":[{"name":"wp","href":"https:\/\/api.w.org\/{rel}","templated":true}]}}