{"id":72965,"date":"2024-10-06T06:06:32","date_gmt":"2024-10-06T09:06:32","guid":{"rendered":"https:\/\/www.crossprensa.com.ar\/news\/?p=72965"},"modified":"2024-10-06T06:26:53","modified_gmt":"2024-10-06T09:26:53","slug":"juan-felipe-garcia-8vo-en-inglaterra","status":"publish","type":"post","link":"https:\/\/www.crossprensa.com.ar\/news\/juan-felipe-garcia-8vo-en-inglaterra\/mxon\/","title":{"rendered":"JUAN FELIPE GARC\u00cdA, 8VO. EN INGLATERRA!!!"},"content":{"rendered":"<p>Con un total de 34 motos de toda Europa y USA, se puso en marcha una carrera impresionante! El mal tiempo comenz\u00f3 ni bien se larga la manga de 30 minutos + 2 vueltas, y el fr\u00edo empez\u00f3 a hacerse sentir con 13\u00ba en la pista. Juanfe logra colocarse 6to. en la largada, y fue superado por Dawid Zaremba, llegando a caer a la 9na. posici\u00f3n, pero antes de llegar a los \u00faltimos 5 minutos recupera una posici\u00f3n para terminar 8vo. y llegar en el TOP TEN de la dur\u00edsima y pareja categor\u00eda bLU cRU Yamaha! Aqu\u00ed todos los resultados y TODO nuestro respeto al silencioso y solitario trabajo de su familia para poner a Juanfe donde est\u00e1 hoy. GRACIAS!<\/p>\n<p><!--more--><\/p>\n<p><img fetchpriority=\"high\" decoding=\"async\" class=\"alignnone size-full wp-image-72464\" src=\"https:\/\/www.crossprensa.com.ar\/news\/wp-content\/uploads\/2024\/09\/mana1200-1.jpg\" alt=\"\" width=\"2082\" height=\"179\" \/><\/p>\n<table width=\"74%\">\n<tbody>\n<tr>\n<td>1<\/td>\n<td>184<\/td>\n<td><a href=\"https:\/\/results.mxgp.com\/resultsrider.aspx?ct=21&amp;e=3930&amp;c=57&amp;r=8998\">Keith, Jamie<\/a><\/td>\n<td>GBR<\/td>\n<td>Yamaha<\/td>\n<td>29:16.039<\/td>\n<\/tr>\n<tr>\n<td>2<\/td>\n<td>26<\/td>\n<td><a href=\"https:\/\/results.mxgp.com\/resultsrider.aspx?ct=21&amp;e=3930&amp;c=57&amp;r=9851\">Townley, Levi<\/a><\/td>\n<td>NZL<\/td>\n<td>Yamaha<\/td>\n<td>0:00.659<\/td>\n<\/tr>\n<tr>\n<td>3<\/td>\n<td>724<\/td>\n<td><a href=\"https:\/\/results.mxgp.com\/resultsrider.aspx?ct=21&amp;e=3930&amp;c=57&amp;r=8060\">Kubulins, Jekabs<\/a><\/td>\n<td>LAT<\/td>\n<td>Yamaha<\/td>\n<td>0:42.586<\/td>\n<\/tr>\n<tr>\n<td>4<\/td>\n<td>52<\/td>\n<td><a href=\"https:\/\/results.mxgp.com\/resultsrider.aspx?ct=21&amp;e=3930&amp;c=57&amp;r=8616\">De Baere, Emile<\/a><\/td>\n<td>BEL<\/td>\n<td>Yamaha<\/td>\n<td>0:49.246<\/td>\n<\/tr>\n<tr>\n<td>5<\/td>\n<td>44<\/td>\n<td><a href=\"https:\/\/results.mxgp.com\/resultsrider.aspx?ct=21&amp;e=3930&amp;c=57&amp;r=8821\">Bubb, Oliver<\/a><\/td>\n<td>GBR<\/td>\n<td>Yamaha<\/td>\n<td>0:57.585<\/td>\n<\/tr>\n<tr>\n<td>6<\/td>\n<td>38<\/td>\n<td><a href=\"https:\/\/results.mxgp.com\/resultsrider.aspx?ct=21&amp;e=3930&amp;c=57&amp;r=9600\">Romberg, Oskar Luis<\/a><\/td>\n<td>GER<\/td>\n<td>Yamaha<\/td>\n<td>1:00.749<\/td>\n<\/tr>\n<tr>\n<td>7<\/td>\n<td>428<\/td>\n<td><a href=\"https:\/\/results.mxgp.com\/resultsrider.aspx?ct=21&amp;e=3930&amp;c=57&amp;r=7594\">Zaremba, Dawid<\/a><\/td>\n<td>POL<\/td>\n<td>Yamaha<\/td>\n<td>1:07.447<\/td>\n<\/tr>\n<tr>\n<td><span style=\"color: #ffff00;\"><strong>8<\/strong><\/span><\/td>\n<td><span style=\"color: #ffff00;\"><strong>17<\/strong><\/span><\/td>\n<td><span style=\"color: #ffff00;\"><strong><a style=\"color: #ffff00;\" href=\"https:\/\/results.mxgp.com\/resultsrider.aspx?ct=21&amp;e=3930&amp;c=57&amp;r=10092\">Garcia , Juan felipe<\/a><\/strong><\/span><\/td>\n<td><span style=\"color: #ffff00;\"><strong>ARG<\/strong><\/span><\/td>\n<td><span style=\"color: #ffff00;\"><strong>Yamaha<\/strong><\/span><\/td>\n<td><span style=\"color: #ffff00;\"><strong>1:19.786<\/strong><\/span><\/td>\n<\/tr>\n<tr>\n<td>9<\/td>\n<td>15<\/td>\n<td><a href=\"https:\/\/results.mxgp.com\/resultsrider.aspx?ct=21&amp;e=3930&amp;c=57&amp;r=7944\">Rahn Stampe, Frederik<\/a><\/td>\n<td>DEN<\/td>\n<td>Yamaha<\/td>\n<td>1:39.790<\/td>\n<\/tr>\n<tr>\n<td>10<\/td>\n<td>50<\/td>\n<td><a href=\"https:\/\/results.mxgp.com\/resultsrider.aspx?ct=21&amp;e=3930&amp;c=57&amp;r=9934\">Lawton, Chace<\/a><\/td>\n<td>USA<\/td>\n<td>Yamaha<\/td>\n<td>1:47.096<\/td>\n<\/tr>\n<tr>\n<td>11<\/td>\n<td>55<\/td>\n<td><a href=\"https:\/\/results.mxgp.com\/resultsrider.aspx?ct=21&amp;e=3930&amp;c=57&amp;r=10042\">Takagi, Aoi<\/a><\/td>\n<td>JPN<\/td>\n<td>Yamaha<\/td>\n<td>1:59.281<\/td>\n<\/tr>\n<tr>\n<td>12<\/td>\n<td>237<\/td>\n<td><a href=\"https:\/\/results.mxgp.com\/resultsrider.aspx?ct=21&amp;e=3930&amp;c=57&amp;r=9799\">Armandie, Thomas<\/a><\/td>\n<td>FRA<\/td>\n<td>Yamaha<\/td>\n<td>2:00.107<\/td>\n<\/tr>\n<tr>\n<td>13<\/td>\n<td>299<\/td>\n<td><a href=\"https:\/\/results.mxgp.com\/resultsrider.aspx?ct=21&amp;e=3930&amp;c=57&amp;r=9056\">Sommerlee, Sander<\/a><\/td>\n<td>SWE<\/td>\n<td>Yamaha<\/td>\n<td>2:07.053<\/td>\n<\/tr>\n<tr>\n<td>14<\/td>\n<td>223<\/td>\n<td><a href=\"https:\/\/results.mxgp.com\/resultsrider.aspx?ct=21&amp;e=3930&amp;c=57&amp;r=9477\">Torres, Alejandro<\/a><\/td>\n<td>ESP<\/td>\n<td>Yamaha<\/td>\n<td>1 lap<\/td>\n<\/tr>\n<tr>\n<td>15<\/td>\n<td>710<\/td>\n<td><a href=\"https:\/\/results.mxgp.com\/resultsrider.aspx?ct=21&amp;e=3930&amp;c=57&amp;r=9270\">Blanc, Tristan<\/a><\/td>\n<td>SUI<\/td>\n<td>Yamaha<\/td>\n<td>1 lap<\/td>\n<\/tr>\n<tr>\n<td>16<\/td>\n<td>226<\/td>\n<td><a href=\"https:\/\/results.mxgp.com\/resultsrider.aspx?ct=21&amp;e=3930&amp;c=57&amp;r=10075\">Bergeron, Jonathan<\/a><\/td>\n<td>CAN<\/td>\n<td>Yamaha<\/td>\n<td>1 lap<\/td>\n<\/tr>\n<tr>\n<td>17<\/td>\n<td>454<\/td>\n<td><a href=\"https:\/\/results.mxgp.com\/resultsrider.aspx?ct=21&amp;e=3930&amp;c=57&amp;r=8921\">Frisag\u00e5rd, Erik<\/a><\/td>\n<td>SWE<\/td>\n<td>Yamaha<\/td>\n<td>1 lap<\/td>\n<\/tr>\n<tr>\n<td>18<\/td>\n<td>90<\/td>\n<td><a href=\"https:\/\/results.mxgp.com\/resultsrider.aspx?ct=21&amp;e=3930&amp;c=57&amp;r=10055\">Rossi, Gabriele<\/a><\/td>\n<td>ITA<\/td>\n<td>Yamaha<\/td>\n<td>1 lap<\/td>\n<\/tr>\n<tr>\n<td>19<\/td>\n<td>425<\/td>\n<td><a href=\"https:\/\/results.mxgp.com\/resultsrider.aspx?ct=21&amp;e=3930&amp;c=57&amp;r=9503\">Martensson, Benjamin<\/a><\/td>\n<td>SWE<\/td>\n<td>Yamaha<\/td>\n<td>1 lap<\/td>\n<\/tr>\n<tr>\n<td>20<\/td>\n<td>39<\/td>\n<td><a href=\"https:\/\/results.mxgp.com\/resultsrider.aspx?ct=21&amp;e=3930&amp;c=57&amp;r=9402\">Amar, Itamar<\/a><\/td>\n<td>ISR<\/td>\n<td>Yamaha<\/td>\n<td>1 lap<\/td>\n<\/tr>\n<tr>\n<td>21<\/td>\n<td>841<\/td>\n<td><a href=\"https:\/\/results.mxgp.com\/resultsrider.aspx?ct=21&amp;e=3930&amp;c=57&amp;r=9614\">Fransson, Nellie<\/a><\/td>\n<td>SWE<\/td>\n<td>Yamaha<\/td>\n<td>1 lap<\/td>\n<\/tr>\n<tr>\n<td>22<\/td>\n<td>440<\/td>\n<td><a href=\"https:\/\/results.mxgp.com\/resultsrider.aspx?ct=21&amp;e=3930&amp;c=57&amp;r=10050\">Vissing, Lukas<\/a><\/td>\n<td>DEN<\/td>\n<td>Yamaha<\/td>\n<td>1 lap<\/td>\n<\/tr>\n<tr>\n<td>23<\/td>\n<td>812<\/td>\n<td><a href=\"https:\/\/results.mxgp.com\/resultsrider.aspx?ct=21&amp;e=3930&amp;c=57&amp;r=10068\">Melby, Simon<\/a><\/td>\n<td>NOR<\/td>\n<td>Yamaha<\/td>\n<td>1 lap<\/td>\n<\/tr>\n<tr>\n<td>24<\/td>\n<td>33<\/td>\n<td><a href=\"https:\/\/results.mxgp.com\/resultsrider.aspx?ct=21&amp;e=3930&amp;c=57&amp;r=8101\">Anderson, Jaden<\/a><\/td>\n<td>GBR<\/td>\n<td>Yamaha<\/td>\n<td>1 lap<\/td>\n<\/tr>\n<tr>\n<td>25<\/td>\n<td>128<\/td>\n<td><a href=\"https:\/\/results.mxgp.com\/resultsrider.aspx?ct=21&amp;e=3930&amp;c=57&amp;r=10098\">Jazdzewski, Kewin<\/a><\/td>\n<td>POL<\/td>\n<td>Yamaha<\/td>\n<td>1 lap<\/td>\n<\/tr>\n<tr>\n<td>26<\/td>\n<td>236<\/td>\n<td><a href=\"https:\/\/results.mxgp.com\/resultsrider.aspx?ct=21&amp;e=3930&amp;c=57&amp;r=8031\">Brondbjerg, Alexander<\/a><\/td>\n<td>DEN<\/td>\n<td>Yamaha<\/td>\n<td>1 lap<\/td>\n<\/tr>\n<tr>\n<td>27<\/td>\n<td>160<\/td>\n<td><a href=\"https:\/\/results.mxgp.com\/resultsrider.aspx?ct=21&amp;e=3930&amp;c=57&amp;r=8062\">Rautiainen, Mio-Onni<\/a><\/td>\n<td>FIN<\/td>\n<td>Yamaha<\/td>\n<td>2 laps<\/td>\n<\/tr>\n<tr>\n<td>28<\/td>\n<td>589<\/td>\n<td><a href=\"https:\/\/results.mxgp.com\/resultsrider.aspx?ct=21&amp;e=3930&amp;c=57&amp;r=7880\">Van de Poel, Tyla<\/a><\/td>\n<td>BEL<\/td>\n<td>Yamaha<\/td>\n<td>4 laps<\/td>\n<\/tr>\n<tr>\n<td>29<\/td>\n<td>28<\/td>\n<td><a href=\"https:\/\/results.mxgp.com\/resultsrider.aspx?ct=21&amp;e=3930&amp;c=57&amp;r=8550\">Sorensen, Nicoline<\/a><\/td>\n<td>DEN<\/td>\n<td>Yamaha<\/td>\n<td>5 laps<\/td>\n<\/tr>\n<tr>\n<td>30<\/td>\n<td>13<\/td>\n<td><a href=\"https:\/\/results.mxgp.com\/resultsrider.aspx?ct=21&amp;e=3930&amp;c=57&amp;r=10048\">Scott, Robbie<\/a><\/td>\n<td>GBR<\/td>\n<td>Yamaha<\/td>\n<td>8 laps<\/td>\n<\/tr>\n<tr>\n<td>31<\/td>\n<td>702<\/td>\n<td><a href=\"https:\/\/results.mxgp.com\/resultsrider.aspx?ct=21&amp;e=3930&amp;c=57&amp;r=10064\">Stene, Dennis<\/a><\/td>\n<td>NOR<\/td>\n<td>Yamaha<\/td>\n<td>11 laps<\/td>\n<\/tr>\n<tr>\n<td>32<\/td>\n<td>153<\/td>\n<td><a href=\"https:\/\/results.mxgp.com\/resultsrider.aspx?ct=21&amp;e=3930&amp;c=57&amp;r=8098\">Meyer, Max<\/a><\/td>\n<td>GER<\/td>\n<td>Yamaha<\/td>\n<td>13 laps<\/td>\n<\/tr>\n<tr>\n<td>33<\/td>\n<td>374<\/td>\n<td><a href=\"https:\/\/results.mxgp.com\/resultsrider.aspx?ct=21&amp;e=3930&amp;c=57&amp;r=7876\">Riba, Oleguer<\/a><\/td>\n<td>ESP<\/td>\n<td>Yamaha<\/td>\n<td>13 laps<\/td>\n<\/tr>\n<tr>\n<td>34<\/td>\n<td>461<\/td>\n<td><a href=\"https:\/\/results.mxgp.com\/resultsrider.aspx?ct=21&amp;e=3930&amp;c=57&amp;r=10101\">Boomsma, Rutger<\/a><\/td>\n<td>NED<\/td>\n<td>Yamaha<\/td>\n<td>13 laps<\/td>\n<\/tr>\n<\/tbody>\n<\/table>\n","protected":false},"excerpt":{"rendered":"<p>Con un total de 34 motos de toda Europa y USA, se puso en marcha&#8230;<\/p>\n","protected":false},"author":2,"featured_media":72662,"comment_status":"closed","ping_status":"closed","sticky":false,"template":"","format":"standard","meta":{"om_disable_all_campaigns":false,"_monsterinsights_skip_tracking":false,"_monsterinsights_sitenote_active":false,"_monsterinsights_sitenote_note":"","_monsterinsights_sitenote_category":0,"_uf_show_specific_survey":0,"_uf_disable_surveys":false,"footnotes":""},"categories":[33],"tags":[],"class_list":["post-72965","post","type-post","status-publish","format-standard","has-post-thumbnail","hentry","category-mxon"],"aioseo_notices":[],"_links":{"self":[{"href":"https:\/\/www.crossprensa.com.ar\/news\/wp-json\/wp\/v2\/posts\/72965","targetHints":{"allow":["GET"]}}],"collection":[{"href":"https:\/\/www.crossprensa.com.ar\/news\/wp-json\/wp\/v2\/posts"}],"about":[{"href":"https:\/\/www.crossprensa.com.ar\/news\/wp-json\/wp\/v2\/types\/post"}],"author":[{"embeddable":true,"href":"https:\/\/www.crossprensa.com.ar\/news\/wp-json\/wp\/v2\/users\/2"}],"replies":[{"embeddable":true,"href":"https:\/\/www.crossprensa.com.ar\/news\/wp-json\/wp\/v2\/comments?post=72965"}],"version-history":[{"count":2,"href":"https:\/\/www.crossprensa.com.ar\/news\/wp-json\/wp\/v2\/posts\/72965\/revisions"}],"predecessor-version":[{"id":72967,"href":"https:\/\/www.crossprensa.com.ar\/news\/wp-json\/wp\/v2\/posts\/72965\/revisions\/72967"}],"wp:featuredmedia":[{"embeddable":true,"href":"https:\/\/www.crossprensa.com.ar\/news\/wp-json\/wp\/v2\/media\/72662"}],"wp:attachment":[{"href":"https:\/\/www.crossprensa.com.ar\/news\/wp-json\/wp\/v2\/media?parent=72965"}],"wp:term":[{"taxonomy":"category","embeddable":true,"href":"https:\/\/www.crossprensa.com.ar\/news\/wp-json\/wp\/v2\/categories?post=72965"},{"taxonomy":"post_tag","embeddable":true,"href":"https:\/\/www.crossprensa.com.ar\/news\/wp-json\/wp\/v2\/tags?post=72965"}],"curies":[{"name":"wp","href":"https:\/\/api.w.org\/{rel}","templated":true}]}}