{"id":72203,"date":"2024-09-02T11:00:02","date_gmt":"2024-09-02T14:00:02","guid":{"rendered":"https:\/\/www.crossprensa.com.ar\/news\/?p=72203"},"modified":"2024-09-02T11:00:02","modified_gmt":"2024-09-02T14:00:02","slug":"ken-roczen-y-sus-problemas-de-salud","status":"publish","type":"post","link":"https:\/\/www.crossprensa.com.ar\/news\/ken-roczen-y-sus-problemas-de-salud\/ama-motocross\/","title":{"rendered":"KEN ROCZEN y sus problemas de salud."},"content":{"rendered":"<p>Fue interesante ver a Ken Roczen en el partidor de la categor\u00eda 250cc en la \u00faltima fecha de los AMA Nationals que tuvo lugar en Ironman y ver que en los tiempos de clasificaci\u00f3n fue segundo y considerando que no ha corrido en la clase de 250cc en a\u00f1os. , lo hizo bastante bien.<\/p>\n<p><!--more--><\/p>\n<p><img fetchpriority=\"high\" decoding=\"async\" class=\"wp-image-72204 alignleft\" src=\"https:\/\/www.crossprensa.com.ar\/news\/wp-content\/uploads\/2024\/09\/GT5g8VHbIAA7Vlp.jpeg\" alt=\"\" width=\"563\" height=\"668\" srcset=\"https:\/\/www.crossprensa.com.ar\/news\/wp-content\/uploads\/2024\/09\/GT5g8VHbIAA7Vlp.jpeg 1300w, https:\/\/www.crossprensa.com.ar\/news\/wp-content\/uploads\/2024\/09\/GT5g8VHbIAA7Vlp-253x300.jpeg 253w, https:\/\/www.crossprensa.com.ar\/news\/wp-content\/uploads\/2024\/09\/GT5g8VHbIAA7Vlp-337x400.jpeg 337w, https:\/\/www.crossprensa.com.ar\/news\/wp-content\/uploads\/2024\/09\/GT5g8VHbIAA7Vlp-768x911.jpeg 768w, https:\/\/www.crossprensa.com.ar\/news\/wp-content\/uploads\/2024\/09\/GT5g8VHbIAA7Vlp-1295x1536.jpeg 1295w, https:\/\/www.crossprensa.com.ar\/news\/wp-content\/uploads\/2024\/09\/GT5g8VHbIAA7Vlp-1024x1215.jpeg 1024w\" sizes=\"(max-width: 563px) 100vw, 563px\" \/><\/p>\n<p><span>Esperemos que Roczen resuelva los problemas antes del MXoN en octubre porque si est\u00e1 en plena forma, para Alemania podr\u00eda ser un verdadero problema.<\/span><\/p>\n<p><strong><span>Roczen dijo:<\/span><\/strong><\/p>\n<p><em><span>\u201cLa buena noticia es que todav\u00eda s\u00e9 andar en moto de cross. Las malas noticias no durar\u00e1n mucho. Estoy teniendo algunas dificultades con mi sistema energ\u00e9tico (f\u00edsico) en este momento y ya lo sab\u00eda a principios del fin de semana pasado, pero realmente quer\u00eda largar y noo sentarme en el sof\u00e1. Nada que no haya solucionado antes y estar\u00e9 atento. No sent\u00ed demasiado calor ni siquiera yendo a Unadilla, pero afortunadamente pude soportarlo porque all\u00ed no hac\u00eda calor y es lo que m\u00e1s me afecta. Qui\u00e9n sabe, quiz\u00e1 vuelva en el futuro para redimirme un poco en la categor\u00eda de 250 cc. Ya he empezado a trabajar en m\u00ed porque sabemos c\u00f3mo y qu\u00e9 hacer y estoy seguro de que de aqu\u00ed en adelante ser\u00e1 todo cuesta arriba. Gracias a todos los que hicieron esto posible. \u00a1Ha sido incre\u00edble ver a la gente unirse y trabajar hasta el cansancio por m\u00ed!\u201d<\/span><\/em><\/p>\n","protected":false},"excerpt":{"rendered":"<p>Fue interesante ver a Ken Roczen en el partidor de la categor\u00eda 250cc en la&#8230;<\/p>\n","protected":false},"author":2,"featured_media":72205,"comment_status":"closed","ping_status":"closed","sticky":false,"template":"","format":"standard","meta":{"om_disable_all_campaigns":false,"_monsterinsights_skip_tracking":false,"_monsterinsights_sitenote_active":false,"_monsterinsights_sitenote_note":"","_monsterinsights_sitenote_category":0,"_uf_show_specific_survey":0,"_uf_disable_surveys":false,"footnotes":""},"categories":[25],"tags":[],"class_list":["post-72203","post","type-post","status-publish","format-standard","has-post-thumbnail","hentry","category-ama-motocross"],"aioseo_notices":[],"_links":{"self":[{"href":"https:\/\/www.crossprensa.com.ar\/news\/wp-json\/wp\/v2\/posts\/72203","targetHints":{"allow":["GET"]}}],"collection":[{"href":"https:\/\/www.crossprensa.com.ar\/news\/wp-json\/wp\/v2\/posts"}],"about":[{"href":"https:\/\/www.crossprensa.com.ar\/news\/wp-json\/wp\/v2\/types\/post"}],"author":[{"embeddable":true,"href":"https:\/\/www.crossprensa.com.ar\/news\/wp-json\/wp\/v2\/users\/2"}],"replies":[{"embeddable":true,"href":"https:\/\/www.crossprensa.com.ar\/news\/wp-json\/wp\/v2\/comments?post=72203"}],"version-history":[{"count":1,"href":"https:\/\/www.crossprensa.com.ar\/news\/wp-json\/wp\/v2\/posts\/72203\/revisions"}],"predecessor-version":[{"id":72206,"href":"https:\/\/www.crossprensa.com.ar\/news\/wp-json\/wp\/v2\/posts\/72203\/revisions\/72206"}],"wp:featuredmedia":[{"embeddable":true,"href":"https:\/\/www.crossprensa.com.ar\/news\/wp-json\/wp\/v2\/media\/72205"}],"wp:attachment":[{"href":"https:\/\/www.crossprensa.com.ar\/news\/wp-json\/wp\/v2\/media?parent=72203"}],"wp:term":[{"taxonomy":"category","embeddable":true,"href":"https:\/\/www.crossprensa.com.ar\/news\/wp-json\/wp\/v2\/categories?post=72203"},{"taxonomy":"post_tag","embeddable":true,"href":"https:\/\/www.crossprensa.com.ar\/news\/wp-json\/wp\/v2\/tags?post=72203"}],"curies":[{"name":"wp","href":"https:\/\/api.w.org\/{rel}","templated":true}]}}