{"id":72139,"date":"2024-08-28T08:54:20","date_gmt":"2024-08-28T11:54:20","guid":{"rendered":"https:\/\/www.crossprensa.com.ar\/news\/?p=72139"},"modified":"2024-08-28T08:54:20","modified_gmt":"2024-08-28T11:54:20","slug":"mxon-dudas-en-el-equipo-usa","status":"publish","type":"post","link":"https:\/\/www.crossprensa.com.ar\/news\/mxon-dudas-en-el-equipo-usa\/mxon\/","title":{"rendered":"MXoN: Dudas en el equipo USA!"},"content":{"rendered":"<p>Plessinger y Sexton est\u00e1n confirmados para el equipo pero Hayden Deegan que era el candidato natural a correr en 250, est\u00e1 en serias dudas para poder participar en Inglaterra.<\/p>\n<p>Que pasa? Enterate leyendo la nota&#8230;<\/p>\n<p><!--more--><\/p>\n<p><span>Haiden Deegan dice que quiere competir en el MXoN, pero tambi\u00e9n tiene que quitarse los tornillos de la mu\u00f1eca&#8230; y depende de \u00e9l y del equipo tomar una decisi\u00f3n.<\/span><\/p>\n<p><span><img fetchpriority=\"high\" decoding=\"async\" class=\"wp-image-72141 alignleft\" src=\"https:\/\/www.crossprensa.com.ar\/news\/wp-content\/uploads\/2024\/08\/WhatsApp-Image-2024-08-28-at-08.53.31.jpeg\" alt=\"\" width=\"342\" height=\"228\" srcset=\"https:\/\/www.crossprensa.com.ar\/news\/wp-content\/uploads\/2024\/08\/WhatsApp-Image-2024-08-28-at-08.53.31.jpeg 1536w, https:\/\/www.crossprensa.com.ar\/news\/wp-content\/uploads\/2024\/08\/WhatsApp-Image-2024-08-28-at-08.53.31-300x200.jpeg 300w, https:\/\/www.crossprensa.com.ar\/news\/wp-content\/uploads\/2024\/08\/WhatsApp-Image-2024-08-28-at-08.53.31-600x400.jpeg 600w, https:\/\/www.crossprensa.com.ar\/news\/wp-content\/uploads\/2024\/08\/WhatsApp-Image-2024-08-28-at-08.53.31-768x512.jpeg 768w, https:\/\/www.crossprensa.com.ar\/news\/wp-content\/uploads\/2024\/08\/WhatsApp-Image-2024-08-28-at-08.53.31-1024x683.jpeg 1024w\" sizes=\"(max-width: 342px) 100vw, 342px\" \/>En declaraciones al programa Vital MotoXPod, Haiden dijo: &#8220;Ha sido un tema importante, todav\u00eda se est\u00e1 negociando, depende en gran medida del equipo, todav\u00eda tengo que quitarme los tornillos de la mu\u00f1eca, as\u00ed que depende del equipo si quieren que est\u00e9 listo para el pr\u00f3ximo supercross. Realmente es de \u00faltimo momento, estamos tratando de resolverlo. El equipo y obviamente yo queremos que la mu\u00f1eca se cure correctamente para que pueda tener una buena pretemporada.<\/span><\/p>\n<p><span>\u201cEso es lo que (los m\u00e9dicos) recomendaron lo antes posible&#8230; es inteligente quit\u00e1rselo mientras se tiene la oportunidad. Obviamente quiero ir a competir por mi pa\u00eds y competir con los otros pilotos de GP. Definitivamente estamos tratando de resolverlo. Realmente quiero correr all\u00ed, realmente creo que este a\u00f1o soy el piloto m\u00e1s r\u00e1pido de 250, as\u00ed que quiero ir a competir con los pilotos m\u00e1s r\u00e1pidos de 250 all\u00ed, al 100%, pero hay mucho m\u00e1s que eso con mi cuerpo, con mi equipo, as\u00ed que hay cosas que suceden detr\u00e1s de escena. Pero definitivamente me gustar\u00eda correr el MXoN&#8230;\u201d.<\/span><\/p>\n","protected":false},"excerpt":{"rendered":"<p>Plessinger y Sexton est\u00e1n confirmados para el equipo pero Hayden Deegan que era el candidato&#8230;<\/p>\n","protected":false},"author":2,"featured_media":72140,"comment_status":"closed","ping_status":"closed","sticky":false,"template":"","format":"standard","meta":{"om_disable_all_campaigns":false,"_monsterinsights_skip_tracking":false,"_monsterinsights_sitenote_active":false,"_monsterinsights_sitenote_note":"","_monsterinsights_sitenote_category":0,"_uf_show_specific_survey":0,"_uf_disable_surveys":false,"footnotes":""},"categories":[33],"tags":[],"class_list":["post-72139","post","type-post","status-publish","format-standard","has-post-thumbnail","hentry","category-mxon"],"aioseo_notices":[],"_links":{"self":[{"href":"https:\/\/www.crossprensa.com.ar\/news\/wp-json\/wp\/v2\/posts\/72139","targetHints":{"allow":["GET"]}}],"collection":[{"href":"https:\/\/www.crossprensa.com.ar\/news\/wp-json\/wp\/v2\/posts"}],"about":[{"href":"https:\/\/www.crossprensa.com.ar\/news\/wp-json\/wp\/v2\/types\/post"}],"author":[{"embeddable":true,"href":"https:\/\/www.crossprensa.com.ar\/news\/wp-json\/wp\/v2\/users\/2"}],"replies":[{"embeddable":true,"href":"https:\/\/www.crossprensa.com.ar\/news\/wp-json\/wp\/v2\/comments?post=72139"}],"version-history":[{"count":1,"href":"https:\/\/www.crossprensa.com.ar\/news\/wp-json\/wp\/v2\/posts\/72139\/revisions"}],"predecessor-version":[{"id":72142,"href":"https:\/\/www.crossprensa.com.ar\/news\/wp-json\/wp\/v2\/posts\/72139\/revisions\/72142"}],"wp:featuredmedia":[{"embeddable":true,"href":"https:\/\/www.crossprensa.com.ar\/news\/wp-json\/wp\/v2\/media\/72140"}],"wp:attachment":[{"href":"https:\/\/www.crossprensa.com.ar\/news\/wp-json\/wp\/v2\/media?parent=72139"}],"wp:term":[{"taxonomy":"category","embeddable":true,"href":"https:\/\/www.crossprensa.com.ar\/news\/wp-json\/wp\/v2\/categories?post=72139"},{"taxonomy":"post_tag","embeddable":true,"href":"https:\/\/www.crossprensa.com.ar\/news\/wp-json\/wp\/v2\/tags?post=72139"}],"curies":[{"name":"wp","href":"https:\/\/api.w.org\/{rel}","templated":true}]}}