{"id":72115,"date":"2024-08-25T07:45:05","date_gmt":"2024-08-25T10:45:05","guid":{"rendered":"https:\/\/www.crossprensa.com.ar\/news\/?p=72115"},"modified":"2024-08-25T07:45:05","modified_gmt":"2024-08-25T10:45:05","slug":"ama-pro-mx-ironman-en-video","status":"publish","type":"post","link":"https:\/\/www.crossprensa.com.ar\/news\/ama-pro-mx-ironman-en-video\/ama-motocross\/","title":{"rendered":"AMA PRO MX: Ironman en video!"},"content":{"rendered":"<p>Un fin de a\u00f1o a todo motocross para esta temporada 2024 del campeonato AMA PRO MX, que durante 11 carreras mostr\u00f3 un nivel incre\u00edble a que solo faltar\u00eda ver en ese deseado &#8220;mano a mano&#8221; con los pilotos europeos.<\/p>\n<p>Est\u00e1 en los planes la confrontaci\u00f3n. Cuando? Nosotros se los vamos a contar&#8230; ahora, disfruten de estas im\u00e1genes!<\/p>\n<p><!--more--><\/p>\n<p><a href=\"https:\/\/www.instagram.com\/dose.bar\/?hl=en\"><img fetchpriority=\"high\" decoding=\"async\" class=\"alignnone wp-image-71904 size-full\" src=\"https:\/\/www.crossprensa.com.ar\/news\/wp-content\/uploads\/2024\/08\/dose-bar.gif\" alt=\"\" width=\"1200\" height=\"100\" \/><\/a><\/p>\n<p><iframe title=\"Pro Motocross 2024 EXTENDED HIGHLIGHTS: Round 11, Ironman | 8\/24\/24 | Motorsports on NBC\" width=\"640\" height=\"360\" src=\"https:\/\/www.youtube.com\/embed\/yazUsxQk7RQ?start=4&#038;feature=oembed\" frameborder=\"0\" allow=\"accelerometer; autoplay; clipboard-write; encrypted-media; gyroscope; picture-in-picture; web-share\" referrerpolicy=\"strict-origin-when-cross-origin\" allowfullscreen><\/iframe><\/p>\n","protected":false},"excerpt":{"rendered":"<p>Un fin de a\u00f1o a todo motocross para esta temporada 2024 del campeonato AMA PRO&#8230;<\/p>\n","protected":false},"author":2,"featured_media":72108,"comment_status":"closed","ping_status":"closed","sticky":false,"template":"","format":"standard","meta":{"om_disable_all_campaigns":false,"_monsterinsights_skip_tracking":false,"_monsterinsights_sitenote_active":false,"_monsterinsights_sitenote_note":"","_monsterinsights_sitenote_category":0,"_uf_show_specific_survey":0,"_uf_disable_surveys":false,"footnotes":""},"categories":[25],"tags":[],"class_list":["post-72115","post","type-post","status-publish","format-standard","has-post-thumbnail","hentry","category-ama-motocross"],"aioseo_notices":[],"_links":{"self":[{"href":"https:\/\/www.crossprensa.com.ar\/news\/wp-json\/wp\/v2\/posts\/72115","targetHints":{"allow":["GET"]}}],"collection":[{"href":"https:\/\/www.crossprensa.com.ar\/news\/wp-json\/wp\/v2\/posts"}],"about":[{"href":"https:\/\/www.crossprensa.com.ar\/news\/wp-json\/wp\/v2\/types\/post"}],"author":[{"embeddable":true,"href":"https:\/\/www.crossprensa.com.ar\/news\/wp-json\/wp\/v2\/users\/2"}],"replies":[{"embeddable":true,"href":"https:\/\/www.crossprensa.com.ar\/news\/wp-json\/wp\/v2\/comments?post=72115"}],"version-history":[{"count":1,"href":"https:\/\/www.crossprensa.com.ar\/news\/wp-json\/wp\/v2\/posts\/72115\/revisions"}],"predecessor-version":[{"id":72116,"href":"https:\/\/www.crossprensa.com.ar\/news\/wp-json\/wp\/v2\/posts\/72115\/revisions\/72116"}],"wp:featuredmedia":[{"embeddable":true,"href":"https:\/\/www.crossprensa.com.ar\/news\/wp-json\/wp\/v2\/media\/72108"}],"wp:attachment":[{"href":"https:\/\/www.crossprensa.com.ar\/news\/wp-json\/wp\/v2\/media?parent=72115"}],"wp:term":[{"taxonomy":"category","embeddable":true,"href":"https:\/\/www.crossprensa.com.ar\/news\/wp-json\/wp\/v2\/categories?post=72115"},{"taxonomy":"post_tag","embeddable":true,"href":"https:\/\/www.crossprensa.com.ar\/news\/wp-json\/wp\/v2\/tags?post=72115"}],"curies":[{"name":"wp","href":"https:\/\/api.w.org\/{rel}","templated":true}]}}