{"id":72097,"date":"2024-08-23T09:17:35","date_gmt":"2024-08-23T12:17:35","guid":{"rendered":"https:\/\/www.crossprensa.com.ar\/news\/?p=72097"},"modified":"2024-08-23T10:01:18","modified_gmt":"2024-08-23T13:01:18","slug":"feliz-cumpleanos-la-barda","status":"publish","type":"post","link":"https:\/\/www.crossprensa.com.ar\/news\/feliz-cumpleanos-la-barda\/historia\/","title":{"rendered":"FELIZ CUMPLEA\u00d1OS, LA BARDA!!!"},"content":{"rendered":"<p>Es con emoci\u00f3n que escribimos esta nota, porque desde 1978 el circuito neuquino de LA BARDA tiene historia ininterrumpida! Mucho motocross, mucha vida! y pasaron nombres ENORMES de nuestro deporte por ese piso m\u00e1gico que sigue siendo una f\u00e1brica de ilusiones y pasi\u00f3n.<\/p>\n<p>En este video, queremos homenajear a TODOS los que hicieron y hacen grande al Motocross Club Neuqu\u00e9n, y decirles GRACIAS POR TANTA PASI\u00d3N!!! en la foto de portada, salta Gustavo Beamonte!<\/p>\n<p><!--more--><\/p>\n<p><iframe title=\"La Barda en Neuqu\u00e9n, cumple a\u00f1os... y lo festejamos al estilo de Crossprensa!\" width=\"640\" height=\"360\" src=\"https:\/\/www.youtube.com\/embed\/h37vMZpq8Sc?feature=oembed\" frameborder=\"0\" allow=\"accelerometer; autoplay; clipboard-write; encrypted-media; gyroscope; picture-in-picture; web-share\" referrerpolicy=\"strict-origin-when-cross-origin\" allowfullscreen><\/iframe><\/p>\n","protected":false},"excerpt":{"rendered":"<p>Es con emoci\u00f3n que escribimos esta nota, porque desde 1978 el circuito neuquino de LA&#8230;<\/p>\n","protected":false},"author":2,"featured_media":72098,"comment_status":"closed","ping_status":"closed","sticky":false,"template":"","format":"standard","meta":{"om_disable_all_campaigns":false,"_monsterinsights_skip_tracking":false,"_monsterinsights_sitenote_active":false,"_monsterinsights_sitenote_note":"","_monsterinsights_sitenote_category":0,"_uf_show_specific_survey":0,"_uf_disable_surveys":false,"footnotes":""},"categories":[13],"tags":[],"class_list":["post-72097","post","type-post","status-publish","format-standard","has-post-thumbnail","hentry","category-historia"],"aioseo_notices":[],"_links":{"self":[{"href":"https:\/\/www.crossprensa.com.ar\/news\/wp-json\/wp\/v2\/posts\/72097","targetHints":{"allow":["GET"]}}],"collection":[{"href":"https:\/\/www.crossprensa.com.ar\/news\/wp-json\/wp\/v2\/posts"}],"about":[{"href":"https:\/\/www.crossprensa.com.ar\/news\/wp-json\/wp\/v2\/types\/post"}],"author":[{"embeddable":true,"href":"https:\/\/www.crossprensa.com.ar\/news\/wp-json\/wp\/v2\/users\/2"}],"replies":[{"embeddable":true,"href":"https:\/\/www.crossprensa.com.ar\/news\/wp-json\/wp\/v2\/comments?post=72097"}],"version-history":[{"count":2,"href":"https:\/\/www.crossprensa.com.ar\/news\/wp-json\/wp\/v2\/posts\/72097\/revisions"}],"predecessor-version":[{"id":72100,"href":"https:\/\/www.crossprensa.com.ar\/news\/wp-json\/wp\/v2\/posts\/72097\/revisions\/72100"}],"wp:featuredmedia":[{"embeddable":true,"href":"https:\/\/www.crossprensa.com.ar\/news\/wp-json\/wp\/v2\/media\/72098"}],"wp:attachment":[{"href":"https:\/\/www.crossprensa.com.ar\/news\/wp-json\/wp\/v2\/media?parent=72097"}],"wp:term":[{"taxonomy":"category","embeddable":true,"href":"https:\/\/www.crossprensa.com.ar\/news\/wp-json\/wp\/v2\/categories?post=72097"},{"taxonomy":"post_tag","embeddable":true,"href":"https:\/\/www.crossprensa.com.ar\/news\/wp-json\/wp\/v2\/tags?post=72097"}],"curies":[{"name":"wp","href":"https:\/\/api.w.org\/{rel}","templated":true}]}}