{"id":72024,"date":"2024-08-19T09:22:20","date_gmt":"2024-08-19T12:22:20","guid":{"rendered":"https:\/\/www.crossprensa.com.ar\/news\/?p=72024"},"modified":"2024-08-19T09:34:35","modified_gmt":"2024-08-19T12:34:35","slug":"mxgp-arhem-fue-durisimo-y-el-rey-de-la-arena-lucio-su-corona-video","status":"publish","type":"post","link":"https:\/\/www.crossprensa.com.ar\/news\/mxgp-arhem-fue-durisimo-y-el-rey-de-la-arena-lucio-su-corona-video\/mxgp\/","title":{"rendered":"MXGP: ARHEM FUE DURISIMO! Y el rey de la arena luci\u00f3 su corona. VIDEO!"},"content":{"rendered":"<p>La profunda arena holandesa del circuito<strong>\u00a0<\/strong><strong>Motorsportpark Gelderland Midden<\/strong>, cerca de la hist\u00f3rica ciudad de\u00a0<strong>Arnhem<\/strong>, fue el escenario de la fecha\u00a016 del\u00a0<strong>Campeonato Mundial de Motocross FIM<\/strong>, y el\u00a0<strong>MXGP de los Pa\u00edses Bajos\u00a0<\/strong>atrajo a una cantidad enorme de apasionados que posiblemente podr\u00edan esperar que sus pilotos arrasen las cuatro carreras de las dos categor\u00edas para sus h\u00e9roes durante todo el fin de semana.<\/p>\n<p><!--more--><\/p>\n<p>Despu\u00e9s de que la ma\u00f1ana del domingo viera a las corredoras holandesas obtener la victoria general tanto en\u00a0<strong>EMX125 Presented by FMF Racing\u00a0<\/strong>como en el\u00a0<strong>Campeonato Mundial de Motocross Femenino WMX,\u00a0<\/strong>la multitud estaba ansiosa por ver m\u00e1s \u00e9xito local y probablemente lo viera despu\u00e9s de una victoria de\u00a0<strong>Glenn Coldenhoff\u00a0<\/strong>y un ataque casi del \u00faltimo al segundo lugar de\u00a0<strong>Kay de Wolf\u00a0<\/strong>en las dos\u00a0<strong>carreras clasificatorias de RAM\u00a0<\/strong>el s\u00e1bado.<\/p>\n<p>El atractivo adicional del debut del\u00a0<strong>Ducati Factory MX Team,\u00a0<\/strong>con su m\u00e1quina\u00a0<strong>Desmo450 MX\u00a0<\/strong>pilotada nada menos que por el nueve veces Campe\u00f3n del Mundo\u00a0<strong>Antonio Cairoli,\u00a0<\/strong>atrajo a muchos fan\u00e1ticos curiosos a la zona del paddock para ver c\u00f3mo era realmente la primera incursi\u00f3n de la ic\u00f3nica marca italiana en el motocross.<\/p>\n<p>La clase MXGP entreg\u00f3 exactamente lo que el p\u00fablico local estaba buscando, una doble victoria dominante para\u00a0<strong>Jeffrey Herlings\u00a0<\/strong>y\u00a0<strong>Red Bull KTM Factory Racing,\u00a0<\/strong>pero &#8220;The Bullet&#8221; tuvo que cavar profundamente en su aparentemente inagotable barril de fuerza y determinaci\u00f3n para escalar desde fuera de los diez primeros en la primera carrera. Luego, una pelea directa con sus dos principales rivales del Campeonato en la segunda carrera tuvo al recinto abarrotado hechizado, ya que el ambiente se mantuvo tenso hasta el final de la carrera.<\/p>\n<p>La batalla por el Campeonato del Mundo de MX2 entre los compa\u00f1eros de equipo de\u00a0<strong>Nestaan Husqvarna Factory Racing<\/strong>\u00a0continu\u00f3 oscilando de un lado a otro, con\u00a0<strong>Lucas Coenen\u00a0<\/strong>neg\u00e1ndole a\u00a0<strong>Kay de Wolf\u00a0<\/strong>la victoria en casa que tanto anhelaba. El adolescente holand\u00e9s sufri\u00f3 un par de ca\u00eddas que tambi\u00e9n le costaron una peque\u00f1a parte de su ventaja en el Campeonato en el proceso.<\/p>\n<p><strong>Jeffrey Herlings:<\/strong><em>\u00a0&#8220;Finalmente tuve un buen comienzo, creo que fui P3 y segu\u00ed a Glenn (Coldenhoff) y Tim (Gajser) por un tiempo. Solo quer\u00eda tratar de atacar, ya sabes, y comet\u00ed un error y Jorge me pas\u00f3 y trat\u00e9 de seguirlos y ya sabes, una vez que pasaron a Glenn, tambi\u00e9n pas\u00e9 directamente a Glenn y luego logr\u00e9 pasar a Tim y obviamente obtuve una gran ventaja. As\u00ed que estoy muy emocionado con un 1-1 en casa. As\u00ed que ha pasado un tiempo desde que gan\u00e9 un GP de casa, as\u00ed que estoy muy contento con \u00e9l. Y estoy deseando que llegue Suiza el pr\u00f3ximo fin de semana&#8221;.<\/em><\/p>\n<p><strong>Jorge Prado:<\/strong>\u00a0<em>&#8220;Creo que ha sido un fin de semana muy bueno para m\u00ed. Mostr\u00e9 buena velocidad y s\u00ed, esa segunda carrera fue muy interesante. Estaba, creo, tercero, cuarto en la salida y luego pude llegar al primero. Luego Jeffrey se acerc\u00f3 y tuvo un momento con un rezagado que se cay\u00f3 justo frente a m\u00ed que hizo que Jeffrey se pasara un poco de la raya. Pero lo mantuve mientras empujaba hasta casi dos vueltas para el final, supe entonces que ya no pod\u00eda alcanzarlo, pero \u00edbamos a un buen ritmo y estoy contento con eso, estoy feliz de sentirme muy en forma en este momento y nos estamos acercando al campeonato. ahora solo estamos a nueve puntos, as\u00ed que nos estamos acercando al campeonato y no puedo esperar para correr en Suiza, as\u00ed que vamos&#8221;.<\/em><\/p>\n<p><strong>Tim Gajser:<\/strong>\u00a0<em>&#8220;Quiero decir que tengo que estar contento, ya sabes, en comparaci\u00f3n con Lommel, donde estaba luchando mucho y ahora en la arena el equipo hizo una gran tarea, como entrenamos, probamos, cambiamos algunas cosas y me sent\u00ed mucho m\u00e1s c\u00f3modo este fin de semana. El ritmo era bueno, est\u00e1bamos muy cerca. Es una l\u00e1stima esa ca\u00edda en la segunda carrera. No sent\u00ed que me estuviera empujando a m\u00ed mismo, pero solo un peque\u00f1o error, ya sabes, y la pista era bastante \u00e1spera e incompleta y s\u00ed, simplemente se me barri\u00f3 de adelante y luego ca\u00ed hacia atr\u00e1s y luego Coldenhoff me atrap\u00f3 y luego tuvimos que empujar muy duro durante las \u00faltimas tres vueltas, pero de todos modos estoy feliz de terminar en el podio. Perdimos un par de puntos, pero seguimos en cabeza, as\u00ed que quedan cuatro carreras en las que me gusta la pista que se avecina, as\u00ed que tengo muchas ganas&#8221;.<\/em><\/p>\n<p><img decoding=\"async\" class=\"aligncenter\" src=\"https:\/\/www.mxgp.com\/sites\/default\/files\/images\/Images%20for%20PR\/MXGP_RGB.jpg\" alt=\"\" data-imagetype=\"External\" \/><br \/>\n<img decoding=\"async\" class=\"aligncenter\" src=\"https:\/\/www.mxgp.com\/sites\/default\/files\/images\/Images%20for%20PR\/Red%20line.jpg\" alt=\"\" data-imagetype=\"External\" \/><\/p>\n<p><img fetchpriority=\"high\" decoding=\"async\" class=\"alignleft\" src=\"https:\/\/www.mxgp.com\/sites\/default\/files\/images\/9B3A9296.jpg\" alt=\"\" width=\"412\" height=\"274\" data-imagetype=\"External\" \/>\u00a0 \u00a0 \u00a0\u00a0<img decoding=\"async\" class=\"\" src=\"https:\/\/www.mxgp.com\/sites\/default\/files\/images\/9B3A9802(1).jpg\" alt=\"\" width=\"391\" height=\"260\" data-imagetype=\"External\" \/><\/p>\n<p><strong><span style=\"vertical-align: inherit;\"><span style=\"vertical-align: inherit;\">MXGP &#8211; Gran Premio Carrera 1 &#8211; Clasificaci\u00f3n Top 10:<\/span><\/span><\/strong><strong>\u00a0<\/strong><span style=\"vertical-align: inherit;\"><span style=\"vertical-align: inherit;\"> 1. Jeffrey Herlings (NED, KTM), 34:52.707; 2. Jorge Prado (ESP, GASGAS), +0:03.244; 3. Glenn Coldenhoff (NED, Fantic), +0:04.637; 4. Tim Gajser (SLO, Honda), +0:13.281; 5. Romain Febvre (FRA, Kawasaki), +0:31.188; 6. Jeremy Seewer (SUI, Kawasaki), +0:55.258; 7. Andrea Bonacorsi (ITA, Yamaha), +0:56.862; 8. Kevin Horgmo (NOR, Honda), +1:00.182; 9. Alberto Forato (ITA, Honda), +1:05.013; 10. Jago Geerts (BEL, Yamaha), +1:17.172<\/span><\/span><\/p>\n<p><strong><span style=\"vertical-align: inherit;\"><span style=\"vertical-align: inherit;\">MXGP &#8211; Gran Premio Carrera 2 &#8211; Clasificaci\u00f3n Top 10:<\/span><\/span><\/strong><strong>\u00a0<\/strong><span style=\"vertical-align: inherit;\"><span style=\"vertical-align: inherit;\"> 1. Jeffrey Herlings (NED, KTM), 35:08.709; 2. Jorge Prado (ESP, GASGAS), +0:09.413; 3. Tim Gajser (SLO, Honda), +0:11.378; 4. Glenn Coldenhoff (NED, Fantic), +0:11.871; 5. Romain Febvre (FRA, Kawasaki), +0:25.059; 6. Jeremy Seewer (SUI, Kawasaki), +0:59.787; 7. Mattia Guadagnini (ITA, Husqvarna), +1:01.385; 8. Brent Van Doninck (BEL, Honda), +1:03.868; 9. Andrea Bonacorsi (ITA, Yamaha), +1:11.940; 10. Kevin Horgmo (NOR, Honda), +1:17.119<\/span><\/span><\/p>\n<p><strong><span style=\"vertical-align: inherit;\"><span style=\"vertical-align: inherit;\">MXGP General &#8211; Clasificaci\u00f3n Top 10:<\/span><\/span><\/strong><strong>\u00a0<\/strong><span style=\"vertical-align: inherit;\"><span style=\"vertical-align: inherit;\"> 1. Jeffrey Herlings (NED, KTM), 50 puntos; 2. Jorge Prado (ESP, GAS), 44 p.; 3. Tim Gajser (SLO, HON), 38 p.; 4. Glenn Coldenhoff (NED, FAN), 38 p\u00e1ginas; 5. Romain Febvre (FRA, KAW), 32 p.; 6. Jeremy Seewer (SUI, KAW), 30 p\u00e1ginas; 7. Andrea Bonacorsi (ITA, YAM), 26 p.; 8. Mattia Guadagnini (ITA, HUS), 24 p.; 9. Kevin Horgmo (NOR, HON), 24 p.; 10. Alberto Forato (ITA, HON), 22p<\/span><\/span><\/p>\n<p><strong><span style=\"vertical-align: inherit;\"><span style=\"vertical-align: inherit;\">MXGP &#8211; Campeonato del Mundo &#8211; Clasificaci\u00f3n Top 10:<\/span><\/span><\/strong><strong>\u00a0<\/strong><span style=\"vertical-align: inherit;\"><span style=\"vertical-align: inherit;\"> 1. Tim Gajser (SLO, HON), 801 puntos; 2. Jorge Prado (ESP, GAS), 792 p.; 3. Jeffrey Herlings (NED, KTM), 766 p.; 4. Calvin Vlaanderen (NED, YAM), 550 p.; 5. Jeremy Seewer (SUI, KAW), 547 p.; 6. Glenn Coldenhoff (NED, FAN), 495 p.; 7. Romain Febvre (FRA, KAW), 492 p.; 8. Kevin Horgmo (NOR, HON), 359 p.; 9. Valentin Guillod (SUI, HON), 306 p.; 10. Brian Bogers (NED, FAN), 283 p.<\/span><\/span><\/p>\n<p>&nbsp;<\/p>\n<p>&nbsp;<\/p>\n<p align=\"center\"><img decoding=\"async\" src=\"https:\/\/www.mxgp.com\/sites\/default\/files\/images\/Images%20for%20PR\/MX2_RGB.jpg\" alt=\"\" data-imagetype=\"External\" \/><br \/>\n<img decoding=\"async\" src=\"https:\/\/www.mxgp.com\/sites\/default\/files\/images\/Images%20for%20PR\/Red%20line.jpg\" alt=\"\" data-imagetype=\"External\" \/><\/p>\n<p><img decoding=\"async\" src=\"https:\/\/www.mxgp.com\/sites\/default\/files\/images\/5Y7A4168.jpg\" alt=\"\" data-imagetype=\"External\" \/><\/p>\n<p><strong><span style=\"vertical-align: inherit;\"><span style=\"vertical-align: inherit;\">Lucas Coenen: <\/span><\/span><\/strong>\u00a0<em><span style=\"vertical-align: inherit;\"><span style=\"vertical-align: inherit;\">\u201cTuve dos salidas realmente malas y luego fui remontando. Era bastante dif\u00edcil adelantar en algunos lugares, as\u00ed que encontr\u00e9 algunos de ellos y fui segundo en la primera carrera. Luego, en la segunda carrera, quer\u00eda ganar y tambi\u00e9n conseguir esa largada, pero Kai cometi\u00f3 un error, lo pas\u00e9, luego adelant\u00e9 a mi hermano y me puse en la punta y termin\u00e9 la carrera a la perfecci\u00f3n. As\u00ed que, quiero decir, buen fin de semana, ahora a Suiza\u201d.<\/span><\/span><\/em><\/p>\n<p><strong><span style=\"vertical-align: inherit;\"><span style=\"vertical-align: inherit;\">Kay de Wolf: <\/span><\/span><\/strong>\u00a0<em><span style=\"vertical-align: inherit;\"><span style=\"vertical-align: inherit;\">\u201cLa ca\u00edda fue culpa m\u00eda, pero acabamos de descubrir cu\u00e1l era el problema con la moto y estoy muy contento de haberla tra\u00eddo a casa. As\u00ed que, s\u00ed, podr\u00eda haber acabado mucho peor que esto. Pero aun as\u00ed, estoy un poco decepcionado por no haber conseguido esta victoria en el GP delante de todos los aficionados holandeses, pero es lo que es y seguimos adelante\u201d.<\/span><\/span><\/em><\/p>\n<p><strong><span style=\"vertical-align: inherit;\"><span style=\"vertical-align: inherit;\">Andrea Adamo: <\/span><\/span><\/strong>\u00a0<em><span style=\"vertical-align: inherit;\"><span style=\"vertical-align: inherit;\">\u201c\u00a1Es genial, estoy muy feliz! El fin de semana no empez\u00f3 muy bien, qued\u00e9 12\u00ba en los entrenamientos libres y 16\u00ba en los entrenamientos cronometrados, as\u00ed que en la carrera de clasificaci\u00f3n de RAM estaba muy lejos, pero hice una buena largada y luego me puse en una buena posici\u00f3n. Dos carreras realmente s\u00f3lidas, tuve un poco de suerte porque Kay tuvo un accidente y luego tuvo un problema, as\u00ed que pude terminar segundo, pero no habr\u00eda cambiado el orden del podio si hubiera terminado as\u00ed, as\u00ed que estoy muy feliz\u201d.<\/span><\/span><\/em><\/p>\n<p><img decoding=\"async\" class=\"\" src=\"https:\/\/www.mxgp.com\/sites\/default\/files\/images\/9B3A8782.jpg\" alt=\"\" width=\"353\" height=\"235\" data-imagetype=\"External\" \/>\u00a0 \u00a0 \u00a0<img loading=\"lazy\" decoding=\"async\" class=\"\" src=\"https:\/\/www.mxgp.com\/sites\/default\/files\/images\/9B3A8953.jpg\" alt=\"\" width=\"351\" height=\"234\" data-imagetype=\"External\" \/><\/p>\n<p><em><span style=\"vertical-align: inherit;\"><span style=\"vertical-align: inherit;\">Foto principal: Lucas Coenen<\/span><\/span><\/em><\/p>\n<p><em>Bottom Photos: 1. Kay de Wolf\u00a02. Andrea Adamo<\/em><\/p>\n<p><strong><span style=\"vertical-align: inherit;\"><span style=\"vertical-align: inherit;\">MX2 &#8211; Gran Premio Carrera 1 &#8211; Clasificaci\u00f3n Top 10:<\/span><\/span><\/strong><span style=\"vertical-align: inherit;\"><span style=\"vertical-align: inherit;\"> \u00a0\u00a01. Kay de Wolf (NED, Husqvarna), 34:22.715; 2. Lucas Coenen (BEL, Husqvarna), +0:00.998; 3. Liam Everts (BEL, KTM), +0:38.624; 4. Andrea Adamo (ITA, KTM), +0:44.482; 5. Camden Mc Lellan (RSA, Triumph), +0:47.748; 6. Rick Elzinga (NED, Yamaha), +0:50.199; 7. Karlis Alberts Reisulis (LAT, Yamaha), +0:53.232; 8. Mikkel Haarup (DEN, Triumph), +0:53.811; 9. Simon Laengenfelder (GER, GASGAS), +1:12.596; 10. Sacha Coenen (BEL, KTM), +1:23.200<\/span><\/span><\/p>\n<p><strong><span style=\"vertical-align: inherit;\"><span style=\"vertical-align: inherit;\">MX2 &#8211; Gran Premio Carrera 2 &#8211; Clasificaci\u00f3n Top 10:<\/span><\/span><\/strong><span style=\"vertical-align: inherit;\"><span style=\"vertical-align: inherit;\"> \u00a01. Lucas Coenen (BEL, Husqvarna), 34:53.956; 2. Andrea Adamo (ITA, KTM), +0:33.450; 3. Camden Mc Lellan (RSA, Triumph), +0:34.190; 4. Kay de Wolf (NED, Husqvarna), +0:46.209; 5. Rick Elzinga (NED, Yamaha), +0:47.124; 6. Sacha Coenen (BEL, KTM), +0:53.057; 7. Liam Everts (BEL, KTM), +1:07.904; 8. Ivano Van Erp (NED, Yamaha), +1:12.606; 9. Mikkel Haarup (DEN, Triumph), +1:15.568; 10. Simon Laengenfelder (GER, GASGAS), +1:25.211<\/span><\/span><\/p>\n<p><strong><span style=\"vertical-align: inherit;\"><span style=\"vertical-align: inherit;\">MX2 General \u2013 Clasificaci\u00f3n Top 10:<\/span><\/span><\/strong><span style=\"vertical-align: inherit;\"><span style=\"vertical-align: inherit;\"> \u00a01. Lucas Coenen (BEL, HUS), 47 puntos; 2. Kay de Wolf (NED, HUS), 43 p\u00e1g.; 3. Andrea Adamo (ITA, KTM), 40 p.; 4. Camden Mc Lellan (RSA, TRI), 36 p.; 5. Liam Everts (BEL, KTM), 34 p.; 6. Rick Elzinga (NED, YAM), 31 p\u00e1ginas; 7. Sacha Coenen (BEL, KTM), 26 p.; 8. Mikkel Haarup (DEN, TRI), 25 p.; 9. Simon Laengenfelder (GER, GAS), 23 p.; 10. Cas Valk (NED, KTM), 20p<\/span><\/span><\/p>\n<p><strong><span style=\"vertical-align: inherit;\"><span style=\"vertical-align: inherit;\">MX2 &#8211; Clasificaci\u00f3n del Campeonato del Mundo:<\/span><\/span><\/strong><span style=\"vertical-align: inherit;\"><span style=\"vertical-align: inherit;\"> \u00a01. Kay de Wolf (NED, HUS), 777 puntos; 2. Lucas Coenen (BEL, HUS), 733 p\u00e1gs.; 3. Simon Laengenfelder (GER, GAS), 676 p\u00e1ginas; 4. Liam Everts (BEL, KTM), 636 p.; 5. Andrea Adamo (ITA, KTM), 545 p.; 6. Mikkel Haarup (DEN, TRI), 542 p\u00e1ginas; 7. Rick Elzinga (NED, YAM), 492 p\u00e1gs.; 8. Sacha Coenen (BEL, KTM), 444 p.; 9. Camden Mc Lellan (RSA, TRI), 315 p\u00e1ginas; 10. Ferruccio Zanchi (ITA, HON), 290 p.<\/span><\/span><\/p>\n<p><strong><span style=\"vertical-align: inherit;\"><span style=\"vertical-align: inherit;\">MX2 &#8211; Clasificaci\u00f3n de fabricantes:<\/span><\/span><\/strong><span style=\"vertical-align: inherit;\"><span style=\"vertical-align: inherit;\"> \u00a01. Husqvarna, 881 puntos; 2. KTM, 775 p\u00e1ginas; 3. GASGAS, 683 p.; 4. Triunfo, 588 p.; 5. Yamaha, 553 p\u00e1ginas; 6. Honda, 325 p.; 7. Kawasaki, 295 p\u00e1ginas; 8. Fant\u00e1stico, 223 p.; 9.TM, 52 p.<\/span><\/span><\/p>\n<p><iframe title=\"News Highlights | MXGP of The Netherlands 2024 #MXGP #Motocross\" width=\"640\" height=\"360\" src=\"https:\/\/www.youtube.com\/embed\/sWhBmaQDBwM?start=1&#038;feature=oembed\" frameborder=\"0\" allow=\"accelerometer; autoplay; clipboard-write; encrypted-media; gyroscope; picture-in-picture; web-share\" referrerpolicy=\"strict-origin-when-cross-origin\" allowfullscreen><\/iframe><\/p>\n<p>&nbsp;<\/p>\n","protected":false},"excerpt":{"rendered":"<p>La profunda arena holandesa del circuito\u00a0Motorsportpark Gelderland Midden, cerca de la hist\u00f3rica ciudad de\u00a0Arnhem, fue&#8230;<\/p>\n","protected":false},"author":2,"featured_media":72025,"comment_status":"closed","ping_status":"closed","sticky":false,"template":"","format":"standard","meta":{"om_disable_all_campaigns":false,"_monsterinsights_skip_tracking":false,"_uf_show_specific_survey":0,"_uf_disable_surveys":false,"footnotes":""},"categories":[24],"tags":[],"class_list":["post-72024","post","type-post","status-publish","format-standard","has-post-thumbnail","hentry","category-mxgp"],"aioseo_notices":[],"_links":{"self":[{"href":"https:\/\/www.crossprensa.com.ar\/news\/wp-json\/wp\/v2\/posts\/72024","targetHints":{"allow":["GET"]}}],"collection":[{"href":"https:\/\/www.crossprensa.com.ar\/news\/wp-json\/wp\/v2\/posts"}],"about":[{"href":"https:\/\/www.crossprensa.com.ar\/news\/wp-json\/wp\/v2\/types\/post"}],"author":[{"embeddable":true,"href":"https:\/\/www.crossprensa.com.ar\/news\/wp-json\/wp\/v2\/users\/2"}],"replies":[{"embeddable":true,"href":"https:\/\/www.crossprensa.com.ar\/news\/wp-json\/wp\/v2\/comments?post=72024"}],"version-history":[{"count":2,"href":"https:\/\/www.crossprensa.com.ar\/news\/wp-json\/wp\/v2\/posts\/72024\/revisions"}],"predecessor-version":[{"id":72027,"href":"https:\/\/www.crossprensa.com.ar\/news\/wp-json\/wp\/v2\/posts\/72024\/revisions\/72027"}],"wp:featuredmedia":[{"embeddable":true,"href":"https:\/\/www.crossprensa.com.ar\/news\/wp-json\/wp\/v2\/media\/72025"}],"wp:attachment":[{"href":"https:\/\/www.crossprensa.com.ar\/news\/wp-json\/wp\/v2\/media?parent=72024"}],"wp:term":[{"taxonomy":"category","embeddable":true,"href":"https:\/\/www.crossprensa.com.ar\/news\/wp-json\/wp\/v2\/categories?post=72024"},{"taxonomy":"post_tag","embeddable":true,"href":"https:\/\/www.crossprensa.com.ar\/news\/wp-json\/wp\/v2\/tags?post=72024"}],"curies":[{"name":"wp","href":"https:\/\/api.w.org\/{rel}","templated":true}]}}