{"id":72013,"date":"2024-08-16T15:51:24","date_gmt":"2024-08-16T18:51:24","guid":{"rendered":"https:\/\/www.crossprensa.com.ar\/news\/?p=72013"},"modified":"2024-08-16T15:51:24","modified_gmt":"2024-08-16T18:51:24","slug":"ama-pro-mx-los-horarios-para-este-sabado","status":"publish","type":"post","link":"https:\/\/www.crossprensa.com.ar\/news\/ama-pro-mx-los-horarios-para-este-sabado\/ama-motocross\/","title":{"rendered":"AMA PRO MX: Los horarios para este S\u00e1bado."},"content":{"rendered":"<p>Hay que ver las carreras de este fin de semana, ya que Eli Tomac est\u00e1 de vuelta y listo para decir AC\u00c1 ESTOY!. Haiden Deegan podr\u00eda convertirse en el campe\u00f3n de 250 y Chase Sexton busca mantener su ventaja hasta la carrera final de la temporada 2024 de Pro Motocross.<\/p>\n<p>Aqu\u00ed, los horarios para este S\u00e1bado.<\/p>\n<p><!--more--><\/p>\n<p>250MX<\/p>\n<p>250MX Group B Qualifying 1 9:00<\/p>\n<p>250MX Group A Qualifying 1 9:20<\/p>\n<p>250MX Group B Qualifying 2 10:45<\/p>\n<p>250MX Group A Qualifying 2 11:10<\/p>\n<p>250MX Consolation Race1 13:45<\/p>\n<p>250MX Moto #1 (30 Minutes + 2 Laps) 14:15<\/p>\n<p>250MX Moto #2 (30 Minutes + 2 Laps) 16:45<\/p>\n<p>&nbsp;<\/p>\n<p>450MX<\/p>\n<p>450MX Group A Qualifying 1 9:50<\/p>\n<p>450MX Group B Qualifying 1 10:10<\/p>\n<p>450MX Group A Qualifying 2 11:35<\/p>\n<p>450MX Group B Qualifying 2 12:00<\/p>\n<p>450MX Consolation Race1 15:00<\/p>\n<p>450MX Moto #1 (30 Minutes + 2 Laps) 15:15<\/p>\n<p>450MX Moto #2 (30 Minutes + 2 Laps) 17:45<\/p>\n","protected":false},"excerpt":{"rendered":"<p>Hay que ver las carreras de este fin de semana, ya que Eli Tomac est\u00e1&#8230;<\/p>\n","protected":false},"author":2,"featured_media":72015,"comment_status":"closed","ping_status":"closed","sticky":false,"template":"","format":"standard","meta":{"om_disable_all_campaigns":false,"_monsterinsights_skip_tracking":false,"_monsterinsights_sitenote_active":false,"_monsterinsights_sitenote_note":"","_monsterinsights_sitenote_category":0,"_uf_show_specific_survey":0,"_uf_disable_surveys":false,"footnotes":""},"categories":[25],"tags":[],"class_list":["post-72013","post","type-post","status-publish","format-standard","has-post-thumbnail","hentry","category-ama-motocross"],"aioseo_notices":[],"_links":{"self":[{"href":"https:\/\/www.crossprensa.com.ar\/news\/wp-json\/wp\/v2\/posts\/72013","targetHints":{"allow":["GET"]}}],"collection":[{"href":"https:\/\/www.crossprensa.com.ar\/news\/wp-json\/wp\/v2\/posts"}],"about":[{"href":"https:\/\/www.crossprensa.com.ar\/news\/wp-json\/wp\/v2\/types\/post"}],"author":[{"embeddable":true,"href":"https:\/\/www.crossprensa.com.ar\/news\/wp-json\/wp\/v2\/users\/2"}],"replies":[{"embeddable":true,"href":"https:\/\/www.crossprensa.com.ar\/news\/wp-json\/wp\/v2\/comments?post=72013"}],"version-history":[{"count":1,"href":"https:\/\/www.crossprensa.com.ar\/news\/wp-json\/wp\/v2\/posts\/72013\/revisions"}],"predecessor-version":[{"id":72016,"href":"https:\/\/www.crossprensa.com.ar\/news\/wp-json\/wp\/v2\/posts\/72013\/revisions\/72016"}],"wp:featuredmedia":[{"embeddable":true,"href":"https:\/\/www.crossprensa.com.ar\/news\/wp-json\/wp\/v2\/media\/72015"}],"wp:attachment":[{"href":"https:\/\/www.crossprensa.com.ar\/news\/wp-json\/wp\/v2\/media?parent=72013"}],"wp:term":[{"taxonomy":"category","embeddable":true,"href":"https:\/\/www.crossprensa.com.ar\/news\/wp-json\/wp\/v2\/categories?post=72013"},{"taxonomy":"post_tag","embeddable":true,"href":"https:\/\/www.crossprensa.com.ar\/news\/wp-json\/wp\/v2\/tags?post=72013"}],"curies":[{"name":"wp","href":"https:\/\/api.w.org\/{rel}","templated":true}]}}