{"id":72000,"date":"2024-08-16T07:31:04","date_gmt":"2024-08-16T10:31:04","guid":{"rendered":"https:\/\/www.crossprensa.com.ar\/news\/?p=72000"},"modified":"2024-08-16T07:31:04","modified_gmt":"2024-08-16T10:31:04","slug":"mx-cordobes-joaquin-poli-confirmado-en-san-francisco","status":"publish","type":"post","link":"https:\/\/www.crossprensa.com.ar\/news\/mx-cordobes-joaquin-poli-confirmado-en-san-francisco\/mx-cordobes\/","title":{"rendered":"MX CORDOB\u00c9S: Joaqu\u00edn Poli confirmado en San Francisco."},"content":{"rendered":"<p>El actual campe\u00f3n argentino de motocross Joaqu\u00edn Poli, se har\u00e1 presente en la 6ta. fecha del MX Cordob\u00e9s este pr\u00f3ximo fin de semana en San Francisco.<\/p>\n<p><!--more--><\/p>\n<p><img fetchpriority=\"high\" decoding=\"async\" class=\"alignnone size-full wp-image-72002\" src=\"https:\/\/www.crossprensa.com.ar\/news\/wp-content\/uploads\/2024\/08\/argcda.gif\" alt=\"\" width=\"1200\" height=\"100\" \/><\/p>\n<p>Confirm\u00f3 su presencia el piloto oficial de Kawasaki Argentina, que en San Francisco aprovechar\u00e1 para seguir poni\u00e9ndose a punto para el pr\u00f3ximo compromiso con el Campeonato Argentino en Ca\u00f1ada Rosqu\u00edn. Van a tener la posibilidad de verlo en acci\u00f3n con su 450!<\/p>\n<p>Se lo van a perder?<\/p>\n<p><a href=\"https:\/\/www.instagram.com\/kawasaki.argentina\/\"><img decoding=\"async\" class=\"alignnone wp-image-71912 size-full\" src=\"https:\/\/www.crossprensa.com.ar\/news\/wp-content\/uploads\/2024\/08\/1200x100_animado.gif\" alt=\"\" width=\"1200\" height=\"100\" \/><\/a><\/p>\n<p><img decoding=\"async\" class=\"alignnone size-full wp-image-71881\" src=\"https:\/\/www.crossprensa.com.ar\/news\/wp-content\/uploads\/2024\/08\/WhatsApp-Image-2024-08-05-at-00.34.58-1.jpeg\" alt=\"\" width=\"1200\" height=\"800\" srcset=\"https:\/\/www.crossprensa.com.ar\/news\/wp-content\/uploads\/2024\/08\/WhatsApp-Image-2024-08-05-at-00.34.58-1.jpeg 1200w, https:\/\/www.crossprensa.com.ar\/news\/wp-content\/uploads\/2024\/08\/WhatsApp-Image-2024-08-05-at-00.34.58-1-300x200.jpeg 300w, https:\/\/www.crossprensa.com.ar\/news\/wp-content\/uploads\/2024\/08\/WhatsApp-Image-2024-08-05-at-00.34.58-1-600x400.jpeg 600w, https:\/\/www.crossprensa.com.ar\/news\/wp-content\/uploads\/2024\/08\/WhatsApp-Image-2024-08-05-at-00.34.58-1-768x512.jpeg 768w, https:\/\/www.crossprensa.com.ar\/news\/wp-content\/uploads\/2024\/08\/WhatsApp-Image-2024-08-05-at-00.34.58-1-1024x683.jpeg 1024w\" sizes=\"(max-width: 1200px) 100vw, 1200px\" \/><\/p>\n","protected":false},"excerpt":{"rendered":"<p>El actual campe\u00f3n argentino de motocross Joaqu\u00edn Poli, se har\u00e1 presente en la 6ta. fecha&#8230;<\/p>\n","protected":false},"author":2,"featured_media":72001,"comment_status":"closed","ping_status":"closed","sticky":false,"template":"","format":"standard","meta":{"om_disable_all_campaigns":false,"_monsterinsights_skip_tracking":false,"_uf_show_specific_survey":0,"_uf_disable_surveys":false,"footnotes":""},"categories":[41],"tags":[],"class_list":["post-72000","post","type-post","status-publish","format-standard","has-post-thumbnail","hentry","category-mx-cordobes"],"aioseo_notices":[],"_links":{"self":[{"href":"https:\/\/www.crossprensa.com.ar\/news\/wp-json\/wp\/v2\/posts\/72000","targetHints":{"allow":["GET"]}}],"collection":[{"href":"https:\/\/www.crossprensa.com.ar\/news\/wp-json\/wp\/v2\/posts"}],"about":[{"href":"https:\/\/www.crossprensa.com.ar\/news\/wp-json\/wp\/v2\/types\/post"}],"author":[{"embeddable":true,"href":"https:\/\/www.crossprensa.com.ar\/news\/wp-json\/wp\/v2\/users\/2"}],"replies":[{"embeddable":true,"href":"https:\/\/www.crossprensa.com.ar\/news\/wp-json\/wp\/v2\/comments?post=72000"}],"version-history":[{"count":1,"href":"https:\/\/www.crossprensa.com.ar\/news\/wp-json\/wp\/v2\/posts\/72000\/revisions"}],"predecessor-version":[{"id":72003,"href":"https:\/\/www.crossprensa.com.ar\/news\/wp-json\/wp\/v2\/posts\/72000\/revisions\/72003"}],"wp:featuredmedia":[{"embeddable":true,"href":"https:\/\/www.crossprensa.com.ar\/news\/wp-json\/wp\/v2\/media\/72001"}],"wp:attachment":[{"href":"https:\/\/www.crossprensa.com.ar\/news\/wp-json\/wp\/v2\/media?parent=72000"}],"wp:term":[{"taxonomy":"category","embeddable":true,"href":"https:\/\/www.crossprensa.com.ar\/news\/wp-json\/wp\/v2\/categories?post=72000"},{"taxonomy":"post_tag","embeddable":true,"href":"https:\/\/www.crossprensa.com.ar\/news\/wp-json\/wp\/v2\/tags?post=72000"}],"curies":[{"name":"wp","href":"https:\/\/api.w.org\/{rel}","templated":true}]}}