{"id":71984,"date":"2024-08-14T16:28:26","date_gmt":"2024-08-14T19:28:26","guid":{"rendered":"https:\/\/www.crossprensa.com.ar\/news\/?p=71984"},"modified":"2024-08-14T16:28:26","modified_gmt":"2024-08-14T19:28:26","slug":"bomba-eli-tomac-al-mundial-de-supercross-wsx","status":"publish","type":"post","link":"https:\/\/www.crossprensa.com.ar\/news\/bomba-eli-tomac-al-mundial-de-supercross-wsx\/wsx\/","title":{"rendered":"BOMBA! ELI TOMAC AL MUNDIAL DE SUPERCROSS WSX!!!"},"content":{"rendered":"<p><span>Leyenda e \u00edcono de la escena del Motocross y Supercross, Tomac ha forjado una carrera ilustre y, como ocho veces campe\u00f3n de AMA Motocross y Supercross con m\u00e1s de 100 victorias y 200 podios, ha cosechado elogios mundiales por su incre\u00edble habilidad, determinaci\u00f3n imparable y esp\u00edritu de lucha natural.<\/span><\/p>\n<p><!--more--><\/p>\n<p><img fetchpriority=\"high\" decoding=\"async\" class=\"wp-image-5513\" src=\"https:\/\/wsxchampionship.com\/wp-content\/uploads\/2024\/08\/Tomac_WSX_Cardiff_BS_DSC_1505.jpg\" sizes=\"(max-width: 1200px) 100vw, 1200px\" srcset=\"https:\/\/wsxchampionship.com\/wp-content\/uploads\/2024\/08\/Tomac_WSX_Cardiff_BS_DSC_1505.jpg 1200w, https:\/\/wsxchampionship.com\/wp-content\/uploads\/2024\/08\/Tomac_WSX_Cardiff_BS_DSC_1505-600x400.jpg 600w, https:\/\/wsxchampionship.com\/wp-content\/uploads\/2024\/08\/Tomac_WSX_Cardiff_BS_DSC_1505-768x512.jpg 768w\" alt=\"Tomac Wsx Cardiff Bs Dsc 1505\" width=\"1200\" height=\"800\" \/><\/p>\n<p><span>Al unirse al partidor para 2024, Tomac se reincorpora a WSX, donde hizo historia en 2022 despu\u00e9s de <\/span><span>ganar el Gran Premio inaugural del campeonato<\/span><span>\u00a0en el Principality Stadium en Cardiff, Gales, en una noche de carreras muy re\u00f1ida.<\/span><\/p>\n<p><span>Como parte de\u00a0<\/span><span>CDR Yamaha<\/span><span> en la 450cc del campeonato, Tomac correr\u00e1 con una Yamaha 450 de f\u00e1brica. Su llegada promete aumentar la emoci\u00f3n para la pr\u00f3xima temporada, ya que el piloto nacido en Colorado apunta a pelear con el dos veces campe\u00f3n mundial reinante de la serie, Ken Roczen, quien tambi\u00e9n regresar\u00e1 en 2024.<\/span><\/p>\n<p><span>La temporada 2024 de WSX<\/span><span>\u00a0comienza el 26 de octubre en el BC Place en Vancouver, Canad\u00e1, antes de una doble jornada en el HBF Park en Perth, Australia, el 23 y 24 de noviembre, y concluye en el Etihad Arena en Abu Dhabi, Emiratos \u00c1rabes Unidos, el 4 de diciembre.<\/span><\/p>\n<div class=\"eyz eyz-post-inline eyz-float-center eyz-align-center eyz-column-1 eyz-clearfix no-bg-box-model\">\n<div id=\"eyz-97886-1334407193\" class=\"eyz-container eyz-type-custom_code hide-ipad-portrait\" data-adid=\"97886\" data-type=\"custom_code\">\n<div id=\"ezoic-pub-ad-placeholder-109\">\n<div id=\"gpt-ad-2590941551713-0\" class=\"ezfound\" data-google-query-id=\"CLqom-Ca9YcDFbY4uQYdhTElsw\">\n<div id=\"google_ads_iframe_\/1395056\/MXA-in-article-2_1__container__\"><\/div>\n<\/div>\n<\/div>\n<\/div>\n<\/div>\n<h1><a href=\"https:\/\/cdn-0.motocrossactionmag.com\/wp-content\/uploads\/2024\/05\/Eli-Tomac-2024-Denver-Supercross-1.jpg\" rel=\"prettyPhoto\" data-wpel-link=\"internal\"><img decoding=\"async\" class=\"alignnone size-full wp-image-273971\" src=\"https:\/\/cdn-0.motocrossactionmag.com\/wp-content\/uploads\/2024\/05\/Eli-Tomac-2024-Denver-Supercross-1.jpg\" sizes=\"(max-width: 1280px) 100vw, 1280px\" srcset=\"https:\/\/cdn-0.motocrossactionmag.com\/wp-content\/uploads\/2024\/05\/Eli-Tomac-2024-Denver-Supercross-1.jpg 1280w, https:\/\/cdn-0.motocrossactionmag.com\/wp-content\/uploads\/2024\/05\/Eli-Tomac-2024-Denver-Supercross-1-300x200.jpg 300w, https:\/\/cdn-0.motocrossactionmag.com\/wp-content\/uploads\/2024\/05\/Eli-Tomac-2024-Denver-Supercross-1-750x500.jpg 750w, https:\/\/cdn-0.motocrossactionmag.com\/wp-content\/uploads\/2024\/05\/Eli-Tomac-2024-Denver-Supercross-1-768x512.jpg 768w, https:\/\/cdn-0.motocrossactionmag.com\/wp-content\/uploads\/2024\/05\/Eli-Tomac-2024-Denver-Supercross-1-800x533.jpg 800w, https:\/\/cdn-0.motocrossactionmag.com\/wp-content\/uploads\/2024\/05\/Eli-Tomac-2024-Denver-Supercross-1-310x207.jpg 310w, https:\/\/cdn-0.motocrossactionmag.com\/wp-content\/uploads\/2024\/05\/Eli-Tomac-2024-Denver-Supercross-1-150x100.jpg 150w, https:\/\/cdn-0.motocrossactionmag.com\/wp-content\/uploads\/2024\/05\/Eli-Tomac-2024-Denver-Supercross-1-600x400.jpg 600w\" alt=\"Eli Tomac - Supercross de Denver 2024-1\" width=\"1280\" height=\"853\" \/><\/a><\/h1>\n<p><em><strong><span>Eli Tomac, piloto de CDR Yamaha<\/span><\/strong><span>\u00a0, dijo:<\/span><\/em><span>\u00a0\u00a0\u201cEstoy muy emocionado de volver a unirme a la parrilla de WSX este a\u00f1o y espero poder revivir algo del \u00e9xito que tuve en Cardiff en 2022. No he corrido en ninguno de los lugares del calendario, ni siquiera he corrido en Australia o Abu Dhabi antes, as\u00ed que ser\u00e1 una nueva experiencia. He tenido algo de ritmo en mi pilotaje este a\u00f1o y estoy deseando que empiece la temporada para ver lo que podemos lograr, con suerte conseguir algunos podios y tambi\u00e9n ofrecer algunas carreras incre\u00edbles para los aficionados\u201d.<\/span><\/p>\n<p><em><strong><span>Tom Burwell, director ejecutivo del Campeonato Mundial de Supercross de la FIM<\/span><\/strong><span>\u00a0, afirm\u00f3:<\/span><\/em><span>\u00a0\u00a0\u201cEli es uno de los pilotos m\u00e1s importantes del mundo en este momento, y sus \u00e9xitos anteriores demuestran que, sin duda, es uno de los m\u00e1s talentosos. Estamos encantados de que un atleta de su calibre se una al campeonato en 2024 y estoy seguro de que nuestros fan\u00e1ticos tambi\u00e9n lo estar\u00e1n. WSX ya est\u00e1 preparado para ser una experiencia emocionante este a\u00f1o, pero junto con el puro espect\u00e1culo de los eventos, ver a los mejores talentos sobre dos ruedas, Eli y Ken [Roczen], luchar en el escenario mundial ser\u00e1 realmente inolvidable\u201d.<\/span><\/p>\n<h1><a href=\"https:\/\/cdn-0.motocrossactionmag.com\/wp-content\/uploads\/2024\/04\/Eli-Tomac-2024-Philadelphia-Supercross-1-7.jpg\" rel=\"prettyPhoto\" data-wpel-link=\"internal\"><img decoding=\"async\" class=\"alignnone size-full wp-image-273487\" src=\"https:\/\/cdn-0.motocrossactionmag.com\/wp-content\/uploads\/2024\/04\/Eli-Tomac-2024-Philadelphia-Supercross-1-7.jpg\" sizes=\"(max-width: 853px) 100vw, 853px\" srcset=\"https:\/\/cdn-0.motocrossactionmag.com\/wp-content\/uploads\/2024\/04\/Eli-Tomac-2024-Philadelphia-Supercross-1-7.jpg 853w, https:\/\/cdn-0.motocrossactionmag.com\/wp-content\/uploads\/2024\/04\/Eli-Tomac-2024-Philadelphia-Supercross-1-7-200x300.jpg 200w, https:\/\/cdn-0.motocrossactionmag.com\/wp-content\/uploads\/2024\/04\/Eli-Tomac-2024-Philadelphia-Supercross-1-7-750x1125.jpg 750w, https:\/\/cdn-0.motocrossactionmag.com\/wp-content\/uploads\/2024\/04\/Eli-Tomac-2024-Philadelphia-Supercross-1-7-768x1152.jpg 768w, https:\/\/cdn-0.motocrossactionmag.com\/wp-content\/uploads\/2024\/04\/Eli-Tomac-2024-Philadelphia-Supercross-1-7-533x800.jpg 533w, https:\/\/cdn-0.motocrossactionmag.com\/wp-content\/uploads\/2024\/04\/Eli-Tomac-2024-Philadelphia-Supercross-1-7-207x310.jpg 207w, https:\/\/cdn-0.motocrossactionmag.com\/wp-content\/uploads\/2024\/04\/Eli-Tomac-2024-Philadelphia-Supercross-1-7-100x150.jpg 100w, https:\/\/cdn-0.motocrossactionmag.com\/wp-content\/uploads\/2024\/04\/Eli-Tomac-2024-Philadelphia-Supercross-1-7-600x900.jpg 600w\" alt=\"Eli Tomac - Supercross de Filadelfia 2024-1\" width=\"853\" height=\"1280\" \/><\/a><\/h1>\n<div class=\"eyz eyz-post-inline eyz-float-center eyz-align-center eyz-column-1 eyz-clearfix no-bg-box-model\">\n<div id=\"eyz-97887-171852067\" class=\"eyz-container eyz-type-custom_code hide-ipad-portrait\" data-adid=\"97887\" data-type=\"custom_code\">\n<div id=\"ezoic-pub-ad-placeholder-110\">\n<div id=\"gpt-ad-3227903908534-0\" class=\"ezfound\" data-google-query-id=\"CJjznOCa9YcDFe8GuQYdVfMPfA\">\n<div id=\"google_ads_iframe_\/1395056\/MXA-in-article-3_0__container__\"><em><strong>Craig Dack, director del equipo CDR Yamaha<\/strong>\u00a0, dijo:\u00a0<\/em>\u00a0\u201cEstamos muy contentos de volver a WSX 2024 y no hay nada mejor que tener a Eli Tomac como piloto principal de CDR. La forma en que Eli se comporta en las carreras es algo que he admirado durante muchos a\u00f1os: es humilde y un verdadero favorito de los fan\u00e1ticos. Pero cuando se pone el casco, se convierte en uno de los corredores m\u00e1s duros y decididos que jam\u00e1s hayas visto. Solo he conocido a Eli un par de veces y ahora trabajar con \u00e9l en su b\u00fasqueda por ganar un t\u00edtulo del Campeonato Mundial de Supercross ser\u00e1 un placer y un honor. Me gustar\u00eda agradecer a todas las personas que han hecho que este proceso sea muy sencillo. Yamaha USA: Jim Roach, Star Racing, Monster Energy, Yamaha Australia, WSX, John Tomac y, por supuesto, la estrella del espect\u00e1culo, Eli &#8220;.<\/div>\n<\/div>\n<\/div>\n<\/div>\n<\/div>\n<div class=\"eyz eyz-post-bottom eyz-float-center eyz-align-center eyz-column-1 eyz-clearfix no-bg-box-model\"><\/div>\n","protected":false},"excerpt":{"rendered":"<p>Leyenda e \u00edcono de la escena del Motocross y Supercross, Tomac ha forjado una carrera&#8230;<\/p>\n","protected":false},"author":2,"featured_media":71985,"comment_status":"closed","ping_status":"closed","sticky":false,"template":"","format":"standard","meta":{"om_disable_all_campaigns":false,"_monsterinsights_skip_tracking":false,"_monsterinsights_sitenote_active":false,"_monsterinsights_sitenote_note":"","_monsterinsights_sitenote_category":0,"_uf_show_specific_survey":0,"_uf_disable_surveys":false,"footnotes":""},"categories":[118],"tags":[],"class_list":["post-71984","post","type-post","status-publish","format-standard","has-post-thumbnail","hentry","category-wsx"],"aioseo_notices":[],"_links":{"self":[{"href":"https:\/\/www.crossprensa.com.ar\/news\/wp-json\/wp\/v2\/posts\/71984","targetHints":{"allow":["GET"]}}],"collection":[{"href":"https:\/\/www.crossprensa.com.ar\/news\/wp-json\/wp\/v2\/posts"}],"about":[{"href":"https:\/\/www.crossprensa.com.ar\/news\/wp-json\/wp\/v2\/types\/post"}],"author":[{"embeddable":true,"href":"https:\/\/www.crossprensa.com.ar\/news\/wp-json\/wp\/v2\/users\/2"}],"replies":[{"embeddable":true,"href":"https:\/\/www.crossprensa.com.ar\/news\/wp-json\/wp\/v2\/comments?post=71984"}],"version-history":[{"count":1,"href":"https:\/\/www.crossprensa.com.ar\/news\/wp-json\/wp\/v2\/posts\/71984\/revisions"}],"predecessor-version":[{"id":71986,"href":"https:\/\/www.crossprensa.com.ar\/news\/wp-json\/wp\/v2\/posts\/71984\/revisions\/71986"}],"wp:featuredmedia":[{"embeddable":true,"href":"https:\/\/www.crossprensa.com.ar\/news\/wp-json\/wp\/v2\/media\/71985"}],"wp:attachment":[{"href":"https:\/\/www.crossprensa.com.ar\/news\/wp-json\/wp\/v2\/media?parent=71984"}],"wp:term":[{"taxonomy":"category","embeddable":true,"href":"https:\/\/www.crossprensa.com.ar\/news\/wp-json\/wp\/v2\/categories?post=71984"},{"taxonomy":"post_tag","embeddable":true,"href":"https:\/\/www.crossprensa.com.ar\/news\/wp-json\/wp\/v2\/tags?post=71984"}],"curies":[{"name":"wp","href":"https:\/\/api.w.org\/{rel}","templated":true}]}}