{"id":71606,"date":"2024-07-23T12:48:15","date_gmt":"2024-07-23T15:48:15","guid":{"rendered":"https:\/\/www.crossprensa.com.ar\/news\/?p=71606"},"modified":"2024-07-23T12:48:15","modified_gmt":"2024-07-23T15:48:15","slug":"ama-pro-mx-washougal-en-video","status":"publish","type":"post","link":"https:\/\/www.crossprensa.com.ar\/news\/ama-pro-mx-washougal-en-video\/ama-motocross\/","title":{"rendered":"AMA PRO MX &#8211; WASHOUGAL EN VIDEO!"},"content":{"rendered":"<p>Otra carrera vibrante del mejor motocross norteamericano! Se acerca el final y ya se asoman los candidatos: Deegan en 250 y Sexton en 450 van por las coronas!<\/p>\n<p>Pero&#8230; a final de a\u00f1o se quedar\u00e1n en USA o estar\u00e1n en MXGP??? Se los vamos a contar! Ahora, disfruten esta carrera en video.<\/p>\n<p><!--more--><\/p>\n<p><img fetchpriority=\"high\" decoding=\"async\" class=\"alignnone size-full wp-image-71476\" src=\"https:\/\/www.crossprensa.com.ar\/news\/wp-content\/uploads\/2024\/07\/cdarosqprenac.gif\" alt=\"\" width=\"1200\" height=\"100\" \/><\/p>\n<p>&nbsp;<\/p>\n<p><iframe title=\"Pro Motocross 2024 EXTENDED HIGHLIGHTS: Round 8, Washougal | 7\/20\/24 | Motorsports on NBC\" width=\"640\" height=\"360\" src=\"https:\/\/www.youtube.com\/embed\/--go4A4JLp0?feature=oembed\" frameborder=\"0\" allow=\"accelerometer; autoplay; clipboard-write; encrypted-media; gyroscope; picture-in-picture; web-share\" referrerpolicy=\"strict-origin-when-cross-origin\" allowfullscreen><\/iframe><\/p>\n","protected":false},"excerpt":{"rendered":"<p>Otra carrera vibrante del mejor motocross norteamericano! Se acerca el final y ya se asoman&#8230;<\/p>\n","protected":false},"author":2,"featured_media":71607,"comment_status":"closed","ping_status":"closed","sticky":false,"template":"","format":"standard","meta":{"om_disable_all_campaigns":false,"_monsterinsights_skip_tracking":false,"_monsterinsights_sitenote_active":false,"_monsterinsights_sitenote_note":"","_monsterinsights_sitenote_category":0,"_uf_show_specific_survey":0,"_uf_disable_surveys":false,"footnotes":""},"categories":[25],"tags":[],"class_list":["post-71606","post","type-post","status-publish","format-standard","has-post-thumbnail","hentry","category-ama-motocross"],"aioseo_notices":[],"_links":{"self":[{"href":"https:\/\/www.crossprensa.com.ar\/news\/wp-json\/wp\/v2\/posts\/71606","targetHints":{"allow":["GET"]}}],"collection":[{"href":"https:\/\/www.crossprensa.com.ar\/news\/wp-json\/wp\/v2\/posts"}],"about":[{"href":"https:\/\/www.crossprensa.com.ar\/news\/wp-json\/wp\/v2\/types\/post"}],"author":[{"embeddable":true,"href":"https:\/\/www.crossprensa.com.ar\/news\/wp-json\/wp\/v2\/users\/2"}],"replies":[{"embeddable":true,"href":"https:\/\/www.crossprensa.com.ar\/news\/wp-json\/wp\/v2\/comments?post=71606"}],"version-history":[{"count":1,"href":"https:\/\/www.crossprensa.com.ar\/news\/wp-json\/wp\/v2\/posts\/71606\/revisions"}],"predecessor-version":[{"id":71608,"href":"https:\/\/www.crossprensa.com.ar\/news\/wp-json\/wp\/v2\/posts\/71606\/revisions\/71608"}],"wp:featuredmedia":[{"embeddable":true,"href":"https:\/\/www.crossprensa.com.ar\/news\/wp-json\/wp\/v2\/media\/71607"}],"wp:attachment":[{"href":"https:\/\/www.crossprensa.com.ar\/news\/wp-json\/wp\/v2\/media?parent=71606"}],"wp:term":[{"taxonomy":"category","embeddable":true,"href":"https:\/\/www.crossprensa.com.ar\/news\/wp-json\/wp\/v2\/categories?post=71606"},{"taxonomy":"post_tag","embeddable":true,"href":"https:\/\/www.crossprensa.com.ar\/news\/wp-json\/wp\/v2\/tags?post=71606"}],"curies":[{"name":"wp","href":"https:\/\/api.w.org\/{rel}","templated":true}]}}