{"id":70961,"date":"2024-06-18T09:38:27","date_gmt":"2024-06-18T12:38:27","guid":{"rendered":"https:\/\/www.crossprensa.com.ar\/news\/?p=70961"},"modified":"2024-06-18T09:39:14","modified_gmt":"2024-06-18T12:39:14","slug":"fallecio-alvaro-ruiz-en-un-accidente","status":"publish","type":"post","link":"https:\/\/www.crossprensa.com.ar\/news\/fallecio-alvaro-ruiz-en-un-accidente\/mx-noa\/","title":{"rendered":"FALLECI\u00d3 ALVARO RUIZ EN UN ACCIDENTE."},"content":{"rendered":"<p>Lamentablemente debemos informar el fallecimiento del piloto santiague\u00f1o Alvaro Ruiz, que estaba entrenando en Termas de R\u00edo Hondo para la pr\u00f3xima fecha del campeonato Motocross del NOA, en el circuito Carlos Eugster, donde era local.<\/p>\n<p><!--more--><\/p>\n<p>El accidente ocurri\u00f3 cuando el piloto se encontraba entrenando en el circuito antes mencionado, cuando se sali\u00f3 violentamente de pista y choc\u00f3 contra un \u00e1rbol, provocandole graves heridas. Fue trasladado de urgencia hacia el CIS Termas, pero lamentablemente el joven corredor santiague\u00f1o muri\u00f3. Ten\u00eda 28 a\u00f1os.<\/p>\n<p>Que en paz descanses, Tiqui.<\/p>\n<p><img fetchpriority=\"high\" decoding=\"async\" class=\"alignnone size-full wp-image-70963\" src=\"https:\/\/www.crossprensa.com.ar\/news\/wp-content\/uploads\/2024\/06\/324111476_542628417884397_5984851780822940974_n.jpg\" alt=\"\" width=\"1440\" height=\"1800\" srcset=\"https:\/\/www.crossprensa.com.ar\/news\/wp-content\/uploads\/2024\/06\/324111476_542628417884397_5984851780822940974_n.jpg 1440w, https:\/\/www.crossprensa.com.ar\/news\/wp-content\/uploads\/2024\/06\/324111476_542628417884397_5984851780822940974_n-240x300.jpg 240w, https:\/\/www.crossprensa.com.ar\/news\/wp-content\/uploads\/2024\/06\/324111476_542628417884397_5984851780822940974_n-320x400.jpg 320w, https:\/\/www.crossprensa.com.ar\/news\/wp-content\/uploads\/2024\/06\/324111476_542628417884397_5984851780822940974_n-768x960.jpg 768w, https:\/\/www.crossprensa.com.ar\/news\/wp-content\/uploads\/2024\/06\/324111476_542628417884397_5984851780822940974_n-1229x1536.jpg 1229w, https:\/\/www.crossprensa.com.ar\/news\/wp-content\/uploads\/2024\/06\/324111476_542628417884397_5984851780822940974_n-750x938.jpg 750w, https:\/\/www.crossprensa.com.ar\/news\/wp-content\/uploads\/2024\/06\/324111476_542628417884397_5984851780822940974_n-1140x1425.jpg 1140w\" sizes=\"(max-width: 1440px) 100vw, 1440px\" \/><\/p>\n","protected":false},"excerpt":{"rendered":"<p>Lamentablemente debemos informar el fallecimiento del piloto santiague\u00f1o Alvaro Ruiz, que estaba entrenando en Termas&#8230;<\/p>\n","protected":false},"author":2,"featured_media":70962,"comment_status":"closed","ping_status":"closed","sticky":false,"template":"","format":"standard","meta":{"om_disable_all_campaigns":false,"_monsterinsights_skip_tracking":false,"_monsterinsights_sitenote_active":false,"_monsterinsights_sitenote_note":"","_monsterinsights_sitenote_category":0,"_uf_show_specific_survey":0,"_uf_disable_surveys":false,"footnotes":""},"categories":[44],"tags":[],"class_list":["post-70961","post","type-post","status-publish","format-standard","has-post-thumbnail","hentry","category-mx-noa"],"aioseo_notices":[],"_links":{"self":[{"href":"https:\/\/www.crossprensa.com.ar\/news\/wp-json\/wp\/v2\/posts\/70961","targetHints":{"allow":["GET"]}}],"collection":[{"href":"https:\/\/www.crossprensa.com.ar\/news\/wp-json\/wp\/v2\/posts"}],"about":[{"href":"https:\/\/www.crossprensa.com.ar\/news\/wp-json\/wp\/v2\/types\/post"}],"author":[{"embeddable":true,"href":"https:\/\/www.crossprensa.com.ar\/news\/wp-json\/wp\/v2\/users\/2"}],"replies":[{"embeddable":true,"href":"https:\/\/www.crossprensa.com.ar\/news\/wp-json\/wp\/v2\/comments?post=70961"}],"version-history":[{"count":2,"href":"https:\/\/www.crossprensa.com.ar\/news\/wp-json\/wp\/v2\/posts\/70961\/revisions"}],"predecessor-version":[{"id":70965,"href":"https:\/\/www.crossprensa.com.ar\/news\/wp-json\/wp\/v2\/posts\/70961\/revisions\/70965"}],"wp:featuredmedia":[{"embeddable":true,"href":"https:\/\/www.crossprensa.com.ar\/news\/wp-json\/wp\/v2\/media\/70962"}],"wp:attachment":[{"href":"https:\/\/www.crossprensa.com.ar\/news\/wp-json\/wp\/v2\/media?parent=70961"}],"wp:term":[{"taxonomy":"category","embeddable":true,"href":"https:\/\/www.crossprensa.com.ar\/news\/wp-json\/wp\/v2\/categories?post=70961"},{"taxonomy":"post_tag","embeddable":true,"href":"https:\/\/www.crossprensa.com.ar\/news\/wp-json\/wp\/v2\/tags?post=70961"}],"curies":[{"name":"wp","href":"https:\/\/api.w.org\/{rel}","templated":true}]}}