{"id":70752,"date":"2024-06-08T06:55:39","date_gmt":"2024-06-08T09:55:39","guid":{"rendered":"https:\/\/crossprensa.com.ar\/news\/?p=70752"},"modified":"2024-06-08T06:55:39","modified_gmt":"2024-06-08T09:55:39","slug":"juan-felipe-garcia-campeon-latinoamericano","status":"publish","type":"post","link":"https:\/\/www.crossprensa.com.ar\/news\/juan-felipe-garcia-campeon-latinoamericano\/mx-latinoamericano\/","title":{"rendered":"JUAN FELIPE GARC\u00cdA, CAMPE\u00d3N LATINOAMERICANO!"},"content":{"rendered":"<p>Juanfe Garc\u00eda est\u00e1 destac\u00e1ndose en Brasil desde que se sent\u00f3 por primera vez en una YZ 125, y sin dudas que este primer campeonato que logra a nivel internacional es el primer escal\u00f3n de muchos que todav\u00eda va a subir en esta escalera rumbo a&#8230; Europa o Usa? Ya veremos.<\/p>\n<p><!--more--><\/p>\n<p>En la primera carrera, ni bien largaron y en el recorrido de la mitad de la primera vuelta, los 5 primeros venian encerrados en 1 seg. de diferencia y la pelea era intensa, Juanfe se va afuera de un salto y con la mala suerte de que su casco golpea contra el manubrio caus\u00e1ndole un corte en el ment\u00f3n y un fuerte dolor de cabeza. Pero esto no impidi\u00f3 que el argentino siguiera acelerando con maniobras brillantes, incluso pasando de a dos pilotos en la zona de whoops para quedarse con la 2da. posici\u00f3n detr\u00e1s del veloz peruano Vasko Durand, incluso con una ca\u00edda en una curva de baja velocidad.<\/p>\n<p><em><strong>Aqu\u00ed, repasando el circuito con su entrenador, previo a la 2da. manga, y con\u00a0 hielo en el ment\u00f3n.<\/strong><\/em><\/p>\n<p><img fetchpriority=\"high\" decoding=\"async\" class=\"alignnone size-full wp-image-70754\" src=\"https:\/\/crossprensa.com.ar\/news\/wp-content\/uploads\/2024\/06\/WhatsApp-Image-2024-06-07-at-13.10.31.jpeg\" alt=\"\" width=\"1600\" height=\"1200\" srcset=\"https:\/\/www.crossprensa.com.ar\/news\/wp-content\/uploads\/2024\/06\/WhatsApp-Image-2024-06-07-at-13.10.31.jpeg 1600w, https:\/\/www.crossprensa.com.ar\/news\/wp-content\/uploads\/2024\/06\/WhatsApp-Image-2024-06-07-at-13.10.31-300x225.jpeg 300w, https:\/\/www.crossprensa.com.ar\/news\/wp-content\/uploads\/2024\/06\/WhatsApp-Image-2024-06-07-at-13.10.31-533x400.jpeg 533w, https:\/\/www.crossprensa.com.ar\/news\/wp-content\/uploads\/2024\/06\/WhatsApp-Image-2024-06-07-at-13.10.31-768x576.jpeg 768w, https:\/\/www.crossprensa.com.ar\/news\/wp-content\/uploads\/2024\/06\/WhatsApp-Image-2024-06-07-at-13.10.31-1536x1152.jpeg 1536w, https:\/\/www.crossprensa.com.ar\/news\/wp-content\/uploads\/2024\/06\/WhatsApp-Image-2024-06-07-at-13.10.31-750x563.jpeg 750w, https:\/\/www.crossprensa.com.ar\/news\/wp-content\/uploads\/2024\/06\/WhatsApp-Image-2024-06-07-at-13.10.31-1140x855.jpeg 1140w\" sizes=\"(max-width: 1600px) 100vw, 1600px\" \/><\/p>\n<p>En la 2da. carrera, logra hacerse de la punta y cuando esper\u00e1bamos ver una pelea mas cerrada con Durand, vemos que lamentablemente el peruano se hab\u00eda ca\u00eddo ni bien comenzaba la carrera y quedaba \u00faltimo. Juanfe empieza a hacer un trabajo demoledor que en cada vuelta lo alejaba 1 seg. del resto de sus rivales, llegando a acumular m\u00e1s de 16 seg. de ventaja hacia el final de una carrera que lo vi\u00f3 vencedor y consagrarse como Campe\u00f3n Latinoamericano de 125cc. 2024!<br \/>\n<em><strong>Nota de la redacci\u00f3n de Crossprensa: MIL gracias por todo lo que dan por este deporte a la familia del piloto, y al piloto por su sacrificio. Mar\u00eda, Diego, Mila y Juanfe GRACIAS!!! y un abrazo enorme mezclado con felicitaciones de coraz\u00f3n!<\/strong><\/em><\/p>\n<p><img decoding=\"async\" class=\"alignnone size-full wp-image-70755\" src=\"https:\/\/crossprensa.com.ar\/news\/wp-content\/uploads\/2024\/06\/WhatsApp-Image-2024-06-07-at-17.05.25-1.jpeg\" alt=\"\" width=\"1080\" height=\"720\" \/><\/p>\n<p>Aqu\u00ed, su palabra.<\/p>\n<p>&nbsp;<\/p>\n<blockquote class=\"instagram-media\" style=\"background: #FFF; border: 0; border-radius: 3px; box-shadow: 0 0 1px 0 rgba(0,0,0,0.5),0 1px 10px 0 rgba(0,0,0,0.15); margin: 1px; max-width: 540px; min-width: 326px; padding: 0; width: calc(100% - 2px);\" data-instgrm-captioned=\"\" data-instgrm-permalink=\"https:\/\/www.instagram.com\/reel\/C780oQHuwsi\/?utm_source=ig_embed&amp;utm_campaign=loading\" data-instgrm-version=\"14\">\n<div style=\"padding: 16px;\">\n<p>&nbsp;<\/p>\n<div style=\"display: flex; flex-direction: row; align-items: center;\">\n<div style=\"background-color: #f4f4f4; border-radius: 50%; flex-grow: 0; height: 40px; margin-right: 14px; width: 40px;\"><\/div>\n<div style=\"display: flex; flex-direction: column; flex-grow: 1; justify-content: center;\">\n<div style=\"background-color: #f4f4f4; border-radius: 4px; flex-grow: 0; height: 14px; margin-bottom: 6px; width: 100px;\"><\/div>\n<div style=\"background-color: #f4f4f4; border-radius: 4px; flex-grow: 0; height: 14px; width: 60px;\"><\/div>\n<\/div>\n<\/div>\n<div style=\"padding: 19% 0;\"><\/div>\n<div style=\"display: block; height: 50px; margin: 0 auto 12px; width: 50px;\"><\/div>\n<div style=\"padding-top: 8px;\">\n<div style=\"color: #3897f0; font-family: Arial,sans-serif; font-size: 14px; font-style: normal; font-weight: 550; line-height: 18px;\">Ver esta publicaci\u00f3n en Instagram<\/div>\n<\/div>\n<div style=\"padding: 12.5% 0;\"><\/div>\n<div style=\"display: flex; flex-direction: row; margin-bottom: 14px; align-items: center;\">\n<div>\n<div style=\"background-color: #f4f4f4; border-radius: 50%; height: 12.5px; width: 12.5px; transform: translateX(0px) translateY(7px);\"><\/div>\n<div style=\"background-color: #f4f4f4; height: 12.5px; transform: rotate(-45deg) translateX(3px) translateY(1px); width: 12.5px; flex-grow: 0; margin-right: 14px; margin-left: 2px;\"><\/div>\n<div style=\"background-color: #f4f4f4; border-radius: 50%; height: 12.5px; width: 12.5px; transform: translateX(9px) translateY(-18px);\"><\/div>\n<\/div>\n<div style=\"margin-left: 8px;\">\n<div style=\"background-color: #f4f4f4; border-radius: 50%; flex-grow: 0; height: 20px; width: 20px;\"><\/div>\n<div style=\"width: 0; height: 0; border-top: 2px solid transparent; border-left: 6px solid #f4f4f4; border-bottom: 2px solid transparent; transform: translateX(16px) translateY(-4px) rotate(30deg);\"><\/div>\n<\/div>\n<div style=\"margin-left: auto;\">\n<div style=\"width: 0px; border-top: 8px solid #F4F4F4; border-right: 8px solid transparent; transform: translateY(16px);\"><\/div>\n<div style=\"background-color: #f4f4f4; flex-grow: 0; height: 12px; width: 16px; transform: translateY(-4px);\"><\/div>\n<div style=\"width: 0; height: 0; border-top: 8px solid #F4F4F4; border-left: 8px solid transparent; transform: translateY(-4px) translateX(8px);\"><\/div>\n<\/div>\n<\/div>\n<div style=\"display: flex; flex-direction: column; flex-grow: 1; justify-content: center; margin-bottom: 24px;\">\n<div style=\"background-color: #f4f4f4; border-radius: 4px; flex-grow: 0; height: 14px; margin-bottom: 6px; width: 224px;\"><\/div>\n<div style=\"background-color: #f4f4f4; border-radius: 4px; flex-grow: 0; height: 14px; width: 144px;\"><\/div>\n<\/div>\n<p>&nbsp;<\/p>\n<p style=\"color: #c9c8cd; font-family: Arial,sans-serif; font-size: 14px; line-height: 17px; margin-bottom: 0; margin-top: 8px; overflow: hidden; padding: 8px 0 7px; text-align: center; text-overflow: ellipsis; white-space: nowrap;\"><a style=\"color: #c9c8cd; font-family: Arial,sans-serif; font-size: 14px; font-style: normal; font-weight: normal; line-height: 17px; text-decoration: none;\" href=\"https:\/\/www.instagram.com\/reel\/C780oQHuwsi\/?utm_source=ig_embed&amp;utm_campaign=loading\" target=\"_blank\" rel=\"noopener\">Una publicaci\u00f3n compartida por Crossprensa Argentina (@crossprensa.argentina)<\/a><\/p>\n<\/div>\n<\/blockquote>\n<p><script async src=\"\/\/www.instagram.com\/embed.js\"><\/script><\/p>\n","protected":false},"excerpt":{"rendered":"<p>Juanfe Garc\u00eda est\u00e1 destac\u00e1ndose en Brasil desde que se sent\u00f3 por primera vez en una&#8230;<\/p>\n","protected":false},"author":2,"featured_media":70753,"comment_status":"closed","ping_status":"closed","sticky":false,"template":"","format":"standard","meta":{"om_disable_all_campaigns":false,"_monsterinsights_skip_tracking":false,"_monsterinsights_sitenote_active":false,"_monsterinsights_sitenote_note":"","_monsterinsights_sitenote_category":0,"_uf_show_specific_survey":0,"_uf_disable_surveys":false,"footnotes":""},"categories":[34],"tags":[],"class_list":["post-70752","post","type-post","status-publish","format-standard","has-post-thumbnail","hentry","category-mx-latinoamericano"],"aioseo_notices":[],"_links":{"self":[{"href":"https:\/\/www.crossprensa.com.ar\/news\/wp-json\/wp\/v2\/posts\/70752","targetHints":{"allow":["GET"]}}],"collection":[{"href":"https:\/\/www.crossprensa.com.ar\/news\/wp-json\/wp\/v2\/posts"}],"about":[{"href":"https:\/\/www.crossprensa.com.ar\/news\/wp-json\/wp\/v2\/types\/post"}],"author":[{"embeddable":true,"href":"https:\/\/www.crossprensa.com.ar\/news\/wp-json\/wp\/v2\/users\/2"}],"replies":[{"embeddable":true,"href":"https:\/\/www.crossprensa.com.ar\/news\/wp-json\/wp\/v2\/comments?post=70752"}],"version-history":[{"count":1,"href":"https:\/\/www.crossprensa.com.ar\/news\/wp-json\/wp\/v2\/posts\/70752\/revisions"}],"predecessor-version":[{"id":70756,"href":"https:\/\/www.crossprensa.com.ar\/news\/wp-json\/wp\/v2\/posts\/70752\/revisions\/70756"}],"wp:featuredmedia":[{"embeddable":true,"href":"https:\/\/www.crossprensa.com.ar\/news\/wp-json\/wp\/v2\/media\/70753"}],"wp:attachment":[{"href":"https:\/\/www.crossprensa.com.ar\/news\/wp-json\/wp\/v2\/media?parent=70752"}],"wp:term":[{"taxonomy":"category","embeddable":true,"href":"https:\/\/www.crossprensa.com.ar\/news\/wp-json\/wp\/v2\/categories?post=70752"},{"taxonomy":"post_tag","embeddable":true,"href":"https:\/\/www.crossprensa.com.ar\/news\/wp-json\/wp\/v2\/tags?post=70752"}],"curies":[{"name":"wp","href":"https:\/\/api.w.org\/{rel}","templated":true}]}}