{"id":70460,"date":"2024-05-23T16:11:07","date_gmt":"2024-05-23T19:11:07","guid":{"rendered":"https:\/\/www.crossprensa.com.ar\/news\/?p=70460"},"modified":"2024-05-23T16:22:36","modified_gmt":"2024-05-23T19:22:36","slug":"las-lesiones-en-el-motocross","status":"publish","type":"post","link":"https:\/\/www.crossprensa.com.ar\/news\/las-lesiones-en-el-motocross\/crossprensa\/","title":{"rendered":"LAS LESIONES EN EL MOTOCROSS."},"content":{"rendered":"<p>Cada vez que escuchamos de una lesi\u00f3n, la principal preocupaci\u00f3n es CUANDO ME SUBO DE NUEVO A LA MOTO? Y ac\u00e1, en esta primera charla con el Dr. Est\u00e9ban Palmucci, nos sacamos varias dudas.<\/p>\n<p>Disfruten del video y una explicaci\u00f3n MUY motocross!<\/p>\n<p><!--more--><\/p>\n<p>Foto de portada: Summy al Sahari.<\/p>\n<p><iframe title=\"Las lesiones del motocross, tratadas por un profesional.\" width=\"640\" height=\"360\" src=\"https:\/\/www.youtube.com\/embed\/Ll0Y-e_kBOc?feature=oembed\" frameborder=\"0\" allow=\"accelerometer; autoplay; clipboard-write; encrypted-media; gyroscope; picture-in-picture; web-share\" referrerpolicy=\"strict-origin-when-cross-origin\" allowfullscreen><\/iframe><\/p>\n","protected":false},"excerpt":{"rendered":"<p>Cada vez que escuchamos de una lesi\u00f3n, la principal preocupaci\u00f3n es CUANDO ME SUBO DE&#8230;<\/p>\n","protected":false},"author":2,"featured_media":70461,"comment_status":"closed","ping_status":"closed","sticky":false,"template":"","format":"standard","meta":{"om_disable_all_campaigns":false,"_monsterinsights_skip_tracking":false,"_monsterinsights_sitenote_active":false,"_monsterinsights_sitenote_note":"","_monsterinsights_sitenote_category":0,"_uf_show_specific_survey":0,"_uf_disable_surveys":false,"footnotes":""},"categories":[37],"tags":[],"class_list":["post-70460","post","type-post","status-publish","format-standard","has-post-thumbnail","hentry","category-crossprensa"],"aioseo_notices":[],"_links":{"self":[{"href":"https:\/\/www.crossprensa.com.ar\/news\/wp-json\/wp\/v2\/posts\/70460","targetHints":{"allow":["GET"]}}],"collection":[{"href":"https:\/\/www.crossprensa.com.ar\/news\/wp-json\/wp\/v2\/posts"}],"about":[{"href":"https:\/\/www.crossprensa.com.ar\/news\/wp-json\/wp\/v2\/types\/post"}],"author":[{"embeddable":true,"href":"https:\/\/www.crossprensa.com.ar\/news\/wp-json\/wp\/v2\/users\/2"}],"replies":[{"embeddable":true,"href":"https:\/\/www.crossprensa.com.ar\/news\/wp-json\/wp\/v2\/comments?post=70460"}],"version-history":[{"count":3,"href":"https:\/\/www.crossprensa.com.ar\/news\/wp-json\/wp\/v2\/posts\/70460\/revisions"}],"predecessor-version":[{"id":70464,"href":"https:\/\/www.crossprensa.com.ar\/news\/wp-json\/wp\/v2\/posts\/70460\/revisions\/70464"}],"wp:featuredmedia":[{"embeddable":true,"href":"https:\/\/www.crossprensa.com.ar\/news\/wp-json\/wp\/v2\/media\/70461"}],"wp:attachment":[{"href":"https:\/\/www.crossprensa.com.ar\/news\/wp-json\/wp\/v2\/media?parent=70460"}],"wp:term":[{"taxonomy":"category","embeddable":true,"href":"https:\/\/www.crossprensa.com.ar\/news\/wp-json\/wp\/v2\/categories?post=70460"},{"taxonomy":"post_tag","embeddable":true,"href":"https:\/\/www.crossprensa.com.ar\/news\/wp-json\/wp\/v2\/tags?post=70460"}],"curies":[{"name":"wp","href":"https:\/\/api.w.org\/{rel}","templated":true}]}}