{"id":70450,"date":"2024-05-23T11:01:02","date_gmt":"2024-05-23T14:01:02","guid":{"rendered":"https:\/\/www.crossprensa.com.ar\/news\/?p=70450"},"modified":"2024-05-23T11:01:02","modified_gmt":"2024-05-23T14:01:02","slug":"roczen-confirmado-para-el-pro-motocross","status":"publish","type":"post","link":"https:\/\/www.crossprensa.com.ar\/news\/roczen-confirmado-para-el-pro-motocross\/ama-motocross\/","title":{"rendered":"ROCZEN CONFIRMADO PARA EL PRO MOTOCROSS!"},"content":{"rendered":"<p>El piloto alem\u00e1n del HEP Suzuki Ken Roczen s\u00f3lo participar\u00e1 en carreras seleccionadas del US Outdoors a partir del pr\u00f3ximo s\u00e1bado en California. La atenci\u00f3n de Roczen est\u00e1 en los playoffs de SMX en el oto\u00f1o norteamericano.<\/p>\n<p><!--more--><\/p>\n<p>Apenas dos semanas despu\u00e9s de la final del Campeonato de Supercross de Estados Unidos, los Nacionales de Estados Unidos comienzan el pr\u00f3ximo s\u00e1bado en Fox Raceway en Pala (California). Despu\u00e9s de que el Campeonato de Supercross de EE. UU. perdiera su estatus como Campeonato Mundial FIM, el a\u00f1o pasado se celebr\u00f3 por primera vez el Campeonato Mundial de Supercross SMX, un campeonato combinado de Supercross y Motocross, cuyas rondas finales se celebran como playoffs en el oto\u00f1o.<\/p>\n<p><img fetchpriority=\"high\" decoding=\"async\" class=\"alignnone size-full wp-image-70452\" src=\"https:\/\/www.crossprensa.com.ar\/news\/wp-content\/uploads\/2024\/05\/krmx2.jpg\" alt=\"\" width=\"1567\" height=\"1045\" srcset=\"https:\/\/www.crossprensa.com.ar\/news\/wp-content\/uploads\/2024\/05\/krmx2.jpg 1567w, https:\/\/www.crossprensa.com.ar\/news\/wp-content\/uploads\/2024\/05\/krmx2-300x200.jpg 300w, https:\/\/www.crossprensa.com.ar\/news\/wp-content\/uploads\/2024\/05\/krmx2-600x400.jpg 600w, https:\/\/www.crossprensa.com.ar\/news\/wp-content\/uploads\/2024\/05\/krmx2-768x512.jpg 768w, https:\/\/www.crossprensa.com.ar\/news\/wp-content\/uploads\/2024\/05\/krmx2-1536x1024.jpg 1536w, https:\/\/www.crossprensa.com.ar\/news\/wp-content\/uploads\/2024\/05\/krmx2-750x500.jpg 750w, https:\/\/www.crossprensa.com.ar\/news\/wp-content\/uploads\/2024\/05\/krmx2-1140x760.jpg 1140w\" sizes=\"(max-width: 1567px) 100vw, 1567px\" \/><\/p>\n<p>El calendario de Motocross de los Nacionales de EE. UU. tiene 11 carreras este a\u00f1o y finaliza el 24 de agosto en Crawfordsville.<\/p>\n<p>Desde el a\u00f1o pasado, el piloto alem\u00e1n de HEP \u200b\u200bSuzuki se centra principalmente en Supercross. Tan pronto como su salud lo permita, el equipo planea llevar al alem\u00e1n a participar en pruebas selectas de motocross.<\/p>\n<p>Los playoffs de SMX son definitivamente seguros para Roczen. A\u00fan es cuestionable qu\u00e9 ser\u00e1 del Campeonato Mundial de Supercross WSX. Lo \u00fanico que est\u00e1 claro de momento es que todav\u00eda no hay calendario para este a\u00f1o. (NdR: Sigan leyendo a Crossprensa, que habr\u00e1 novedades FUERTES).<\/p>\n<p>&#8220;Ken Roczen est\u00e1 all\u00ed para el campeonato de SMX&#8221;, explic\u00f3 Dustin Pipes, jefe del equipo HEP Suzuki Motorsport. Shane McElrath y Kyle Chisholm competir\u00e1n toda la temporada al aire libre para HEP Suzuki.<\/p>\n","protected":false},"excerpt":{"rendered":"<p>El piloto alem\u00e1n del HEP Suzuki Ken Roczen s\u00f3lo participar\u00e1 en carreras seleccionadas del US&#8230;<\/p>\n","protected":false},"author":2,"featured_media":0,"comment_status":"closed","ping_status":"closed","sticky":false,"template":"","format":"standard","meta":{"om_disable_all_campaigns":false,"_monsterinsights_skip_tracking":false,"_monsterinsights_sitenote_active":false,"_monsterinsights_sitenote_note":"","_monsterinsights_sitenote_category":0,"_uf_show_specific_survey":0,"_uf_disable_surveys":false,"footnotes":""},"categories":[25],"tags":[],"class_list":["post-70450","post","type-post","status-publish","format-standard","hentry","category-ama-motocross"],"aioseo_notices":[],"_links":{"self":[{"href":"https:\/\/www.crossprensa.com.ar\/news\/wp-json\/wp\/v2\/posts\/70450","targetHints":{"allow":["GET"]}}],"collection":[{"href":"https:\/\/www.crossprensa.com.ar\/news\/wp-json\/wp\/v2\/posts"}],"about":[{"href":"https:\/\/www.crossprensa.com.ar\/news\/wp-json\/wp\/v2\/types\/post"}],"author":[{"embeddable":true,"href":"https:\/\/www.crossprensa.com.ar\/news\/wp-json\/wp\/v2\/users\/2"}],"replies":[{"embeddable":true,"href":"https:\/\/www.crossprensa.com.ar\/news\/wp-json\/wp\/v2\/comments?post=70450"}],"version-history":[{"count":1,"href":"https:\/\/www.crossprensa.com.ar\/news\/wp-json\/wp\/v2\/posts\/70450\/revisions"}],"predecessor-version":[{"id":70453,"href":"https:\/\/www.crossprensa.com.ar\/news\/wp-json\/wp\/v2\/posts\/70450\/revisions\/70453"}],"wp:attachment":[{"href":"https:\/\/www.crossprensa.com.ar\/news\/wp-json\/wp\/v2\/media?parent=70450"}],"wp:term":[{"taxonomy":"category","embeddable":true,"href":"https:\/\/www.crossprensa.com.ar\/news\/wp-json\/wp\/v2\/categories?post=70450"},{"taxonomy":"post_tag","embeddable":true,"href":"https:\/\/www.crossprensa.com.ar\/news\/wp-json\/wp\/v2\/tags?post=70450"}],"curies":[{"name":"wp","href":"https:\/\/api.w.org\/{rel}","templated":true}]}}