{"id":69905,"date":"2024-04-24T15:34:54","date_gmt":"2024-04-24T18:34:54","guid":{"rendered":"https:\/\/www.crossprensa.com.ar\/news\/?p=69905"},"modified":"2024-04-24T15:39:31","modified_gmt":"2024-04-24T18:39:31","slug":"volveremos-a-ver-esta-imagen-confirmado-bonacorsi-en-mxgp-hay-una-importantisima-pista-en-la-nota","status":"publish","type":"post","link":"https:\/\/www.crossprensa.com.ar\/news\/volveremos-a-ver-esta-imagen-confirmado-bonacorsi-en-mxgp-hay-una-importantisima-pista-en-la-nota\/mxgp\/","title":{"rendered":"Volveremos a ver esta im\u00e1gen? Confirmado Bonacorsi en MXGP! Hay una important\u00edsima pista en la nota."},"content":{"rendered":"<p>Yamaha movi\u00f3 fichas inteligentemente para no perder terreno deportivo ni de marketing respecto de sus rivales europeos. Hace ya un par de meses que viene dando vueltas como les adelantamos, el nombre de Eli Tomac corriendo en MXGP. Pero adem\u00e1s se confirm\u00f3 al italiano Andrea Bonacorsi! Y&#8230; mas sorpresas!!!<\/p>\n<p><!--more--><\/p>\n<p>Cuantas veces mas veremos esta im\u00e1gen?<br \/>\nSuena cada vez mas fuerte el nombre de <span class=\"x7l2uk3 xt0e3qv\">@elitomac<\/span> en MXGP&#8230; Se confirm\u00f3 que Bonacorsi ser\u00e1 tambi\u00e9n piloto oficial de Yamaha desde el Gran Premio de Portugal. Bonacorsi estuvo en la categor\u00eda MX2 en las primeras cuatro carreras de este campeonato y logr\u00f3 lograr su mejor resultado en Trentino con un tercer lugar en la segunda moto y un sexto lugar en la clasificaci\u00f3n diaria.<\/p>\n<p><a href=\"https:\/\/www.instagram.com\/globalparts.ar\/\"><img fetchpriority=\"high\" decoding=\"async\" class=\"alignnone wp-image-69554 size-full\" src=\"https:\/\/www.crossprensa.com.ar\/news\/wp-content\/uploads\/2024\/03\/1200x100-Global-Parts-scaled.jpg\" alt=\"\" width=\"2560\" height=\"214\" \/><\/a><\/p>\n<p>Debido a las numerosas lesiones dentro del equipo Yamaha MXGP, s\u00f3lo queda Calvin Vlaanderen. La postura de Bonacorsi es ideal para la m\u00e1quina 450. Ya lo demostr\u00f3 durante el MX de las Naciones el a\u00f1o pasado y por eso Yamaha lo ha elegido para correr en la categor\u00eda MXGP. A partir del Gran Premio de Portugal veremos a Bonacorsi en la categor\u00eda MXGP!<\/p>\n<p><img decoding=\"async\" class=\"size-full wp-image-69909 aligncenter\" src=\"https:\/\/www.crossprensa.com.ar\/news\/wp-content\/uploads\/2024\/04\/GLyFASLakAAvkWC.jpeg\" alt=\"\" width=\"680\" height=\"454\" srcset=\"https:\/\/www.crossprensa.com.ar\/news\/wp-content\/uploads\/2024\/04\/GLyFASLakAAvkWC.jpeg 680w, https:\/\/www.crossprensa.com.ar\/news\/wp-content\/uploads\/2024\/04\/GLyFASLakAAvkWC-300x200.jpeg 300w, https:\/\/www.crossprensa.com.ar\/news\/wp-content\/uploads\/2024\/04\/GLyFASLakAAvkWC-599x400.jpeg 599w\" sizes=\"(max-width: 680px) 100vw, 680px\" \/><\/p>\n<p>Y en USA&#8230; <strong>todav\u00eda no se dijo nada<\/strong>, pero si suena el nombre de un campe\u00f3n del Mundo de MXGP en Yamaha, no se asombren! RECUERDEN NADA MAS donde lo vieron primero si la oferta se acepta.<\/p>\n","protected":false},"excerpt":{"rendered":"<p>Yamaha movi\u00f3 fichas inteligentemente para no perder terreno deportivo ni de marketing respecto de sus&#8230;<\/p>\n","protected":false},"author":2,"featured_media":69906,"comment_status":"closed","ping_status":"closed","sticky":false,"template":"","format":"standard","meta":{"om_disable_all_campaigns":false,"_monsterinsights_skip_tracking":false,"_monsterinsights_sitenote_active":false,"_monsterinsights_sitenote_note":"","_monsterinsights_sitenote_category":0,"_uf_show_specific_survey":0,"_uf_disable_surveys":false,"footnotes":""},"categories":[30,24],"tags":[],"class_list":["post-69905","post","type-post","status-publish","format-standard","has-post-thumbnail","hentry","category-ama-supercross","category-mxgp"],"aioseo_notices":[],"_links":{"self":[{"href":"https:\/\/www.crossprensa.com.ar\/news\/wp-json\/wp\/v2\/posts\/69905","targetHints":{"allow":["GET"]}}],"collection":[{"href":"https:\/\/www.crossprensa.com.ar\/news\/wp-json\/wp\/v2\/posts"}],"about":[{"href":"https:\/\/www.crossprensa.com.ar\/news\/wp-json\/wp\/v2\/types\/post"}],"author":[{"embeddable":true,"href":"https:\/\/www.crossprensa.com.ar\/news\/wp-json\/wp\/v2\/users\/2"}],"replies":[{"embeddable":true,"href":"https:\/\/www.crossprensa.com.ar\/news\/wp-json\/wp\/v2\/comments?post=69905"}],"version-history":[{"count":3,"href":"https:\/\/www.crossprensa.com.ar\/news\/wp-json\/wp\/v2\/posts\/69905\/revisions"}],"predecessor-version":[{"id":69910,"href":"https:\/\/www.crossprensa.com.ar\/news\/wp-json\/wp\/v2\/posts\/69905\/revisions\/69910"}],"wp:featuredmedia":[{"embeddable":true,"href":"https:\/\/www.crossprensa.com.ar\/news\/wp-json\/wp\/v2\/media\/69906"}],"wp:attachment":[{"href":"https:\/\/www.crossprensa.com.ar\/news\/wp-json\/wp\/v2\/media?parent=69905"}],"wp:term":[{"taxonomy":"category","embeddable":true,"href":"https:\/\/www.crossprensa.com.ar\/news\/wp-json\/wp\/v2\/categories?post=69905"},{"taxonomy":"post_tag","embeddable":true,"href":"https:\/\/www.crossprensa.com.ar\/news\/wp-json\/wp\/v2\/tags?post=69905"}],"curies":[{"name":"wp","href":"https:\/\/api.w.org\/{rel}","templated":true}]}}